{"id":18346,"date":"2018-01-14T14:41:37","date_gmt":"2018-01-14T17:41:37","guid":{"rendered":"https:\/\/pcb.org.br\/portal2\/?p=18346"},"modified":"2018-01-15T16:35:53","modified_gmt":"2018-01-15T19:35:53","slug":"ensino-superior-privado-demissao-em-massa-no-rs","status":"publish","type":"post","link":"https:\/\/pcb.org.br\/portal2\/18346","title":{"rendered":"Ensino Superior privado: demiss\u00e3o em massa no RS"},"content":{"rendered":"<p><img decoding=\"async\" class=\"imagem\" title=\"imagem\" src=\"https:\/\/i0.wp.com\/unidadeclassista.org.br\/uc1\/wp-content\/uploads\/2018\/01\/UniRitter-768x576.jpg\" alt=\"imagem\" \/><!--more--><a href=\"http:\/\/unidadeclassista.org.br\/uc1\/3222\" target=\"_blank\" rel=\"noopener\">Coordena\u00e7\u00e3o Nacional da Unidade Classista<\/a><\/p>\n<p>Seguindo a mesma onda das empresas educacionais privadas do pa\u00eds, benefici\u00e1rias diretas da reforma trabalhista que ataca direitos dos trabalhadores e trabalhadoras\u00b9, as universidades privadas UniRitter, Fadergs e a URI de Frederico Westphalen (FW), todas situadas no Rio Grande do Sul (RS), est\u00e3o demitindo professores em massa desde o final de 2017.<\/p>\n<p>A URI anunciou no in\u00edcio do ano a demiss\u00e3o de, pelo menos, 45 professores somente do campus de FW, no norte ga\u00facho. A Fadergs demitiu 30 professores, de um total de 132 docentes da institui\u00e7\u00e3o. J\u00e1 a UniRitter demitiu aproximadamente 150 professores em dezembro passado\u00b2. Recordando que em julho do ano passado, a PUC-RS tamb\u00e9m demitiu aproximadamente 100 professores dos seus quadros.<\/p>\n<p>Sob os argumentos de \u201creinventar-se\u201d, \u201cmodernizar\u201d e \u201catualizar\u201d as Reitorias das institui\u00e7\u00f5es utilizaram-se das \u201cfacilidades\u201d que a reforma trabalhista permite para demiss\u00f5es e ir\u00e3o contratar novos docentes com condi\u00e7\u00f5es ainda mais prec\u00e1rias para substituir os demitidos. Tudo isso para ampliar a lucratividade das empresas educacionais, que s\u00e3o as maiores beneficiadas dos programas de transfer\u00eancia de recursos p\u00fablicos para o setor privado, como o FIES, Prouni e Pronatec.<\/p>\n<p>O caso da UniRitter \u00e9 ainda mais expressivo quando analisado sob a l\u00f3gica da educa\u00e7\u00e3o-mercadoria. Ela \u00e9 ligada \u00e0 Laureate International Universities, uma rede global de institui\u00e7\u00f5es privadas de ensino com sede em Mayland-EUA, que possui 76 institui\u00e7\u00f5es pelo mundo em 29 pa\u00edses, sendo 12 institui\u00e7\u00f5es apenas no Brasil. Al\u00e9m da UniRitter e da Fadergs, tamb\u00e9m fazem parte do grupo as Faculdades Metropolitanas Unidas (FMU) e a Universidade Anhembi Morumbi (UAM). Todas estas demitiram diversos professores e professoras ao longo do ano passado, ap\u00f3s a aprova\u00e7\u00e3o da reforma trabalhista. E, ao mesmo tempo em que demitiu em massa, a UniRitter inaugurou seu novo \u201ccampus\u201d para 4 mil alunos no Shopping Center Iguatemi Business, que integra o complexo comercial localizado em um bairro nobre de Porto Alegre\u00b3. Ou seja, economiza com a retirada de direitos\u00a0 trabalhistas e investe no produto que vende, com qualidade ainda pior.<\/p>\n<p>Al\u00e9m da contrata\u00e7\u00e3o de professores de forma prec\u00e1ria, as empresas educacionais adotar\u00e3o medidas que trar\u00e3o mais preju\u00edzos para a qualidade da forma\u00e7\u00e3o dos estudantes, tais como: agrupamento de disciplinas, aumento de disciplinas de Ensino \u00e0 Dist\u00e2ncia (EaD) e maior concentra\u00e7\u00e3o de estudantes em sala de aula, ou seja, produzir\u00a0 a mercadoria for\u00e7a de trabalho com menor custo e tempo poss\u00edvel.<\/p>\n<p>O Sinpro-RS e as organiza\u00e7\u00f5es estudantis tem se mobilizado para reverter as demiss\u00f5es e as mudan\u00e7as curriculares nas institui\u00e7\u00f5es. No caso da UniRitter, a Justi\u00e7a do Trabalho havia deferido liminar que suspendia as demiss\u00f5es, por\u00e9m o Presidente do TST, Ives Gandra Martins Filho, revogou a liminar e manteve, assim, as demiss\u00f5es.<\/p>\n<ol>\n<li>Conferir <a href=\"http:\/\/unidadeclassista.org.br\/uc1\/3176\" target=\"_blank\" rel=\"noopener\" data-saferedirecturl=\"https:\/\/www.google.com\/url?hl=pt-BR&amp;q=http:\/\/unidadeclassista.org.br\/uc1\/3176&amp;source=gmail&amp;ust=1516035299842000&amp;usg=AFQjCNGr-KF_vjBNJSukQB-Cv4E1DQuFQw\">http:\/\/unidadeclassista.org.<wbr \/>br\/uc1\/3176<\/a><\/li>\n<li>Conferir <a href=\"http:\/\/www.extraclasse.org.br\/exclusivoweb\/2017\/12\/uniritterlaureate-demite-professores-em-massa\/\" target=\"_blank\" rel=\"noopener\" data-saferedirecturl=\"https:\/\/www.google.com\/url?hl=pt-BR&amp;q=http:\/\/www.extraclasse.org.br\/exclusivoweb\/2017\/12\/uniritterlaureate-demite-professores-em-massa\/&amp;source=gmail&amp;ust=1516035299842000&amp;usg=AFQjCNEKI1ZIVJhq-nnvqM90frjkDQYt4w\">http:\/\/www.extraclasse.org.br\/<wbr \/>exclusivoweb\/2017\/12\/<wbr \/>uniritterlaureate-demite-<wbr \/>professores-em-massa\/<\/a><\/li>\n<li>Conferir <a href=\"http:\/\/www.extraclasse.org.br\/exclusivoweb\/2018\/01\/campus-do-uniritter-em-shopping-reforca-opcao-mercantil-da-laureate\/\" target=\"_blank\" rel=\"noopener\" data-saferedirecturl=\"https:\/\/www.google.com\/url?hl=pt-BR&amp;q=http:\/\/www.extraclasse.org.br\/exclusivoweb\/2018\/01\/campus-do-uniritter-em-shopping-reforca-opcao-mercantil-da-laureate\/&amp;source=gmail&amp;ust=1516035299842000&amp;usg=AFQjCNGK8oG76io3KVkYHDPOAEwB9mJpwA\">http:\/\/www.extraclasse.org.br\/<wbr \/>exclusivoweb\/2018\/01\/campus-<wbr \/>do-uniritter-em-shopping-<wbr \/>reforca-opcao-mercantil-da-<wbr \/>laureate\/<\/a><\/li>\n<\/ol>\n<blockquote class=\"wp-embedded-content\" data-secret=\"aBsHMntVae\"><p><a href=\"http:\/\/unidadeclassista.org.br\/uc1\/3222\">Universidades privadas demitem professores em massa no RS<\/a><\/p><\/blockquote>\n<p><iframe loading=\"lazy\" class=\"wp-embedded-content\" sandbox=\"allow-scripts\" security=\"restricted\" style=\"position: absolute; clip: rect(1px, 1px, 1px, 1px);\" src=\"http:\/\/unidadeclassista.org.br\/uc1\/3222\/embed#?secret=aBsHMntVae\" data-secret=\"aBsHMntVae\" width=\"600\" height=\"338\" title=\"&#8220;Universidades privadas demitem professores em massa no RS&#8221; &#8212; Unidade Classista\" frameborder=\"0\" marginwidth=\"0\" marginheight=\"0\" scrolling=\"no\"><\/iframe><\/p>\n","protected":false},"excerpt":{"rendered":"<a class=\"moretag\" href=\"https:\/\/pcb.org.br\/portal2\/18346\"> <\/a>","protected":false},"author":1,"featured_media":0,"comment_status":"closed","ping_status":"closed","sticky":false,"template":"","format":"standard","meta":{"jetpack_post_was_ever_published":false,"_jetpack_newsletter_access":"","_jetpack_dont_email_post_to_subs":false,"_jetpack_newsletter_tier_id":0,"_jetpack_memberships_contains_paywalled_content":false,"_jetpack_memberships_contains_paid_content":false,"footnotes":"","jetpack_publicize_message":"","jetpack_publicize_feature_enabled":true,"jetpack_social_post_already_shared":true,"jetpack_social_options":{"image_generator_settings":{"template":"highway","default_image_id":0,"font":"","enabled":false},"version":2}},"categories":[60,31],"tags":[228],"class_list":["post-18346","post","type-post","status-publish","format-standard","hentry","category-c71-educacao","category-c31-unidade-classista","tag-5b"],"jetpack_publicize_connections":[],"jetpack_featured_media_url":"","jetpack_shortlink":"https:\/\/wp.me\/p659gw-4LU","jetpack-related-posts":[],"jetpack_likes_enabled":true,"jetpack_sharing_enabled":true,"_links":{"self":[{"href":"https:\/\/pcb.org.br\/portal2\/wp-json\/wp\/v2\/posts\/18346","targetHints":{"allow":["GET"]}}],"collection":[{"href":"https:\/\/pcb.org.br\/portal2\/wp-json\/wp\/v2\/posts"}],"about":[{"href":"https:\/\/pcb.org.br\/portal2\/wp-json\/wp\/v2\/types\/post"}],"author":[{"embeddable":true,"href":"https:\/\/pcb.org.br\/portal2\/wp-json\/wp\/v2\/users\/1"}],"replies":[{"embeddable":true,"href":"https:\/\/pcb.org.br\/portal2\/wp-json\/wp\/v2\/comments?post=18346"}],"version-history":[{"count":0,"href":"https:\/\/pcb.org.br\/portal2\/wp-json\/wp\/v2\/posts\/18346\/revisions"}],"wp:attachment":[{"href":"https:\/\/pcb.org.br\/portal2\/wp-json\/wp\/v2\/media?parent=18346"}],"wp:term":[{"taxonomy":"category","embeddable":true,"href":"https:\/\/pcb.org.br\/portal2\/wp-json\/wp\/v2\/categories?post=18346"},{"taxonomy":"post_tag","embeddable":true,"href":"https:\/\/pcb.org.br\/portal2\/wp-json\/wp\/v2\/tags?post=18346"}],"curies":[{"name":"wp","href":"https:\/\/api.w.org\/{rel}","templated":true}]}}