{"id":18369,"date":"2018-01-16T12:53:11","date_gmt":"2018-01-16T15:53:11","guid":{"rendered":"https:\/\/pcb.org.br\/portal2\/?p=18369"},"modified":"2018-01-16T07:57:17","modified_gmt":"2018-01-16T10:57:17","slug":"enchentes-em-santa-catarina-cronica-de-uma-tragedia-anunciada","status":"publish","type":"post","link":"https:\/\/pcb.org.br\/portal2\/18369","title":{"rendered":"Enchentes em Santa Catarina: cr\u00f4nica de uma trag\u00e9dia anunciada"},"content":{"rendered":"<p><img data-recalc-dims=\"1\" decoding=\"async\" class=\"imagem\" title=\"Enchentes em Santa Catarina: cr\u00f4nica de uma trag\u00e9dia anunciada\" src=\"https:\/\/i0.wp.com\/pagina3.com.br\/imagens\/materia\/txtmateria\/geral20134112.jpg?w=747&#038;ssl=1\" alt=\"Enchentes em Santa Catarina: cr\u00f4nica de uma trag\u00e9dia anunciada\" \/><!--more-->Ap\u00f3s intensas chuvas nesta \u00faltima semana, principalmente na regi\u00e3o da Grande Florian\u00f3polis e no litoral do Estado, ocorreram diversos desastres que afetaram duramente a vida dos trabalhadores catarinenses. Alagamentos, enchentes e deslizamentos de terra j\u00e1 afetaram at\u00e9 o momento mais de 3 mil pessoas, chegando a mais de mil desalojadas somente na capital, de acordo com informa\u00e7\u00f5es da Defesa Civil.<\/p>\n<p>Infelizmente, esse tipo de situa\u00e7\u00e3o n\u00e3o \u00e9 novidade para a popula\u00e7\u00e3o. As trag\u00e9dias ocorridas em 1974, 1982-1983, 1995, 2008 e em 2011, ainda est\u00e3o vivas na mem\u00f3ria da maioria dos habitantes. Por\u00e9m, esses fatos marcantes n\u00e3o s\u00e3o apenas resultado de desastres naturais, e est\u00e3o relacionados \u00e0 forma como s\u00e3o organizados e planejados os munic\u00edpios.\u00a0 O crescimento populacional desordenado, aliado a um planejamento urbano que n\u00e3o busca atender as necessidades reais dos trabalhadores, transforma as cidades em um ambiente repleto de contradi\u00e7\u00f5es e desigualdades.<\/p>\n<p>A responsabilidade destes acontecimentos \u2013 principalmente em Florian\u00f3polis, importante polo tur\u00edstico estadual \u2013 \u00e9 das grandes empresas do ramo imobili\u00e1rio, da constru\u00e7\u00e3o civil e do turismo, empenhados no seu modelo de \u201cdesenvolvimento\u201d capitalista que, na crise atual, imp\u00f5em mais do que nunca uma urbaniza\u00e7\u00e3o prec\u00e1ria que intensifica o efeito destrutivo dos eventos clim\u00e1ticos. Tais trag\u00e9dias tem ainda rela\u00e7\u00e3o com o aquecimento global, que est\u00e1 tornando o clima mais inst\u00e1vel no mundo e que encontra causa direta na polui\u00e7\u00e3o brutal trazida por um modo de produ\u00e7\u00e3o que estimula o consumismo desenfreado, o esgotamento dos recursos naturais e a degrada\u00e7\u00e3o do meio ambiente. N\u00e3o h\u00e1, portanto, solu\u00e7\u00e3o ao problema ambiental dentro do modo de produ\u00e7\u00e3o capitalista.<\/p>\n<p>Tamb\u00e9m n\u00e3o podemos nos esquecer dos governantes empenhados no desmonte do Estado, no seu papel \u00fanico de executor de obras e pol\u00edticas p\u00fablicas de preven\u00e7\u00e3o aos desastres naturais.\u00a0 O atual governador Raimundo Colombo (PSD) e o prefeito de Florian\u00f3polis Gean Loureiro (MDB), seguindo a l\u00f3gica da precariza\u00e7\u00e3o dos servi\u00e7os p\u00fablicos, pouco fizeram para evitar que o pior acontecesse.<\/p>\n<p>Vidas de trabalhadores s\u00e3o perdidas, e a resposta do poder p\u00fablico tem sido ano a ano de favorecer cada vez mais a especula\u00e7\u00e3o imobili\u00e1ria, que empurra o povo trabalhador para regi\u00f5es de maior risco, como encostas ou \u00e1reas alagadi\u00e7as. Isso, somado \u00e0 falta de saneamento b\u00e1sico,\u00a0de uma pol\u00edtica efetiva de moradia,\u00a0\u00e0 precariedade dos sistemas urbanos de drenagem e a n\u00e3o preocupa\u00e7\u00e3o com a preserva\u00e7\u00e3o do meio ambiente tem trazido essas recorrentes trag\u00e9dias.<\/p>\n<p>O PCB se solidariza com as v\u00edtimas dessa trag\u00e9dia anunciada e afirma que a \u00fanica sa\u00edda \u00e9 a constru\u00e7\u00e3o de uma sociedade que privilegie o ser humano e sua rela\u00e7\u00e3o harmoniosa com o meio ambiente, e n\u00e3o a busca pelo lucro. Devemos construir uma alternativa socialista, que unifique as for\u00e7as populares e supere coletivamente os problemas cotidianos que enfrentamos ano ap\u00f3s ano.<\/p>\n<p><b>Pelo poder popular! Rumo ao socialismo!<\/b><\/p>\n<p><a href=\"https:\/\/pcbsc.wordpress.com\/2018\/01\/12\/enchentes-em-santa-catarina-cronica-de-uma-tragedia-anunciada\/\" target=\"_blank\" rel=\"noopener\"><b>Comit\u00ea Regional de Santa Catarina<\/b><\/a><br \/>\n<b>Partido Comunista Brasileiro \u2013 PCB<\/b><\/p>\n<p>https:\/\/pcbsc.wordpress.com\/20<wbr \/>18\/01\/12\/enchentes-em-santa-ca<wbr \/>tarina-cronica-de-uma-tragedia<wbr \/>-anunciada\/<\/p>\n","protected":false},"excerpt":{"rendered":"<a class=\"moretag\" href=\"https:\/\/pcb.org.br\/portal2\/18369\"> <\/a>","protected":false},"author":1,"featured_media":0,"comment_status":"closed","ping_status":"closed","sticky":false,"template":"","format":"standard","meta":{"jetpack_post_was_ever_published":false,"_jetpack_newsletter_access":"","_jetpack_dont_email_post_to_subs":false,"_jetpack_newsletter_tier_id":0,"_jetpack_memberships_contains_paywalled_content":false,"_jetpack_memberships_contains_paid_content":false,"footnotes":"","jetpack_publicize_message":"","jetpack_publicize_feature_enabled":true,"jetpack_social_post_already_shared":true,"jetpack_social_options":{"image_generator_settings":{"template":"highway","default_image_id":0,"font":"","enabled":false},"version":2}},"categories":[26],"tags":[227],"class_list":["post-18369","post","type-post","status-publish","format-standard","hentry","category-c25-notas-politicas-do-pcb","tag-5a"],"jetpack_publicize_connections":[],"jetpack_featured_media_url":"","jetpack_shortlink":"https:\/\/wp.me\/p659gw-4Mh","jetpack-related-posts":[],"jetpack_likes_enabled":true,"jetpack_sharing_enabled":true,"_links":{"self":[{"href":"https:\/\/pcb.org.br\/portal2\/wp-json\/wp\/v2\/posts\/18369","targetHints":{"allow":["GET"]}}],"collection":[{"href":"https:\/\/pcb.org.br\/portal2\/wp-json\/wp\/v2\/posts"}],"about":[{"href":"https:\/\/pcb.org.br\/portal2\/wp-json\/wp\/v2\/types\/post"}],"author":[{"embeddable":true,"href":"https:\/\/pcb.org.br\/portal2\/wp-json\/wp\/v2\/users\/1"}],"replies":[{"embeddable":true,"href":"https:\/\/pcb.org.br\/portal2\/wp-json\/wp\/v2\/comments?post=18369"}],"version-history":[{"count":0,"href":"https:\/\/pcb.org.br\/portal2\/wp-json\/wp\/v2\/posts\/18369\/revisions"}],"wp:attachment":[{"href":"https:\/\/pcb.org.br\/portal2\/wp-json\/wp\/v2\/media?parent=18369"}],"wp:term":[{"taxonomy":"category","embeddable":true,"href":"https:\/\/pcb.org.br\/portal2\/wp-json\/wp\/v2\/categories?post=18369"},{"taxonomy":"post_tag","embeddable":true,"href":"https:\/\/pcb.org.br\/portal2\/wp-json\/wp\/v2\/tags?post=18369"}],"curies":[{"name":"wp","href":"https:\/\/api.w.org\/{rel}","templated":true}]}}