{"id":1838,"date":"2011-09-06T00:34:49","date_gmt":"2011-09-06T00:34:49","guid":{"rendered":"http:\/\/pcb.org.br\/portal2\/?p=1838"},"modified":"2011-09-06T00:34:49","modified_gmt":"2011-09-06T00:34:49","slug":"viva-o-1o-seminario-nacional-de-universidade-popular","status":"publish","type":"post","link":"https:\/\/pcb.org.br\/portal2\/1838","title":{"rendered":"Viva o 1\u00ba Semin\u00e1rio Nacional de Universidade Popular"},"content":{"rendered":"\n<p>O 1 \u00ba Semin\u00e1rio Nacional de Universidade Popular que ocorreu nos dias 2, 3, e 4 de setembro contou com a presen\u00e7a de mais de 500 pessoas, estudantes comprometidos em criar um projeto popular de Universidade, que rompa com a produ\u00e7\u00e3o de conhecimento sob o julgo do mercado. A UJC do Paran\u00e1 se fez presente e participante, percebemos que o comprometimento e o consenso, al\u00e9m do respeito e bom di\u00e1logo entre as diversas for\u00e7as presente, resultaram num excelente andamento do semin\u00e1rio, apontando os passos iniciais para travar a luta por uma Universidade Popular.<\/p>\n<p>Sauda\u00e7\u00f5es aos camaradas que se dedicaram a organizar o Semin\u00e1rio, e a todos os camaradas que participaram, lutando ao lado dos oprimidos, rumo ao socialismo!<\/p>\n","protected":false},"excerpt":{"rendered":"\n\n\nCr\u00e9dito: Foto: Plen\u00e1ria final no dia 04, democr\u00e1tica e consensual\n\n\n\n\n\n\n\n\nUJC\/Paran\u00e1\n<a class=\"moretag\" href=\"https:\/\/pcb.org.br\/portal2\/1838\"> <\/a>","protected":false},"author":1,"featured_media":0,"comment_status":"open","ping_status":"open","sticky":false,"template":"","format":"standard","meta":{"jetpack_post_was_ever_published":false,"_jetpack_newsletter_access":"","_jetpack_dont_email_post_to_subs":false,"_jetpack_newsletter_tier_id":0,"_jetpack_memberships_contains_paywalled_content":false,"_jetpack_memberships_contains_paid_content":false,"footnotes":"","jetpack_publicize_message":"","jetpack_publicize_feature_enabled":true,"jetpack_social_post_already_shared":false,"jetpack_social_options":{"image_generator_settings":{"template":"highway","default_image_id":0,"font":"","enabled":false},"version":2}},"categories":[27],"tags":[],"class_list":["post-1838","post","type-post","status-publish","format-standard","hentry","category-c27-ujc"],"jetpack_publicize_connections":[],"jetpack_featured_media_url":"","jetpack_shortlink":"https:\/\/wp.me\/p659gw-tE","jetpack-related-posts":[],"jetpack_likes_enabled":true,"jetpack_sharing_enabled":true,"_links":{"self":[{"href":"https:\/\/pcb.org.br\/portal2\/wp-json\/wp\/v2\/posts\/1838","targetHints":{"allow":["GET"]}}],"collection":[{"href":"https:\/\/pcb.org.br\/portal2\/wp-json\/wp\/v2\/posts"}],"about":[{"href":"https:\/\/pcb.org.br\/portal2\/wp-json\/wp\/v2\/types\/post"}],"author":[{"embeddable":true,"href":"https:\/\/pcb.org.br\/portal2\/wp-json\/wp\/v2\/users\/1"}],"replies":[{"embeddable":true,"href":"https:\/\/pcb.org.br\/portal2\/wp-json\/wp\/v2\/comments?post=1838"}],"version-history":[{"count":0,"href":"https:\/\/pcb.org.br\/portal2\/wp-json\/wp\/v2\/posts\/1838\/revisions"}],"wp:attachment":[{"href":"https:\/\/pcb.org.br\/portal2\/wp-json\/wp\/v2\/media?parent=1838"}],"wp:term":[{"taxonomy":"category","embeddable":true,"href":"https:\/\/pcb.org.br\/portal2\/wp-json\/wp\/v2\/categories?post=1838"},{"taxonomy":"post_tag","embeddable":true,"href":"https:\/\/pcb.org.br\/portal2\/wp-json\/wp\/v2\/tags?post=1838"}],"curies":[{"name":"wp","href":"https:\/\/api.w.org\/{rel}","templated":true}]}}