{"id":18428,"date":"2018-01-19T19:39:19","date_gmt":"2018-01-19T22:39:19","guid":{"rendered":"https:\/\/pcb.org.br\/portal2\/?p=18428"},"modified":"2018-01-19T19:43:49","modified_gmt":"2018-01-19T22:43:49","slug":"temer-entrega-o-jogo-e-agua","status":"publish","type":"post","link":"https:\/\/pcb.org.br\/portal2\/18428","title":{"rendered":"Temer entrega o jogo&#8230; e a \u00e1gua"},"content":{"rendered":"<p><img decoding=\"async\" class=\"imagem\" title=\"Temer entrega o jogo... e a \u00e1gua\" src=\"https:\/\/i0.wp.com\/www.revistaforum.com.br\/blogdorovai\/wp-content\/uploads\/2016\/04\/michel-temer.jpg\" alt=\"Temer entrega o jogo... e a \u00e1gua\" \/><!--more--><a href=\"https:\/\/www.pravda.ru\/\" target=\"_blank\" rel=\"noopener\">Pravda<\/a><\/p>\n<p>O Estado de S\u00e3o Paulo publicou um artigo revelador sobre a ida do Presidente Temer, Jo\u00e3o D\u00f3ria e Henrique Meirelles a Davos, na Su\u00ed\u00e7a, para participarem do F\u00f3rum Econ\u00f4mico Mundial que come\u00e7a no pr\u00f3ximo dia 23 de janeiro.<\/p>\n<p>por Franklin Frederick<\/p>\n<p>O artigo informa que:<\/p>\n<blockquote><p>&#8220;Na programa\u00e7\u00e3o, o F\u00f3rum Econ\u00f4mico Mundial colocou na agenda o debate: &#8220;Moldando a nova narrativa do Brasil&#8221;. No dia 24 de janeiro, mesma data do julgamento do ex-presidente Luiz In\u00e1cio Lula da Silva, em Porto Alegre (RS), o presidente Michel Temer apresenta sua agenda para 2018 em defesa da necessidade de reformas. O debate contar\u00e1 ainda com o prefeito de S\u00e3o Paulo, Jo\u00e3o Doria (PSDB), com Luiz Carlos Trabuco, presidente do Bradesco, Candido Botelho Bracher, CEO do Ita\u00fa Unibanco, e Paul Bulcke, CEO da Nestl\u00e9&#8221; (grifo meu).<\/p>\n<p>Para responder a esta pergunta devemos lembrar, primeiro, de um importante artigo publicado pelo jornal &#8216;Correio de Bras\u00edlia&#8217; no dia 22\/08\/2016 com o t\u00edtulo: &#8216;Multinacionais querem privatizar uso da \u00e1gua e Temer negocia&#8221;. Esta \u00e9 a \u00fanica mesa redonda com a participa\u00e7\u00e3o de Temer dentro da programa\u00e7\u00e3o do F\u00f3rum. Chama a aten\u00e7\u00e3o, no entanto, que o \u00fanico CEO estrangeiro a participar deste debate em que, al\u00e9m de Temer e D\u00f3ria, os outros dois participantes s\u00e3o banqueiros, seja Paul Bulcke. Faria mais sentido, dentro deste contexto, ser um representante de um banco estrangeiro, o Cr\u00e9dit Suisse ou o UBS, por exemplo. Mas, dentre tantas empresas e CEOs que estar\u00e3o em Davos, foi justamente o CEO da Nestl\u00e9 o escolhido para participar deste debate com Temer e dois grandes banqueiros privados brasileiros. Por qu\u00ea?<\/p>\n<p>O artigo informa que, &#8220;segundo revelou um alto funcion\u00e1rio da Ag\u00eancia Nacional de \u00c1guas (ANA), em condi\u00e7\u00e3o de anonimato (&#8230;). O Aqu\u00edfero Guarani , reserva de \u00e1gua doce com mais de 1,2 milh\u00e3o de km\u00b2 , dever\u00e1 constar na lista de bens p\u00fablicos privatiz\u00e1veis (&#8230;) As negocia\u00e7\u00f5es com os principais conglomerados transnacionais do setor, entre elas a Nestl\u00e9 e a Coca-Cola, seguem &#8216;a passos largos&#8217;.&#8221;<\/p><\/blockquote>\n<p>\u00c9 importante lembrar tamb\u00e9m que, na data deste artigo, a Presidente eleita Dilma Roussef ainda enfrentava o julgamento do processo de impeachment, mas Temer j\u00e1 atuava como Presidente &#8216;de fato&#8217;, ou seja, mesmo antes do golpe consumado, j\u00e1 se negociava a privatiza\u00e7\u00e3o dos recursos naturais brasileiros, a verdadeira raz\u00e3o por tr\u00e1s do golpe. Por\u00e9m, t\u00eam-se escrito e falado mais sobre o acesso ao petr\u00f3leo brasileiro, privatiza\u00e7\u00e3o da Petrobr\u00e1s e de outras grandes empresas p\u00fablicas como raz\u00f5es para o golpe, deixando de lado um outro recurso natural brasileiro enormemente cobi\u00e7ado pelas multinacionais por tr\u00e1s da onda conservadora neoliberal que toma o planeta: a \u00e1gua. A participa\u00e7\u00e3o de Paul Bulcke num debate com o Presidente Temer em Davos entrega o jogo: n\u00e3o \u00e9 o CEO da Shell ou de qualquer outra grande empresa petroleira que estar\u00e1 sentado ao lado do Presidente do Brasil na vitrine do F\u00f3rum Econ\u00f4mico Mundial na Su\u00ed\u00e7a, mas o CEO da Nestl\u00e9. A mensagem n\u00e3o podia ser mais clara.<\/p>\n<p>Dentro do que se poderia chamar de &#8216;divis\u00e3o do trabalho&#8217; na constru\u00e7\u00e3o da ideologia e das estrat\u00e9gias do capitalismo internacional, a multinacional Nestl\u00e9 tem um papel fundamental. Peter Brabeck, antecessor de Paul Bulcke, tomou para si e para a Nestl\u00e9 parte da tarefa de legitimar o capitalismo neoliberal atrav\u00e9s de v\u00e1rias iniciativas e projetos, dirigindo um poderoso lobby do big business internacional atrav\u00e9s de uma ampla rede que se estende por v\u00e1rios pa\u00edses e institui\u00e7\u00f5es.<\/p>\n<p>O Water Resources Group &#8211; WRG &#8211; que re\u00fane a Coca-cola, a Pepsi e o Banco Mundial com o objetivo de privatizar a \u00e1gua em todo o mundo atrav\u00e9s de parcerias p\u00fablico-privadas, para citar um exemplo, foi criado por iniciativa da Nestl\u00e9. Paul Bulcke recentemente substituiu Peter Brabeck dentro do &#8216;Governance Body&#8217; do WRG.<\/p>\n<p>O programa da Nestl\u00e9 &#8216;Creating Shared Value&#8217; realiza anualmente um importante evento internacional, sempre em pa\u00edses diferentes, com a participa\u00e7\u00e3o de governos, altos funcion\u00e1rios de institui\u00e7\u00f5es como a ONU e o Banco Mundial, com uma vis\u00e3o estrat\u00e9gica muito bem planejada. Em 2013 o Creating Shared Value F\u00f3rum aconteceu na Col\u00f4mbia com o claro prop\u00f3sito de promover a Col\u00f4mbia como pa\u00eds &#8216;modelo&#8217; do capitalismo latino-americano, em oposi\u00e7\u00e3o \u00e0 Venezuela e aos pa\u00edses da ALBA.<\/p>\n<p>Em 2011 o Creating Shared Value ocorreu em Washington em parceria reveladora com o &#8216;Atlantic Council&#8217;, uma associa\u00e7\u00e3o do big business internacional, principalmente dos EUA, em torno da OTAN, a alian\u00e7a militar ocidental. Por que uma empresa multinacional produtora de comida para beb\u00eas, chocolate e \u00e1gua engarrafada procuraria uma parceria com o &#8216;Atlantic Council&#8217; e, atrav\u00e9s deste, com a OTAN? Uma resposta muito simples se encontra dentro do pr\u00f3prio programa deste evento: oportunidades de neg\u00f3cios relativos \u00e0 nutri\u00e7\u00e3o, \u00e1gua e desenvolvimento rural na \u00c1frica e Am\u00e9rica Latina. Traduzindo a linguagem orwelliana do big business contempor\u00e2neo, este programa informa que &#8216;oportunidades de neg\u00f3cio&#8217;, ou seja, recursos naturais a serem tomados pelas grandes empresas, se encontram em vastas quantidades na \u00c1frica e na Am\u00e9rica Latina. E caso os pa\u00edses desses continentes n\u00e3o queiram disponibilizar estes recursos para o capital internacional, \u00e9 sempre conveniente ter o poder militar da OTAN para faz\u00ea-los mudar de id\u00e9ia ou de pol\u00edtica. E recentemente, n\u00e3o por coincid\u00eancia, a Col\u00f4mbia e a OTAN entraram em um acordo de parceria.<\/p>\n<p>Esta influ\u00eancia da Nestl\u00e9 \u00e9 t\u00e3o grande que mesmo dentro do F\u00f3rum Econ\u00f4mico Mundial um dos temas escolhidos para ser discutido pelos v\u00e1rios participantes internacionais \u00e9 justamente &#8216;Creating Shared Values in a Fractured World&#8217;, uma clara alus\u00e3o ao programa da Nestl\u00e9. A confer\u00eancia de imprensa que o Presidente Temer realizar\u00e1 no F\u00f3rum no dia 24, ali\u00e1s, esta justamente dentro deste tema refor\u00e7ando ainda mais a liga\u00e7\u00e3o de Temer e das atuais pol\u00edticas de privatiza\u00e7\u00e3o de seu governo com o discurso desenvolvido e promovido pela Nestl\u00e9.<\/p>\n<p>Em mar\u00e7o pr\u00f3ximo o Brasil vai sediar o F\u00f3rum Mundial da \u00c1gua em Bras\u00edlia. A Nestl\u00e9 e o Water Resources Group estar\u00e3o l\u00e1, j\u00e1 que este \u00e9 o F\u00f3rum das grandes empresas privadas. As empresas p\u00fablicas de \u00e1gua brasileiras e ainda mais as \u00e1guas subterr\u00e2neas e as fontes de \u00e1gua mineral s\u00e3o os &#8216;alvos&#8217; que esta proximidade entre Temer e Paul Bulcke indicam. A privatiza\u00e7\u00e3o destas empresas e recursos naturais ser\u00e1 naturalmente apresentada como a &#8216;solu\u00e7\u00e3o&#8217; dentro do F\u00f3rum Mundial da \u00c1gua.<\/p>\n<p>Espero que o F\u00f3rum Mundial ALTERNATIVO da \u00c1gua que se organiza tamb\u00e9m em mar\u00e7o como resposta da sociedade civil \u00e0s pol\u00edticas neoliberais, reserve um bom tempo e espa\u00e7o para trocar informa\u00e7\u00f5es e analisar as diversas pr\u00e1ticas da Nestl\u00e9 no mundo. Trata-se de uma quest\u00e3o fundamental.<\/p>\n","protected":false},"excerpt":{"rendered":"<a class=\"moretag\" href=\"https:\/\/pcb.org.br\/portal2\/18428\"> <\/a>","protected":false},"author":1,"featured_media":0,"comment_status":"closed","ping_status":"closed","sticky":false,"template":"","format":"standard","meta":{"jetpack_post_was_ever_published":false,"_jetpack_newsletter_access":"","_jetpack_dont_email_post_to_subs":false,"_jetpack_newsletter_tier_id":0,"_jetpack_memberships_contains_paywalled_content":false,"_jetpack_memberships_contains_paid_content":false,"footnotes":"","jetpack_publicize_message":"","jetpack_publicize_feature_enabled":true,"jetpack_social_post_already_shared":true,"jetpack_social_options":{"image_generator_settings":{"template":"highway","default_image_id":0,"font":"","enabled":false},"version":2}},"categories":[190,105],"tags":[226],"class_list":["post-18428","post","type-post","status-publish","format-standard","hentry","category-fora-temer","category-c118-privatizacao","tag-4b"],"jetpack_publicize_connections":[],"jetpack_featured_media_url":"","jetpack_shortlink":"https:\/\/wp.me\/p659gw-4Ne","jetpack-related-posts":[],"jetpack_likes_enabled":true,"jetpack_sharing_enabled":true,"_links":{"self":[{"href":"https:\/\/pcb.org.br\/portal2\/wp-json\/wp\/v2\/posts\/18428","targetHints":{"allow":["GET"]}}],"collection":[{"href":"https:\/\/pcb.org.br\/portal2\/wp-json\/wp\/v2\/posts"}],"about":[{"href":"https:\/\/pcb.org.br\/portal2\/wp-json\/wp\/v2\/types\/post"}],"author":[{"embeddable":true,"href":"https:\/\/pcb.org.br\/portal2\/wp-json\/wp\/v2\/users\/1"}],"replies":[{"embeddable":true,"href":"https:\/\/pcb.org.br\/portal2\/wp-json\/wp\/v2\/comments?post=18428"}],"version-history":[{"count":0,"href":"https:\/\/pcb.org.br\/portal2\/wp-json\/wp\/v2\/posts\/18428\/revisions"}],"wp:attachment":[{"href":"https:\/\/pcb.org.br\/portal2\/wp-json\/wp\/v2\/media?parent=18428"}],"wp:term":[{"taxonomy":"category","embeddable":true,"href":"https:\/\/pcb.org.br\/portal2\/wp-json\/wp\/v2\/categories?post=18428"},{"taxonomy":"post_tag","embeddable":true,"href":"https:\/\/pcb.org.br\/portal2\/wp-json\/wp\/v2\/tags?post=18428"}],"curies":[{"name":"wp","href":"https:\/\/api.w.org\/{rel}","templated":true}]}}