{"id":1843,"date":"2011-09-07T02:32:37","date_gmt":"2011-09-07T02:32:37","guid":{"rendered":"http:\/\/pcb.org.br\/portal2\/?p=1843"},"modified":"2011-09-07T02:32:37","modified_gmt":"2011-09-07T02:32:37","slug":"estudantes-da-uff-desocupam-reitoria-apos-terem-90-de-suas-reivindicacoes-atendidas","status":"publish","type":"post","link":"https:\/\/pcb.org.br\/portal2\/1843","title":{"rendered":"Estudantes da UFF desocupam reitoria ap\u00f3s terem 90% de suas reivindica\u00e7\u00f5es atendidas"},"content":{"rendered":"\n<p><em>y el universitario,<\/em><\/p>\n<p><em>con el joven proletario,<\/em><\/p>\n<p><em>quieren revoluci\u00f3n.\u201d (Victor Jara- Movil Oil Special)<\/em><\/p>\n<p>Nesta ter\u00e7a-feira, ap\u00f3s uma rodada de negocia\u00e7\u00f5es com a reitoria, os estudantes da UFF desocuparam a o pr\u00e9dio da reitoria, que havia sido ocupado na \u00faltima quarta-feira, com o compromisso por parte do Reitor Roberto Salles de cumprir cerca de 90% das pautas apresentadas pelos estudantes da Universidade.<\/p>\n<hr id=\"system-readmore\" \/>\n<p>Os estudantes j\u00e1 haviam ocupado a reitoria no dia 24, sendo expulsos no dia seguinte, quando a reitoria entrou com uma a\u00e7\u00e3o de reintegra\u00e7\u00e3o de posse e a pol\u00edcia federal, juntamente com a tropa de choque da PM, for\u00e7ou a sa\u00edda dos estudantes das depend\u00eancias da reitoria, os mesmos decidiram sair pacificamente e continuar a mobiliza\u00e7\u00e3o para ocupar o Conselho Universit\u00e1rio que seria realizado no dia 31 de agosto.<\/p>\n<p>No dia 29 de agosto foi realizada uma nova assembl\u00e9ia onde cerca de 300 estudantes sa\u00edram em ato pelas ruas de Niter\u00f3i para arrancar as estacas das obras de constru\u00e7\u00e3o das Vias Orla e 100, duas vias que passariam por dentro do Campus Gragoat\u00e1 da UFF, h\u00e1 cerca de oito metros das salas de aula, al\u00e9m de desalojar cem fam\u00edlias que vivem na Comunidade da Rua Projetada, comunidade vizinha \u00e0 universidade e que est\u00e1 no local h\u00e1 40 anos.<\/p>\n<p>Na noite do dia 30 de agosto, os alunos realizaram uma vig\u00edlia na Faculdade de Arquitetura da Universidade, com o intuito de acumular for\u00e7as para o Conselho Universit\u00e1rio que se realizaria no dia seguinte, pela manh\u00e3.<\/p>\n<p>No dia 31 o reitor n\u00e3o compareceu ao CUV e mandou seu vice-reitor Sidney Luiz de Matos Mello.<\/p>\n<p>O Conselho foi lotado por uma multid\u00e3o de estudantes de todos os campi de Niter\u00f3i, al\u00e9m de contar com alunos vindos dos campi do interior, como de Volta Redonda, Campos, Rio das Ostras, os quais tentaram colocar em pauta a discuss\u00e3o sobre essas duas vias que n\u00e3o foram aprovadas no CUV, \u00f3rg\u00e3o m\u00e1ximo de delibera\u00e7\u00e3o da Universidade, que conta com representa\u00e7\u00e3o estudantil. O Vice-reitor, numa manobra corriqueira, onde demonstra como a Reitoria dialoga com os estudantes, vendo que perderia qualquer vota\u00e7\u00e3o, decidiu por sua conta implodir o Conselho, gerando assim uma marcha de cerca de 500 estudantes at\u00e9 seu local de viv\u00eancia por quase uma semana: a Reitoria.<\/p>\n<p><img data-recalc-dims=\"1\" decoding=\"async\" src=\"https:\/\/i0.wp.com\/ujc.org.br\/images\/ato%20no%20cuv.jpg?w=747\" border=\"0\"  \/><\/p>\n<p><em style=\"color: #000000; font-family: Verdana, Arial, Helvetica, sans-serif; font-size: 10px; line-height: normal; text-align: start;\">Cr\u00e9dito:\u00a0<a href=\"mailto:lf_nabuco@yahoo.com.br\" target=\"_blank\">Luiz Fernando Nabuco<\/a><\/em><\/p>\n<p>Os estudantes imediatamente ocuparam todos os andares do pr\u00e9dio, o Vice-reitor imediatamente compareceu ao local e tentou negociar uma retirada imediata dos estudantes, os estudantes decidiram que s\u00f3 sairiam depois de conseguir um di\u00e1logo com o Reitor Roberto Salles e colocar suas pautas na mesa para negocia\u00e7\u00e3o, tendo como princ\u00edpio para qualquer negocia\u00e7\u00e3o a paralisa\u00e7\u00e3o imediata das obras das duas Vias em quest\u00e3o, al\u00e9m do fim imediato de cobran\u00e7a de mensalidades nos cursos de p\u00f3s-gradua\u00e7\u00e3o <em>lato sensu, <\/em>respeitando-se assim a decis\u00e3o de um plebiscito realizado no ano passado que teve mais votos que a elei\u00e7\u00e3o para reitor e que teve como resultado final o resultado de 87% da comunidade acad\u00eamica votando pelo fim dos cursos pagos na UFF, resgatando o car\u00e1ter p\u00fablico da Universidade.<\/p>\n<p>Ontem depois de novo mandato de reintegra\u00e7\u00e3o de posse, cerca de mil estudantes se somaram \u00e0 ocupa\u00e7\u00e3o, for\u00e7ando o Reitor a adiar a reintegra\u00e7\u00e3o de posse para o dia de hoje e convocar uma reuni\u00e3o de negocia\u00e7\u00e3o para a manh\u00e3 de hoje, que teve como resultado a carta de compromisso abaixo descrita e assinada pelo pr\u00f3prio reitor e por todos os Pr\u00f3-reitores presentes na reuni\u00e3o, al\u00e9m dos estudantes que formaram a comiss\u00e3o de negocia\u00e7\u00e3o.<\/p>\n<p><img data-recalc-dims=\"1\" decoding=\"async\" src=\"https:\/\/i0.wp.com\/ujc.org.br\/images\/assembleia%20reitoria.jpg?w=747\" border=\"0\" alt=\"Assembleia na gramado da reitoria\"  \/><\/p>\n<p><em style=\"color: #000000; font-family: Verdana, Arial, Helvetica, sans-serif; font-size: 10px; line-height: normal; text-align: start;\">Cr\u00e9dito da foto:\u00a0<a href=\"mailto:lf_nabuco@yahoo.com.br\" target=\"_blank\">Luiz Fernando Nabuco<\/a><\/em><\/p>\n<p>\u00c9 importante considerar que essa vit\u00f3ria \u00e9 parcial, sendo ela fruto da mobiliza\u00e7\u00e3o dos estudantes organizados, e que somente o acompanhamento far\u00e1 com que estas pautas saiam do papel e se tornem realidade.<\/p>\n<p>Tamb\u00e9m \u00e9 importante ressaltar o apoio em tempo integral do SINTUFF, sindicato dos trabalhadores em educa\u00e7\u00e3o da UFF, que se encontra em greve e esteve a todo o momento prestando solidariedade e apoio log\u00edstico aos ocupantes.<\/p>\n<p>\u00c9 bem verdade que todo esse processo serviu para mostrar que o Movimento Estudantil n\u00e3o est\u00e1 morto e que somente a organiza\u00e7\u00e3o dos estudantes e trabalhadores, juntos, pode mudar a correla\u00e7\u00e3o de for\u00e7as no campo da luta pol\u00edtica neste cen\u00e1rio nefasto de explora\u00e7\u00e3o dos trabalhadores e espolia\u00e7\u00e3o de direitos m\u00ednimos dos estudantes.<\/p>\n<p>Este processo ocorrido na UFF n\u00e3o pode ser descolado dos processos que ocorreram na UFSC, UEM, UFPR, UFES e agora na UFSM e UFAL, assim como da greve dos profissionais em educa\u00e7\u00e3o no estado do Rio de Janeiro, tendo \u00e0 frente o SEPE. Esta s\u00e9rie de ocupa\u00e7\u00f5es e greves de professores da rede b\u00e1sica e t\u00e9cnicos- administrativos demonstra por outro prisma, o grau de descaso com a educa\u00e7\u00e3o p\u00fablica no Brasil, demonstra que a educa\u00e7\u00e3o p\u00fablica no Brasil est\u00e1 condicionada cada vez mais aos interesses de mercado, servindo a universidade como mero espa\u00e7o formador de m\u00e3o de obra para o mercado de trabalho e a educa\u00e7\u00e3o b\u00e1sica como correia de transmiss\u00e3o de valores culturais do capitalismo.<\/p>\n<p>A UJC esteve presente em todo o processo de ocupa\u00e7\u00e3o e na comiss\u00e3o de negocia\u00e7\u00e3o com a reitoria. Entendemos que por tr\u00e1s dessas lutas dos estudantes de todo o Brasil, est\u00e1 em jogo a disputa por outro modelo de universidade que se contraponha a esse modelo mercadol\u00f3gico de universidade que temos hoje, que somente atende aos interesses do grande capital e a especula\u00e7\u00e3o imobili\u00e1ria, no caso da UFF.<\/p>\n<p>Neste sentido, discutir um projeto de Universidade e Educa\u00e7\u00e3o Populares torna-se central na luta pela contra-hegemonia da educa\u00e7\u00e3o brasileira, colocando a universidade a servi\u00e7o das classes populares. Discutir esse projeto de Universidade nos leva tamb\u00e9m a discutir outro modelo de sociedade, onde n\u00e3o haja mais explorados e exploradores, onde a aurora do socialismo brilhe t\u00e3o forte que ofusque os resqu\u00edcios de uma \u00e9poca sombria, onde os homens s\u00e3o explorados pelos seus semelhantes e os interesses individuais se sobrep\u00f5em aos interesses de classe da maioria da popula\u00e7\u00e3o brasileira.<\/p>\n<p>Lutemos por uma Universidade Popular!<\/p>\n<p>Lutemos pelo Socialismo!<\/p>\n<p><strong>Carta de Compromisso da Reitoria<\/strong><\/p>\n<p><em>\u201cNo dia 06 de setembro no pr\u00e9dio de odontologia, campus do Valonguinho da UFF, a comiss\u00e3o de negocia\u00e7\u00e3o do movimento de ocupa\u00e7\u00e3o da reitoria da UFF \u201cMaria Clemilda e Manuel Guti\u00e9rrez\u201d em reuni\u00e3o com representantes da reitoria, aprovam como pontos debatidos para resolu\u00e7\u00e3o dos problemas apontados as seguintes medidas:<\/em><\/p>\n<p><em>&#8211; Cria\u00e7\u00e3o de comiss\u00e3o com prazo de 1 m\u00eas para levantar o d\u00e9ficit de professores na universidade.<\/em><\/p>\n<p><em>&#8211; Compromisso da reitoria de usar de todos os seus meios e esfor\u00e7os para retirada dos processos contra quaisquer estudantes que estejam nas ocupa\u00e7\u00f5es realizadas. N\u00e3o criminaliza\u00e7\u00e3o dos estudantes quanto \u00e0 mobiliza\u00e7\u00e3o estudantil. A reitoria dar\u00e1 como leg\u00edtima a mobiliza\u00e7\u00e3o e a pauta dos estudantes, de forma escrita e p\u00fablica.<\/em><\/p>\n<p><em>&#8211; N\u00e3o abertura de novas turmas e matr\u00edculas de cursos pagos, n\u00e3o cria\u00e7\u00e3o de novos cursos, nem mudan\u00e7a do car\u00e1ter dos atuais; restabelecimento da comiss\u00e3o para implementa\u00e7\u00e3o do resultado do plebiscito, assim como dar reda\u00e7\u00e3o final da reforma do estatuto da UFF, at\u00e9 a avalia\u00e7\u00e3o pelo conselho universit\u00e1rio.<\/em><\/p>\n<p><em>&#8211; A reitoria estar\u00e1 aberta a conversas com a comunidade acad\u00eamica dos P\u00f3los do Interior, se comprometendo em realizar uma rodada de audi\u00eancias p\u00fablicas nos P\u00f3los a fim de debater sobre as quest\u00f5es estruturais e prec\u00e1rias da Universidade, realiza\u00e7\u00e3o desta rodada de reuni\u00f5es ainda nesse semestre, com a cria\u00e7\u00e3o de um calend\u00e1rio de reuni\u00f5es apresentadas pelos alunos de cada P\u00f3lo.<\/em><\/p>\n<p><em>&#8211; Participa\u00e7\u00e3o de representantes da ocupa\u00e7\u00e3o na reuni\u00e3o para o n\u00e3o fechamento do servi\u00e7o de hematologia do HUAP.<\/em><\/p>\n<p><em>&#8211; Constru\u00e7\u00e3o de uma comiss\u00e3o de trabalho para estudar a possibilidade de reabertura da emerg\u00eancia do HUAP para a libre demanda composto pelo DCE, SINTUFF, ADUFF, Diretor do HUAP e DABT.<\/em><\/p>\n<p><em>&#8211; Encaminhar a reforma do Teatro do DCE.<\/em><\/p>\n<p><em>&#8211; Paralisa\u00e7\u00e3o das obras da Via Orla. A reitoria se posicionar\u00e1 publicamente contra o desalojamento dos moradores e n\u00e3o ceder\u00e1 um mil\u00edmetro de seus terrenos para a constru\u00e7\u00e3o da Via 100. Retirada do ad referendum da constru\u00e7\u00e3o da Via Orla em um prazo de uma semana desde o in\u00edcio das negocia\u00e7\u00f5es, at\u00e9 que esta seja debatida com a comunidade acad\u00eamica.<\/em><\/p>\n<p><em>-Ser\u00e1 inaugurado o restaurante universit\u00e1rio do HUAP dentro do prazo de 1 m\u00eas e firmado o compromisso de implementa\u00e7\u00e3o de um restaurante no Valonguinho. Ser\u00e1 criado um projeto de restaurante universit\u00e1rio para os P\u00f3los do interior, e a predisposi\u00e7\u00e3o da equipara\u00e7\u00e3o do hor\u00e1rio de funcionamento dos mesmos, assim como a venda de ingressos.<\/em><\/p>\n<p><em>&#8211; Acelera\u00e7\u00e3o da obra da Moradia estudantil de Niter\u00f3i, abertura do funcionamento da Moradia do Polo de Rio das Ostras e Cria\u00e7\u00e3o do projeto de Moradia para os demais campi do interior.<\/em><\/p>\n<p><em>&#8211; Pagamento imediato das bolsas atrasadas, aumento dos valores e quantidade das bolsas de forma gradual e reajuste gradual ao sal\u00e1rio m\u00ednimo. Revis\u00e3o do pagamento das bolsas.<\/em><\/p>\n<p><em>&#8211; Acelera\u00e7\u00e3o das obras dos P\u00f3los do interior que j\u00e1 est\u00e3o em andamento e in\u00edcio das obras aprovadas.<\/em><\/p>\n<p><em>&#8211; A UFF firma o compromisso de intervir junto aos estudantes com o estado para que a casa dos estudantes de Niter\u00f3i passe a ser da Universidade.<\/em><\/p>\n<p><em>&#8211; Instala\u00e7\u00e3o de rede de WiiFi em todos os campi do interior, com prazo de um m\u00eas para o in\u00edcio de cronograma de instala\u00e7\u00e3o.<\/em><\/p>\n<p><em>-Expor junto ao poder p\u00fablico para a cria\u00e7\u00e3o de ciclovias dentro dos espa\u00e7os da UFF.<\/em><\/p>\n<p><em>&#8211; Cria\u00e7\u00e3o de op\u00e7\u00e3o vegetariana no bandej\u00e3o.<\/em><\/p>\n<p><em>&#8211; Constru\u00e7\u00e3o imediata dos muros do P\u00f3lo de Rio das Ostras para o funcionamento imediato da Moradia e do PSA, sob fiscaliza\u00e7\u00e3o dos estudantes.<\/em><\/p>\n<p><em>&#8211; Reuni\u00e3o com o SINTUFF na segunda-feira, dia 12 de setembro, para discutir o interdito proibit\u00f3rio da Moradia e do PSA, sob fiscaliza\u00e7\u00e3o dos estudantes.<\/em><\/p>\n<p><em>&#8211; Ser\u00e1 realizada uma sequ\u00eancia de audi\u00eancia p\u00fablica para discutir o andamento dos encaminhamentos desse documento, sendo a primeira no dia 5 de outubro.<\/em><\/p>\n<p><em>&#8211; Dentro de um prazo de 20 dias, a SAEP se reuni\u00e3o com os estudantes para elaborar os projetos de constru\u00e7\u00e3o dos bandej\u00f5es do Valonguinho, Volta Redonda e Amplia\u00e7\u00e3o da maioria do movimento estudantil.<\/em><\/p>\n<p><em>&#8211; Este documento ser\u00e1 submetido `a aprova\u00e7\u00e3o dos estudantes em assembl\u00e9ia e publica no site da UFF.<\/em><\/p>\n<p><em>Niter\u00f3i, 06 de setembro de 2011.\u201d<\/em><\/p>\n<p><img data-recalc-dims=\"1\" decoding=\"async\" src=\"https:\/\/i0.wp.com\/ujc.org.br\/images\/carta%20de%20compromisso%20da%20reitoria%201.jpg?w=747\" border=\"0\" alt=\"P\u00e1gina 1 da Carta de compromisso da reitoria\" \/><\/p>\n<p><img data-recalc-dims=\"1\" decoding=\"async\" src=\"https:\/\/i0.wp.com\/ujc.org.br\/images\/carta%20de%20compromisso%20da%20reitoria%202.jpg?w=747\" border=\"0\" alt=\"p\u00e1gina 2 da carta de compromisso da reitoria\" \/><\/p>\n","protected":false},"excerpt":{"rendered":"\n\n\nCr\u00e9dito: Luiz Fernando Nabuco\n\n\n\n\n\n\n\n\n\u201cEl joven secundario\n\u00a0\n<a class=\"moretag\" href=\"https:\/\/pcb.org.br\/portal2\/1843\"> <\/a>","protected":false},"author":1,"featured_media":0,"comment_status":"open","ping_status":"open","sticky":false,"template":"","format":"standard","meta":{"jetpack_post_was_ever_published":false,"_jetpack_newsletter_access":"","_jetpack_dont_email_post_to_subs":false,"_jetpack_newsletter_tier_id":0,"_jetpack_memberships_contains_paywalled_content":false,"_jetpack_memberships_contains_paid_content":false,"footnotes":"","jetpack_publicize_message":"","jetpack_publicize_feature_enabled":true,"jetpack_social_post_already_shared":false,"jetpack_social_options":{"image_generator_settings":{"template":"highway","default_image_id":0,"font":"","enabled":false},"version":2}},"categories":[27],"tags":[],"class_list":["post-1843","post","type-post","status-publish","format-standard","hentry","category-c27-ujc"],"jetpack_publicize_connections":[],"jetpack_featured_media_url":"","jetpack_shortlink":"https:\/\/wp.me\/p659gw-tJ","jetpack-related-posts":[],"jetpack_likes_enabled":true,"jetpack_sharing_enabled":true,"_links":{"self":[{"href":"https:\/\/pcb.org.br\/portal2\/wp-json\/wp\/v2\/posts\/1843","targetHints":{"allow":["GET"]}}],"collection":[{"href":"https:\/\/pcb.org.br\/portal2\/wp-json\/wp\/v2\/posts"}],"about":[{"href":"https:\/\/pcb.org.br\/portal2\/wp-json\/wp\/v2\/types\/post"}],"author":[{"embeddable":true,"href":"https:\/\/pcb.org.br\/portal2\/wp-json\/wp\/v2\/users\/1"}],"replies":[{"embeddable":true,"href":"https:\/\/pcb.org.br\/portal2\/wp-json\/wp\/v2\/comments?post=1843"}],"version-history":[{"count":0,"href":"https:\/\/pcb.org.br\/portal2\/wp-json\/wp\/v2\/posts\/1843\/revisions"}],"wp:attachment":[{"href":"https:\/\/pcb.org.br\/portal2\/wp-json\/wp\/v2\/media?parent=1843"}],"wp:term":[{"taxonomy":"category","embeddable":true,"href":"https:\/\/pcb.org.br\/portal2\/wp-json\/wp\/v2\/categories?post=1843"},{"taxonomy":"post_tag","embeddable":true,"href":"https:\/\/pcb.org.br\/portal2\/wp-json\/wp\/v2\/tags?post=1843"}],"curies":[{"name":"wp","href":"https:\/\/api.w.org\/{rel}","templated":true}]}}