{"id":1848,"date":"2011-09-09T20:00:19","date_gmt":"2011-09-09T20:00:19","guid":{"rendered":"http:\/\/pcb.org.br\/portal2\/?p=1848"},"modified":"2011-09-09T20:00:19","modified_gmt":"2011-09-09T20:00:19","slug":"reitoria-da-ufsm-ocupada-estudantes-so-sairao-com-reivindicacoes-atendidas","status":"publish","type":"post","link":"https:\/\/pcb.org.br\/portal2\/1848","title":{"rendered":"REITORIA DA UFSM OCUPADA: ESTUDANTES S\u00d3 SAIR\u00c3O COM REIVINDICA\u00c7\u00d5ES ATENDIDAS!"},"content":{"rendered":"\n<p>O reitor Felipe M\u00fcller parece apostar na desmobiliza\u00e7\u00e3o dos estudantes apresentando um documento vago em resposta \u00e0s reivindica\u00e7\u00f5es do movimento. A carta de inten\u00e7\u00f5es do reitor, que oscila das \u201cboas inten\u00e7\u00f5es\u201d \u00e0 mera propaganda de supostas realiza\u00e7\u00f5es da sua gest\u00e3o, tenta transferir a responsabilidade pelos resultados do modelo atual de universidade (pautado pelo Banco Mundial) para o Movimento Sindical e para o Movimento Estudantil numa clara tentativa de dividir as categorias. Tal documento n\u00e3o atende minimamente \u00e0s demandas concretas exigidas pelos estudantes.<\/p>\n<p>Em resposta \u00e0s pretens\u00f5es da reitoria aos estudantes s\u00f3 resta responder com mais mobiliza\u00e7\u00e3o.<\/p>\n<p><strong>OCUPA\u00c7\u00d5ES DE REITORIA PELO BRASIL&#8230;<\/strong><\/p>\n<p>Na \u00faltima ter\u00e7a-feira recebemos a \u00f3tima not\u00edcia da vit\u00f3ria dos estudantes da UFF. A ocupa\u00e7\u00e3o da Federal Fluminense encerrou com 90% das reivindica\u00e7\u00f5es conquistadas. No mesmo tom vitorioso das demais ocupa\u00e7\u00f5es de reitorias ocorridas recentemente, como UEM, UFSC, UFPR etc. a ocupa\u00e7\u00e3o da UFF foi mais uma inje\u00e7\u00e3o de \u00e2nimo para n\u00f3s estudantes da UFSM.<\/p>\n<p>Daqui s\u00f3 sairemos com a vit\u00f3ria do movimento!!<\/p>\n<p><strong>TODOS \u00c0 REITORIA!!!<\/strong><\/p>\n<p><strong>UJC SANTA MARIA<\/strong><\/p>\n<p><em>(<a href=\"http:\/\/ujcsm.blogspot.com\/p\/voz-ativa.html\" target=\"_blank\">Acesse o jornal da UJC Santa Maria<\/a>)<\/em><\/p>\n<p>Fonte:\u00a0<a href=\"http:\/\/ujcsm.blogspot.com\/2011\/09\/reitoria-da-ufsm-ocupada-estudantes-so.html\" target=\"_blank\">http:\/\/ujcsm.blogspot.com\/2011\/09\/reitoria-da-ufsm-ocupada-estudantes-so.html<\/a><\/p>\n","protected":false},"excerpt":{"rendered":"\n\n\nCr\u00e9dito: UJC\n\n\n\n\n\n\n\n\nOcupa\u00e7\u00e3o da Reitoria da UFSM chega ao seu 7o dia nesta quarta-feira (07\/09\/2011).\n<a class=\"moretag\" href=\"https:\/\/pcb.org.br\/portal2\/1848\"> <\/a>","protected":false},"author":1,"featured_media":0,"comment_status":"open","ping_status":"open","sticky":false,"template":"","format":"standard","meta":{"jetpack_post_was_ever_published":false,"_jetpack_newsletter_access":"","_jetpack_dont_email_post_to_subs":false,"_jetpack_newsletter_tier_id":0,"_jetpack_memberships_contains_paywalled_content":false,"_jetpack_memberships_contains_paid_content":false,"footnotes":"","jetpack_publicize_message":"","jetpack_publicize_feature_enabled":true,"jetpack_social_post_already_shared":false,"jetpack_social_options":{"image_generator_settings":{"template":"highway","default_image_id":0,"font":"","enabled":false},"version":2}},"categories":[27],"tags":[],"class_list":["post-1848","post","type-post","status-publish","format-standard","hentry","category-c27-ujc"],"jetpack_publicize_connections":[],"jetpack_featured_media_url":"","jetpack_shortlink":"https:\/\/wp.me\/p659gw-tO","jetpack-related-posts":[],"jetpack_likes_enabled":true,"jetpack_sharing_enabled":true,"_links":{"self":[{"href":"https:\/\/pcb.org.br\/portal2\/wp-json\/wp\/v2\/posts\/1848","targetHints":{"allow":["GET"]}}],"collection":[{"href":"https:\/\/pcb.org.br\/portal2\/wp-json\/wp\/v2\/posts"}],"about":[{"href":"https:\/\/pcb.org.br\/portal2\/wp-json\/wp\/v2\/types\/post"}],"author":[{"embeddable":true,"href":"https:\/\/pcb.org.br\/portal2\/wp-json\/wp\/v2\/users\/1"}],"replies":[{"embeddable":true,"href":"https:\/\/pcb.org.br\/portal2\/wp-json\/wp\/v2\/comments?post=1848"}],"version-history":[{"count":0,"href":"https:\/\/pcb.org.br\/portal2\/wp-json\/wp\/v2\/posts\/1848\/revisions"}],"wp:attachment":[{"href":"https:\/\/pcb.org.br\/portal2\/wp-json\/wp\/v2\/media?parent=1848"}],"wp:term":[{"taxonomy":"category","embeddable":true,"href":"https:\/\/pcb.org.br\/portal2\/wp-json\/wp\/v2\/categories?post=1848"},{"taxonomy":"post_tag","embeddable":true,"href":"https:\/\/pcb.org.br\/portal2\/wp-json\/wp\/v2\/tags?post=1848"}],"curies":[{"name":"wp","href":"https:\/\/api.w.org\/{rel}","templated":true}]}}