{"id":18500,"date":"2018-01-25T18:05:39","date_gmt":"2018-01-25T21:05:39","guid":{"rendered":"https:\/\/pcb.org.br\/portal2\/?p=18500"},"modified":"2018-01-25T18:05:39","modified_gmt":"2018-01-25T21:05:39","slug":"imediata-libertacao-de-mukhtar-al-khatib-secretario-geral-do-pc-do-sudao","status":"publish","type":"post","link":"https:\/\/pcb.org.br\/portal2\/18500","title":{"rendered":"Imediata liberta\u00e7\u00e3o de Mukhtar Al-Khatib, Secret\u00e1rio Geral do PC do Sud\u00e3o!"},"content":{"rendered":"<p><img decoding=\"async\" class=\"imagem\" title=\"Imediata liberta\u00e7\u00e3o de Mukhtar Al-Khatib, Secret\u00e1rio Geral do PC do Sud\u00e3o!\" src=\"https:\/\/i0.wp.com\/dev.sudantribune.com\/IMG\/jpg\/sudanese_communist_party_chief_mohamed_mokhtar_al-khatib_speaks_to_st_photo.jpg\" alt=\"Imediata liberta\u00e7\u00e3o de Mukhtar Al-Khatib, Secret\u00e1rio Geral do PC do Sud\u00e3o!\" \/><!--more--><strong>Secretaria de Rela\u00e7\u00f5es Internacionais do PCB<\/strong><\/p>\n<p>Nos \u00faltimos dias, grandes manifesta\u00e7\u00f5es populares tomaram as principais cidades do Sud\u00e3o, em protesto contra a eleva\u00e7\u00e3o constante do custo de vida que vem ocorrendo no pa\u00eds. A resposta do governo tem sido extremamente violenta: no dia 16 de janeiro, entre muitas outras a\u00e7\u00f5es policiais, centenas de manifestantes reunidos em ato convocado pelo Partido Comunista do Sud\u00e3o (PCS), nas cercanias do pal\u00e1cio presidencial, em Cartum, foram dispersados \u00e0 for\u00e7a pela pol\u00edcia. Na mesma noite, o secret\u00e1rio-geral do PCS, Mukhtar Al-Khatib, foi preso em sua casa por agentes da NISS, a ag\u00eancia de intelig\u00eancia do Sud\u00e3o.<\/p>\n<p><img data-recalc-dims=\"1\" decoding=\"async\" class=\"imagem\" title=\"Imediata liberta\u00e7\u00e3o de Mukhtar Al-Khatib, Secret\u00e1rio Geral do PC do Sud\u00e3o!\" src=\"https:\/\/i0.wp.com\/lh4.googleusercontent.com\/-42cD8TO-BqU\/U5g9QeX-KfI\/AAAAAAAAFRM\/RqmZHHtWFPI\/s380\/logosudan.gif?w=747&#038;ssl=1\" alt=\"Imediata liberta\u00e7\u00e3o de Mukhtar Al-Khatib, Secret\u00e1rio Geral do PC do Sud\u00e3o!\" \/>O governo ditatorial de Omar al-Bashir vem aumentando as tarifas e, recentemente, transferiu para o setor privado as importa\u00e7\u00f5es de cereais, impactando diretamente o pre\u00e7o do p\u00e3o e de outros alimentos. A economia sudanesa segue em decl\u00ednio. O governo \u00e9 acusado de viola\u00e7\u00f5es dos direitos humanos, deten\u00e7\u00f5es e assassinatos operados pelas for\u00e7as repressivas do regime.<\/p>\n<p>O Sud\u00e3o vive conflitos armados entre o governo e grupos rebeldes em diferentes regi\u00f5es do pa\u00eds h\u00e1 mais de uma d\u00e9cada, tendo sido decretado, em dezembro \u00faltimo, o estado de emerg\u00eancia &#8211; com a suspens\u00e3o de direitos constitucionais &#8211; em algumas delas. No plano externo, o pa\u00eds \u00e9 aliado da Ar\u00e1bia Saudita na agress\u00e3o ao I\u00eamen.<\/p>\n<p>Esse quadro vem gerando desespero na popula\u00e7\u00e3o, que se mobiliza para o confronto contra o regime. O PCS atua com bravura, em conjunto com outras organiza\u00e7\u00f5es de oposi\u00e7\u00e3o, no enfrentamento a esse quadro. O Partido Comunista Brasileiro soma-se \u00e0s in\u00fameras manifesta\u00e7\u00f5es de rep\u00fadio ao governo de Omar al-Bashir e \u00e0 repress\u00e3o que vigora no Sud\u00e3o, exige a imediata liberta\u00e7\u00e3o do Secret\u00e1rio Geral do Partido Comunista do Sud\u00e3o, Mukhtar Al-Khatib e prop\u00f5e que todas as for\u00e7as democr\u00e1ticas e de esquerda brasileiras se agreguem a essa luta.<\/p>\n","protected":false},"excerpt":{"rendered":"<a class=\"moretag\" href=\"https:\/\/pcb.org.br\/portal2\/18500\"> <\/a>","protected":false},"author":1,"featured_media":0,"comment_status":"closed","ping_status":"closed","sticky":false,"template":"","format":"standard","meta":{"jetpack_post_was_ever_published":false,"_jetpack_newsletter_access":"","_jetpack_dont_email_post_to_subs":false,"_jetpack_newsletter_tier_id":0,"_jetpack_memberships_contains_paywalled_content":false,"_jetpack_memberships_contains_paid_content":false,"footnotes":"","jetpack_publicize_message":"","jetpack_publicize_feature_enabled":true,"jetpack_social_post_already_shared":true,"jetpack_social_options":{"image_generator_settings":{"template":"highway","default_image_id":0,"font":"","enabled":false},"version":2}},"categories":[253],"tags":[227],"class_list":["post-18500","post","type-post","status-publish","format-standard","hentry","category-sudao","tag-5a"],"jetpack_publicize_connections":[],"jetpack_featured_media_url":"","jetpack_shortlink":"https:\/\/wp.me\/p659gw-4Oo","jetpack-related-posts":[],"jetpack_likes_enabled":true,"jetpack_sharing_enabled":true,"_links":{"self":[{"href":"https:\/\/pcb.org.br\/portal2\/wp-json\/wp\/v2\/posts\/18500","targetHints":{"allow":["GET"]}}],"collection":[{"href":"https:\/\/pcb.org.br\/portal2\/wp-json\/wp\/v2\/posts"}],"about":[{"href":"https:\/\/pcb.org.br\/portal2\/wp-json\/wp\/v2\/types\/post"}],"author":[{"embeddable":true,"href":"https:\/\/pcb.org.br\/portal2\/wp-json\/wp\/v2\/users\/1"}],"replies":[{"embeddable":true,"href":"https:\/\/pcb.org.br\/portal2\/wp-json\/wp\/v2\/comments?post=18500"}],"version-history":[{"count":0,"href":"https:\/\/pcb.org.br\/portal2\/wp-json\/wp\/v2\/posts\/18500\/revisions"}],"wp:attachment":[{"href":"https:\/\/pcb.org.br\/portal2\/wp-json\/wp\/v2\/media?parent=18500"}],"wp:term":[{"taxonomy":"category","embeddable":true,"href":"https:\/\/pcb.org.br\/portal2\/wp-json\/wp\/v2\/categories?post=18500"},{"taxonomy":"post_tag","embeddable":true,"href":"https:\/\/pcb.org.br\/portal2\/wp-json\/wp\/v2\/tags?post=18500"}],"curies":[{"name":"wp","href":"https:\/\/api.w.org\/{rel}","templated":true}]}}