{"id":18591,"date":"2018-02-03T14:24:42","date_gmt":"2018-02-03T17:24:42","guid":{"rendered":"https:\/\/pcb.org.br\/portal2\/?p=18591"},"modified":"2018-02-03T12:29:55","modified_gmt":"2018-02-03T15:29:55","slug":"cuba-protesta-contra-tentativa-dos-eua-de-atacar-sua-soberania","status":"publish","type":"post","link":"https:\/\/pcb.org.br\/portal2\/18591","title":{"rendered":"Cuba protesta contra tentativa dos EUA de atacar sua soberania"},"content":{"rendered":"<p><img decoding=\"async\" class=\"imagem\" title=\"Cuba protesta contra tentativa dos EUA de atacar sua soberania\" src=\"https:\/\/i0.wp.com\/www.prensalatina.com.br\/images\/2018\/febrero\/01\/cuba-cancilleria-casa.jpg\" alt=\"Cuba protesta contra tentativa dos EUA de atacar sua soberania\" \/><!--more--><a href=\"http:\/\/www.prensalatina.com.br\/index.php?o=rn&amp;id=13950&amp;SEO=cuba-protesta-por-tentativas-dos-eua-de-socavar-sua-soberania\" target=\"_blank\" rel=\"noopener\">Prensa Latina<\/a><\/p>\n<p>Cuba protestou diante das autoridades diplom\u00e1ticas dos Estados Unidos pelas tentativas desse pa\u00eds de quebrantar a soberania da na\u00e7\u00e3o caribenha quanto \u00e0 competi\u00e7\u00e3o para regular fluxos de informa\u00e7\u00e3o, segundo nota difundida pelo governo cubano.<\/p>\n<p>De acordo com os meios locais, na quarta-feira, dia 31\/01, o minist\u00e9rio cubano das Rela\u00e7\u00f5es Exteriores (Minrex) entregou ao encarregado de neg\u00f3cios da embaixada norte-americana na ilha, Lawrence Gumbiner, uma nota de protesto pela pretens\u00e3o de seu governo de violar de modo flagrante a soberania cubana para o uso dos meios de difus\u00e3o em massa.<\/p>\n<p>Por sua vez, o documento (remetido tamb\u00e9m ao Departamento de Estado pela embaixada cubana em Washington) rejeita as tentativas de manipula\u00e7\u00e3o da internet para levar a cabo programa ilegais com fins pol\u00edticos e de subvers\u00e3o, como parte das a\u00e7\u00f5es estadunidenses destinadas a alterar ou mudar a ordem constitucional de Cuba.<\/p>\n<p>O protesto tem seus motivos por causa de um an\u00fancio do Departamento de Estado realizado no passado dia 23, no qual se convoca uma for\u00e7a operativa na internet integrada por servidores p\u00fablicos do Governo dos Estados Unidos e representantes de organiza\u00e7\u00f5es n\u00e3o governamentais com o objetivo declarado de promover em Cuba o &#8216;fluxo livre e n\u00e3o regulado da informa\u00e7\u00e3o&#8217;.<\/p>\n<p>Segundo o an\u00fancio, esta for\u00e7a &#8216;examinar\u00e1 os desafios tecnol\u00f3gicos e as oportunidades para expandir o acesso \u00e0 internet e aos meios de difus\u00e3o independentes&#8217; na ilha.<\/p>\n<p>A nota do Minrex demanda novamente ao Governo de Estados Unidos que cesse suas a\u00e7\u00f5es subversivas, ingerencistas e ilegais contra Cuba, que atentam contra a estabilidade e a ordem constitucional cubana, e o chama a respeitar a soberania cubana, o Direito Internacional e os prop\u00f3sitos e princ\u00edpios da Carta das Na\u00e7\u00f5es Unidas.<\/p>\n<p>Assim, a mensagem da chancelaria antilhana reitera a determina\u00e7\u00e3o do Governo de Cuba de n\u00e3o tolerar nenhum tipo de atividade subversiva nem de intromiss\u00e3o em seus assuntos internos e, como pa\u00eds soberano, de continuar se defendendo e denunciando a natureza ingerencista deste tipo de a\u00e7\u00f5es.<\/p>\n<p>&#8216;Cuba continuar\u00e1 regulando o fluxo de informa\u00e7\u00e3o como \u00e9 seu direito soberano e como \u00e9 pr\u00e1tica em todos os pa\u00edses, incluindo os Estados Unidos. Cuba, tamb\u00e9m, seguir\u00e1 avan\u00e7ando na informatiza\u00e7\u00e3o de sua sociedade, como parte do desenvolvimento do pa\u00eds e em fun\u00e7\u00e3o dos objetivos de justi\u00e7a social que caracterizam a sua Revolu\u00e7\u00e3o&#8217;, finaliza a nota.<\/p>\n<p>mem\/tgp\/bj\/gdc<\/p>\n<p>http:\/\/www.prensalatina.com.br\/index.php?o=rn&#038;id=13950&#038;SEO=cuba-protesta-por-tentativas-dos-eua-de-socavar-sua-soberania<\/p>\n","protected":false},"excerpt":{"rendered":"<a class=\"moretag\" href=\"https:\/\/pcb.org.br\/portal2\/18591\"> <\/a>","protected":false},"author":1,"featured_media":0,"comment_status":"closed","ping_status":"closed","sticky":false,"template":"","format":"standard","meta":{"jetpack_post_was_ever_published":false,"_jetpack_newsletter_access":"","_jetpack_dont_email_post_to_subs":false,"_jetpack_newsletter_tier_id":0,"_jetpack_memberships_contains_paywalled_content":false,"_jetpack_memberships_contains_paid_content":false,"footnotes":"","jetpack_publicize_message":"","jetpack_publicize_feature_enabled":true,"jetpack_social_post_already_shared":true,"jetpack_social_options":{"image_generator_settings":{"template":"highway","default_image_id":0,"font":"","enabled":false},"version":2}},"categories":[48],"tags":[233],"class_list":["post-18591","post","type-post","status-publish","format-standard","hentry","category-c58-cuba","tag-6a"],"jetpack_publicize_connections":[],"jetpack_featured_media_url":"","jetpack_shortlink":"https:\/\/wp.me\/p659gw-4PR","jetpack-related-posts":[],"jetpack_likes_enabled":true,"jetpack_sharing_enabled":true,"_links":{"self":[{"href":"https:\/\/pcb.org.br\/portal2\/wp-json\/wp\/v2\/posts\/18591","targetHints":{"allow":["GET"]}}],"collection":[{"href":"https:\/\/pcb.org.br\/portal2\/wp-json\/wp\/v2\/posts"}],"about":[{"href":"https:\/\/pcb.org.br\/portal2\/wp-json\/wp\/v2\/types\/post"}],"author":[{"embeddable":true,"href":"https:\/\/pcb.org.br\/portal2\/wp-json\/wp\/v2\/users\/1"}],"replies":[{"embeddable":true,"href":"https:\/\/pcb.org.br\/portal2\/wp-json\/wp\/v2\/comments?post=18591"}],"version-history":[{"count":0,"href":"https:\/\/pcb.org.br\/portal2\/wp-json\/wp\/v2\/posts\/18591\/revisions"}],"wp:attachment":[{"href":"https:\/\/pcb.org.br\/portal2\/wp-json\/wp\/v2\/media?parent=18591"}],"wp:term":[{"taxonomy":"category","embeddable":true,"href":"https:\/\/pcb.org.br\/portal2\/wp-json\/wp\/v2\/categories?post=18591"},{"taxonomy":"post_tag","embeddable":true,"href":"https:\/\/pcb.org.br\/portal2\/wp-json\/wp\/v2\/tags?post=18591"}],"curies":[{"name":"wp","href":"https:\/\/api.w.org\/{rel}","templated":true}]}}