{"id":18630,"date":"2018-02-06T14:58:33","date_gmt":"2018-02-06T17:58:33","guid":{"rendered":"https:\/\/pcb.org.br\/portal2\/?p=18630"},"modified":"2018-02-06T12:05:05","modified_gmt":"2018-02-06T15:05:05","slug":"capitalismo-e-escravidao","status":"publish","type":"post","link":"https:\/\/pcb.org.br\/portal2\/18630","title":{"rendered":"Capitalismo e escravid\u00e3o"},"content":{"rendered":"<p><img data-recalc-dims=\"1\" decoding=\"async\" class=\"imagem\" title=\"Exemplo de trabalho escravo 'moderno'\" src=\"https:\/\/i0.wp.com\/3.bp.blogspot.com\/-ZTbFMSW4ZN4\/WndvYK4QmgI\/AAAAAAAABas\/Bam-OyQaJ70FPzebHwadVqRoJt910rBKwCLcBGAs\/s1600\/riachuelo.png?w=747&#038;ssl=1\" alt=\"Exemplo de trabalho escravo 'moderno'\" \/><!--more--><a href=\"http:\/\/makaveliteorizando.blogspot.com.br\/2018\/02\/capitalismo-e-escravidao.html\" target=\"_blank\" rel=\"noopener\">Jones Manoel*<\/a><\/p>\n<p>Recentemente, no m\u00eas de outubro do ano passado, o Governo Temer apresentou mais um ataque contra os trabalhadores. Atendendo uma pauta hist\u00f3rica da classe dominante, especialmente da burguesia industrial e do latif\u00fandio, o Governo decidiu mudar as regras de combate ao trabalho escravo. Pelas novas regras, a classifica\u00e7\u00e3o de trabalho escravo ficava praticamente imposs\u00edvel: para ser tratado como trabalho an\u00e1logo \u00e0 escravid\u00e3o o trabalhador precisaria estar sob c\u00e1rcere privado quase que como um sequestro. Uso de d\u00edvidas como forma de prender o trabalhador, situa\u00e7\u00f5es de trabalho extremamente degradantes, trabalho sem remunera\u00e7\u00e3o, uso de amea\u00e7as para manter trabalhadores etc. n\u00e3o configurariam mais casos de escravid\u00e3o. A medida \u00e9 t\u00e3o absurda, causou tanta revolta em v\u00e1rios setores da sociedade, que o governo viu-se obrigado a recuar embora n\u00e3o tenha desistido \u2013 quando at\u00e9 o Supremo Tribunal Federal (STF), \u00f3rg\u00e3o parceiro do governo golpista nos ataques aos direitos dos trabalhadores, resolveu atuar contra a medida.<\/p>\n<p>Segundo dados da ONG Walk Free Foundation, o Brasil tem 144 mil trabalhadores em situa\u00e7\u00e3o de escravid\u00e3o. Esse n\u00famero, na verdade, \u00e9 muito maior. Casos de trabalho escravid\u00e3o, devido a sua pr\u00f3pria natureza, s\u00e3o de dif\u00edcil contabilidade e as estimativas s\u00e3o feitas de acordo com os casos descobertos. Na situa\u00e7\u00e3o atual do Brasil com a aprova\u00e7\u00e3o da contrarreforma trabalhista, terceiriza\u00e7\u00e3o irrestrita, fragiliza\u00e7\u00e3o na justi\u00e7a do trabalho, corte de verbas nos \u00f3rg\u00e3os de fiscaliza\u00e7\u00e3o e fortalecimento pol\u00edtico e econ\u00f4mico do latif\u00fandio, a tend\u00eancia \u00e9 uma expans\u00e3o gigantesca das situa\u00e7\u00f5es de trabalho an\u00e1logo \u00e0 escravid\u00e3o. Al\u00e9m disso, o recuo do governo Temer n\u00e3o \u00e9 uma desist\u00eancia, \u00e9 apenas uma espera t\u00e1tica para reapresentar a proposta num momento pol\u00edtico mais favor\u00e1vel.<\/p>\n<p>A reabilita\u00e7\u00e3o da escravid\u00e3o mostra que a persist\u00eancia dessa forma de explora\u00e7\u00e3o n\u00e3o \u00e9 um defeito das institui\u00e7\u00f5es de fiscaliza\u00e7\u00e3o no Brasil (embora elas sejam insuficientes e falhas), mas um produto do capitalismo dependente brasileiro. Nesse momento de crise capitalista mundial, a classe dominante brasileira busca garantir sua taxa de lucro ampliando as formas mais odiosas de superexplora\u00e7\u00e3o da for\u00e7a de trabalho, isto \u00e9, buscando formas de explora\u00e7\u00e3o que violam os limites sociais e f\u00edsicos da nossa classe, impedindo at\u00e9 sua sobreviv\u00eancia biol\u00f3gica. A classe dominante brasileira, eterna saudosista da escravid\u00e3o da \u00e9poca colonial, busca reeditar a sociedade da casa grande e senzala.<\/p>\n<p>Como combater a escravid\u00e3o? A classe trabalhadora e os movimentos populares devem enfrentar incansavelmente mais esse ataque operado pela quadrilha do Congresso e o Governo Temer n\u00e3o aceitando qualquer regress\u00e3o na legisla\u00e7\u00e3o atual e combatendo os cortes or\u00e7ament\u00e1rios nos \u00f3rg\u00e3os de fiscaliza\u00e7\u00e3o. Em segundo lugar, e o mais importante, \u00e9 necess\u00e1rio enfrentar os verdadeiros respons\u00e1vel por mais esse retrocesso: as construtoras, banqueiros, industriais, grandes fazendeiros, grandes grupos de m\u00eddia etc. eles s\u00e3o os grandes beneficiados dessa proposta. Eles \u00e9 que s\u00e3o os inimigos centrais e garantir o fim definitivo da escravid\u00e3o significa derrotar esse setores no processo de constru\u00e7\u00e3o do poder popular.<\/p>\n<p>*Militante do PCB de Pernambuco<\/p>\n<p>http:\/\/makaveliteorizando.blogspot.com.br\/2018\/02\/capitalismo-e-escravidao.html<\/p>\n","protected":false},"excerpt":{"rendered":"<a class=\"moretag\" href=\"https:\/\/pcb.org.br\/portal2\/18630\"> <\/a>","protected":false},"author":1,"featured_media":0,"comment_status":"closed","ping_status":"closed","sticky":false,"template":"","format":"standard","meta":{"jetpack_post_was_ever_published":false,"_jetpack_newsletter_access":"","_jetpack_dont_email_post_to_subs":false,"_jetpack_newsletter_tier_id":0,"_jetpack_memberships_contains_paywalled_content":false,"_jetpack_memberships_contains_paid_content":false,"footnotes":"","jetpack_publicize_message":"","jetpack_publicize_feature_enabled":true,"jetpack_social_post_already_shared":true,"jetpack_social_options":{"image_generator_settings":{"template":"highway","default_image_id":0,"font":"","enabled":false},"version":2}},"categories":[7],"tags":[226],"class_list":["post-18630","post","type-post","status-publish","format-standard","hentry","category-s8-brasil","tag-4b"],"jetpack_publicize_connections":[],"jetpack_featured_media_url":"","jetpack_shortlink":"https:\/\/wp.me\/p659gw-4Qu","jetpack-related-posts":[],"jetpack_likes_enabled":true,"jetpack_sharing_enabled":true,"_links":{"self":[{"href":"https:\/\/pcb.org.br\/portal2\/wp-json\/wp\/v2\/posts\/18630","targetHints":{"allow":["GET"]}}],"collection":[{"href":"https:\/\/pcb.org.br\/portal2\/wp-json\/wp\/v2\/posts"}],"about":[{"href":"https:\/\/pcb.org.br\/portal2\/wp-json\/wp\/v2\/types\/post"}],"author":[{"embeddable":true,"href":"https:\/\/pcb.org.br\/portal2\/wp-json\/wp\/v2\/users\/1"}],"replies":[{"embeddable":true,"href":"https:\/\/pcb.org.br\/portal2\/wp-json\/wp\/v2\/comments?post=18630"}],"version-history":[{"count":0,"href":"https:\/\/pcb.org.br\/portal2\/wp-json\/wp\/v2\/posts\/18630\/revisions"}],"wp:attachment":[{"href":"https:\/\/pcb.org.br\/portal2\/wp-json\/wp\/v2\/media?parent=18630"}],"wp:term":[{"taxonomy":"category","embeddable":true,"href":"https:\/\/pcb.org.br\/portal2\/wp-json\/wp\/v2\/categories?post=18630"},{"taxonomy":"post_tag","embeddable":true,"href":"https:\/\/pcb.org.br\/portal2\/wp-json\/wp\/v2\/tags?post=18630"}],"curies":[{"name":"wp","href":"https:\/\/api.w.org\/{rel}","templated":true}]}}