{"id":18633,"date":"2018-02-06T17:05:18","date_gmt":"2018-02-06T20:05:18","guid":{"rendered":"https:\/\/pcb.org.br\/portal2\/?p=18633"},"modified":"2018-02-06T12:15:53","modified_gmt":"2018-02-06T15:15:53","slug":"cao-foi-um-campeao-da-unidade-sindical","status":"publish","type":"post","link":"https:\/\/pcb.org.br\/portal2\/18633","title":{"rendered":"Ca\u00f3 foi um campe\u00e3o da unidade sindical!"},"content":{"rendered":"<p><img decoding=\"async\" class=\"imagem\" title=\"Ca\u00f3 foi um campe\u00e3o da unidade sindical!\" src=\"https:\/\/i0.wp.com\/tvbrasil.ebc.com.br\/sites\/default\/files\/thumbnails\/video\/youtube-UMUkt6xaAeM.jpg\" alt=\"Ca\u00f3 foi um campe\u00e3o da unidade sindical!\" \/><!--more-->Ivan Pinheiro*<\/p>\n<p>Tive o privil\u00e9gio de compartilhar muitas lutas e articula\u00e7\u00f5es pol\u00edticas com o ent\u00e3o camarada do PCB, Carlos Alberto de Oliveira, mais conhecido como Ca\u00f3, que presidia o Sindicato dos Jornalistas enquanto eu era presidente do Sindicato dos Banc\u00e1rios, ambos no Rio de Janeiro. Ca\u00f3 faleceu neste 5 de fevereiro, ap\u00f3s anos de uma doen\u00e7a que o afastou da pol\u00edtica e do jornalismo.<\/p>\n<p>Ca\u00f3 saiu do PCB em 1981, nos marcos do rompimento de Luiz Carlos Prestes, vinculando-se ao PDT de Brizola, com v\u00e1rios outros camaradas do Rio de Janeiro. Mas continuou amigo do PCB e sempre no campo da esquerda socialista. Como Deputado Federal, foi autor da lei que definiu a pr\u00e1tica de racismo como crime inafian\u00e7\u00e1vel e imprescrit\u00edvel, sujeito a pena de reclus\u00e3o, que ficou conhecida com Lei Ca\u00f3.<\/p>\n<p>N\u00e3o conheci no movimento sindical brasileiro, ao qual me dediquei intensamente entre 1978 e 1985, nem de longe, nenhum militante com a capacidade de construir consensos e costurar unidade de a\u00e7\u00e3o como o Ca\u00f3.<\/p>\n<p>Orador h\u00e1bil, brilhante e carism\u00e1tico, Ca\u00f3 salvou muitas reuni\u00f5es e eventos do fracasso ou do racha, com argumenta\u00e7\u00e3o pol\u00edtica consistente, falando o que era necess\u00e1rio falar, usando a franqueza sem faltar com o respeito, conciliando sem abrir m\u00e3o de princ\u00edpios.<\/p>\n<p>Numa \u00e9poca em que o PCB era a for\u00e7a pol\u00edtica mais importante no movimento sindical brasileiro e desenvolvia uma linha de ampla unidade sindical (a face da pol\u00edtica de frente democr\u00e1tica contra a ditadura no meio sindical), Ca\u00f3 foi decisivo em v\u00e1rios epis\u00f3dios em que, \u00e0 direita e \u00e0 esquerda, batiam os tambores da divis\u00e3o.<\/p>\n<p><strong>Conto aqui um epis\u00f3dio, que poucos conhecem<\/strong><\/p>\n<p>Entre 2 e 6 de agosto de 1979, reuniu-se em Gragoat\u00e1 (Niter\u00f3i \u2013 Rio de Janeiro) o Encontro Nacional de Dirigentes Sindicais, organizado pelo Cebrad \u2013 Centro Brasil Democr\u00e1tico, criado pelo PCB e ent\u00e3o presidido por Oscar Niemeyer, que teve importante papel na luta contra a ditadura. Este encontro foi decisivo para a cria\u00e7\u00e3o das Intersindicais Estaduais e da CUT. Mas foi apagado da mem\u00f3ria do movimento sindical brasileiro pelos petistas, hegem\u00f4nicos a partir da segunda metade dos anos 1980, em sua narrativa de que o movimento sindical s\u00f3 come\u00e7ou no Brasil quando surgiu o PT!<\/p>\n<p>Na v\u00e9spera do encerramento do Encontro, criou-se uma grande diverg\u00eancia entre os dirigentes sindicais do PCB e aqueles que, sob a lideran\u00e7a de Lula, davam os primeiros passos para a funda\u00e7\u00e3o do PT. Estes exigiam a inclus\u00e3o na declara\u00e7\u00e3o final de propostas problem\u00e1ticas para o PCB, como o apoio \u00e0 cria\u00e7\u00e3o de \u201cum partido de trabalhadores\u201d e a a\u00e7odada marca\u00e7\u00e3o de prazos para a realiza\u00e7\u00e3o de uma greve geral e a cria\u00e7\u00e3o da CUT.<\/p>\n<p>No s\u00e1bado, reunimos o comando do Partido no Encontro, ficando Ca\u00f3 respons\u00e1vel por redigir o anteprojeto do que viria a ser a Carta de Gragoat\u00e1, procurando mediar as diverg\u00eancias sem escond\u00ea-las, ou seja, um texto capaz de unificar a plen\u00e1ria final.<\/p>\n<p>Tarde da noite, come\u00e7amos uma demorada reuni\u00e3o bilateral com Lula, Ol\u00edvio Dutra e outros, onde discutimos exaustivamente todas as diverg\u00eancias e que se encerrou com a assinatura de todos os presentes no texto redigido pelo Ca\u00f3, sem qualquer emenda! A plen\u00e1ria de domingo acabou mais cedo do que o previsto, com a Carta de Gragoat\u00e1 aprovada por aclama\u00e7\u00e3o!<\/p>\n<p>Nesta homenagem ao camarada Ca\u00f3, que presto aqui certamente em nome do PCB, transcrevo a Carta de Gragoat\u00e1 para trazer \u00e0 luz esse epis\u00f3dio decisivo para a reconstru\u00e7\u00e3o do movimento sindical.<\/p>\n<p><strong>Carta de Gragoat\u00e1<\/strong><\/p>\n<p>Reunidos de 2 a 6 de agosto de 1979 em Gragoat\u00e1, Niter\u00f3i, no Encontro Nacional de Dirigentes Sindicais, representantes de trabalhadores do campo e da cidade de todas as regi\u00f5es do Pa\u00eds expressam, ap\u00f3s amplos debates sobre a situa\u00e7\u00e3o pol\u00edtico-institucional e econ\u00f4mica, o compromisso de luta pela conquista da democracia, insepar\u00e1vel da resolu\u00e7\u00e3o dos problemas que afetam a vida sindical. Entendem, por essa raz\u00e3o, que \u00e9 essencial para os trabalhadores a plena e integral restaura\u00e7\u00e3o das liberdades democr\u00e1ticas &#8211; de imprensa, de express\u00e3o, de livre associa\u00e7\u00e3o e organiza\u00e7\u00e3o partid\u00e1ria &#8211; assegurando-se a cada brasileiro o direito de escolha dos seus governantes.<\/p>\n<p>Mas, para que a democratiza\u00e7\u00e3o realmente se efetive, consideram indispens\u00e1vel que os canais de participa\u00e7\u00e3o pol\u00edtica sejam abertos aos trabalhadores &#8211; de tal maneira que eles possam usufruir da liberdade e autonomia sindicais, do direito de greve e da estabilidade no emprego, convertidos em princ\u00edpios constitucionais que venham a ser aprovados em Assembleia Nacional Constituinte, livremente eleita e soberana.<\/p>\n<p>Embora tenha sido determinada em grande parte pela a\u00e7\u00e3o dos movimentos grevistas que romperam as barreiras legais \u00e0 aut\u00eantica atividade sindical, a &#8220;abertura&#8221; com que acena o Governo procura reduzir os trabalhadores a condi\u00e7\u00e3o de meros espectadores do entendimento entre as elites, que pretendem modelar as transforma\u00e7\u00f5es pol\u00edticas segundo seus interesses.<\/p>\n<p>As manobras de marginaliza\u00e7\u00e3o da classe trabalhadora se evidenciam claramente no anteprojeto de reforma da Consolida\u00e7\u00e3o das Leis do Trabalho, que reproduz a filosofia corporativista da legisla\u00e7\u00e3o vigentes, com o que se pretende perpetuar a subordina\u00e7\u00e3o dos sindicatos ao Estado.<\/p>\n<p>Ao repudiar o anteprojeto da CLT, exortam os assalariados das diversas categorias a que, atrav\u00e9s da sindicaliza\u00e7\u00e3o e da organiza\u00e7\u00e3o nos locais de trabalho, fortale\u00e7am seus sindicatos, os quais, no processo de luta pela conquista da autonomia e liberdade sindicais, dever\u00e3o ser coordenados por uma Central \u00danica dos Trabalhadores.<\/p>\n<p>Pressionado pelo povo brasileiro, o Governo \u00e9 for\u00e7ado a recuar, enviando ao Congresso Nacional um projeto de anistia. Embora parcial e restrito, o projeto \u00e9 resultado do avan\u00e7o das for\u00e7as democr\u00e1ticas e populares e devolve a cidadania pol\u00edtica a milhares de brasileiros. Mais uma vez, por\u00e9m, a a\u00e7\u00e3o governamental discrimina social e politicamente, colocando \u00e0 margem dos benef\u00edcios da anistia muitos milhares de trabalhadores afastados de seus empregos pela brutal repress\u00e3o que se abateu, nos \u00faltimos quinze anos sobre a classe oper\u00e1ria. Comprometidos com a luta por anistia ampla, geral e irrestrita, que liberte todos os presos pol\u00edticos e restitua \u00e0s suas ocupa\u00e7\u00f5es todos os brasileiros delas afastados por motivos pol\u00edticos, esperam os representantes dos trabalhadores do campo e da cidade que o Congresso Nacional saiba refletir na discuss\u00e3o e vota\u00e7\u00e3o do projeto do Governo o desejo do conjunto da sociedade: desmantelamento dos aparelhos de repress\u00e3o, revoga\u00e7\u00e3o das leis e medidas de exce\u00e7\u00e3o, em suma, a aboli\u00e7\u00e3o do regime de exce\u00e7\u00e3o em todos os planos.<\/p>\n<p>Com base no princ\u00edpio da plena liberdade de organiza\u00e7\u00e3o de partidos pol\u00edticos, inerente ao regime democr\u00e1tico, os representantes sindicais presentes a este Encontro defendem o pluralismo pol\u00edtico. Por conseguinte, denunciam e se op\u00f5em firmemente \u00e0s tentativas de extin\u00e7\u00e3o dos atuais partidos por for\u00e7a governamental, qualquer que seja o pretexto utilizado para este fim. A liberdade de organiza\u00e7\u00e3o partid\u00e1ria por que lutam deve assegurar aos trabalhadores, assim como \u00e0s demais for\u00e7as e classes sociais, o direito de se expressarem atrav\u00e9s de partidos pol\u00edticos.<\/p>\n<p>Ao condenar o &#8220;modelo econ\u00f4mico&#8221; vigente, alertam para o risco de que a pol\u00edtica de &#8220;economia de guerra&#8221; venha, na realidade, a representar, a pretexto de combater a infla\u00e7\u00e3o, um instrumento de sustenta\u00e7\u00e3o da pol\u00edtica do arrocho salarial, resguardando, no entanto, os lucros dos oligop\u00f3lios nacionais e estrangeiros.<\/p>\n<p>Para enfrentar tal situa\u00e7\u00e3o, deve-se come\u00e7ar, desde j\u00e1, em todos os locais de trabalho, uma ampla campanha de mobiliza\u00e7\u00e3o e conscientiza\u00e7\u00e3o pol\u00edtica sobre os significados sociais da estrat\u00e9gia de recess\u00e3o econ\u00f4mica, de modo que os trabalhadores estejam preparados, se necess\u00e1rio, para recorrer \u00e0 greve geral.<\/p>\n<p>Entendem os representantes dos trabalhadores do campo e da cidade de todas as regi\u00f5es do Pa\u00eds que o efetivo combate \u00e0 infla\u00e7\u00e3o repousa na recupera\u00e7\u00e3o da economia, fundada num programa de gastos em habita\u00e7\u00e3o popular, transportes coletivos e urbanos, educa\u00e7\u00e3o, sa\u00fade, lazer e saneamento b\u00e1sico. Para isso, torna-se indispens\u00e1vel a promo\u00e7\u00e3o das reformas financeira e tribut\u00e1ria.<\/p>\n<p>Sustentam tamb\u00e9m que a dinamiza\u00e7\u00e3o da agricultura, com justi\u00e7a social, s\u00f3 ser\u00e1 efetiva com a promo\u00e7\u00e3o da reforma agr\u00e1ria.<\/p>\n<p>Pelo progresso e bem-estar do povo brasileiro!<\/p>\n<p>Pela unidade de todos os trabalhadores!<\/p>\n<p>Gragoat\u00e1, 6 de agosto de 1979.<\/p>\n<p>*Membro da Comiss\u00e3o Pol\u00edtica Nacional do PCB<\/p>\n","protected":false},"excerpt":{"rendered":"<a class=\"moretag\" href=\"https:\/\/pcb.org.br\/portal2\/18633\"> <\/a>","protected":false},"author":1,"featured_media":0,"comment_status":"closed","ping_status":"closed","sticky":false,"template":"","format":"standard","meta":{"jetpack_post_was_ever_published":false,"_jetpack_newsletter_access":"","_jetpack_dont_email_post_to_subs":false,"_jetpack_newsletter_tier_id":0,"_jetpack_memberships_contains_paywalled_content":false,"_jetpack_memberships_contains_paid_content":false,"footnotes":"","jetpack_publicize_message":"","jetpack_publicize_feature_enabled":true,"jetpack_social_post_already_shared":true,"jetpack_social_options":{"image_generator_settings":{"template":"highway","default_image_id":0,"font":"","enabled":false},"version":2}},"categories":[46],"tags":[222],"class_list":["post-18633","post","type-post","status-publish","format-standard","hentry","category-c56-memoria","tag-2b"],"jetpack_publicize_connections":[],"jetpack_featured_media_url":"","jetpack_shortlink":"https:\/\/wp.me\/p659gw-4Qx","jetpack-related-posts":[],"jetpack_likes_enabled":true,"jetpack_sharing_enabled":true,"_links":{"self":[{"href":"https:\/\/pcb.org.br\/portal2\/wp-json\/wp\/v2\/posts\/18633","targetHints":{"allow":["GET"]}}],"collection":[{"href":"https:\/\/pcb.org.br\/portal2\/wp-json\/wp\/v2\/posts"}],"about":[{"href":"https:\/\/pcb.org.br\/portal2\/wp-json\/wp\/v2\/types\/post"}],"author":[{"embeddable":true,"href":"https:\/\/pcb.org.br\/portal2\/wp-json\/wp\/v2\/users\/1"}],"replies":[{"embeddable":true,"href":"https:\/\/pcb.org.br\/portal2\/wp-json\/wp\/v2\/comments?post=18633"}],"version-history":[{"count":0,"href":"https:\/\/pcb.org.br\/portal2\/wp-json\/wp\/v2\/posts\/18633\/revisions"}],"wp:attachment":[{"href":"https:\/\/pcb.org.br\/portal2\/wp-json\/wp\/v2\/media?parent=18633"}],"wp:term":[{"taxonomy":"category","embeddable":true,"href":"https:\/\/pcb.org.br\/portal2\/wp-json\/wp\/v2\/categories?post=18633"},{"taxonomy":"post_tag","embeddable":true,"href":"https:\/\/pcb.org.br\/portal2\/wp-json\/wp\/v2\/tags?post=18633"}],"curies":[{"name":"wp","href":"https:\/\/api.w.org\/{rel}","templated":true}]}}