{"id":18655,"date":"2018-02-07T21:20:03","date_gmt":"2018-02-08T00:20:03","guid":{"rendered":"https:\/\/pcb.org.br\/portal2\/?p=18655"},"modified":"2018-02-08T00:23:54","modified_gmt":"2018-02-08T03:23:54","slug":"israel-e-cumplice-da-repressao-ao-povo-hondurenho","status":"publish","type":"post","link":"https:\/\/pcb.org.br\/portal2\/18655","title":{"rendered":"Israel \u00e9 c\u00famplice da repress\u00e3o ao povo hondurenho"},"content":{"rendered":"<p><img data-recalc-dims=\"1\" decoding=\"async\" class=\"imagem\" title=\"Israel \u00e9 c\u00famplice da repress\u00e3o ao povo hondurenho\" src=\"https:\/\/i0.wp.com\/3.bp.blogspot.com\/-sPyTtBp_Qik\/Wmy8CbZqJXI\/AAAAAAAAw_k\/PjGUD1g3fEU8539UAROgUXNRIThK_rI_QCLcBGAs\/s1600\/001.jpg?w=747&#038;ssl=1\" alt=\"Israel \u00e9 c\u00famplice da repress\u00e3o ao povo hondurenho\" \/><!--more--><a href=\"http:\/\/www.resumenlatinoamericano.org\/2018\/02\/05\/israel-es-complice-de-la-represion-al-pueblo-hondureno\/\" target=\"_blank\" rel=\"noopener\">Resumen Latinoamericano<\/a>*<\/p>\n<p>O povo hondurenho vem sofrendo duramente com a repress\u00e3o \u00e0s organiza\u00e7\u00f5es sociais que exigem esclarecimento sobre o ocorrido nas \u00faltimas elei\u00e7\u00f5es, tendo como base uma nova tecnologia de guerra proveniente de um pa\u00eds que aparece geralmente s\u00f3 para trazer militarismo: Israel.<\/p>\n<p>J\u00e1 em 1983, Israel vendeu ao pa\u00eds avi\u00f5es, fazendo com que o pa\u00eds centro-americano passasse a se posicionar com a maior for\u00e7a a\u00e9rea, al\u00e9m de tanques, fuzis Galil e treinamento tanto para oficiais como para a tropa [1]. Em 2018, mais uma vez volta a aparecer trazendo ferramentas de morte e destrui\u00e7\u00e3o. Vejamos em quais condi\u00e7\u00f5es aparece hoje e como as rela\u00e7\u00f5es com este pa\u00eds s\u00f3 aprofundam a viola\u00e7\u00e3o de direitos humanos dos e das hondurenhas.<\/p>\n<p>Em agosto de 2016, o presidente de Honduras anunciou que estabeleceria um conv\u00eanio militar com o governo de Israel: \u201cestou mandando ao Congresso Nacional um conv\u00eanio muito importante, fundamental para o crescimento da na\u00e7\u00e3o hondurenha, um conv\u00eanio com o Estado de Israel; isso dar\u00e1 origem ao fortalecimento de nossas For\u00e7as Armadas, que provavelmente nunca ter\u00edamos tido\u201d [2]. Tal iniciativa terminou passando, em novembro desse mesmo ano, no Congresso do pa\u00eds, mediante o decreto marco 139 de 2016. Um m\u00eas depois, o ministro de defesa de Honduras viajou a Jerusal\u00e9m, onde assinou um acordo com sua contraparte israelense [3].<\/p>\n<p>No dito acordo, se definiram conv\u00eanios que implicam tanto a for\u00e7a a\u00e9rea, a naval e o ex\u00e9rcito: desenvolvimento de projetos para potencializar os avi\u00f5es F5 e A37, assim como a frota de helic\u00f3pteros; constru\u00e7\u00e3o de uma embarca\u00e7\u00e3o OPV, com capacidade para transportar helic\u00f3pteros e realizar patrulhas a mar aberto; fortalecimento do ramo do ex\u00e9rcito com uma sofisticada equipe de comunica\u00e7\u00f5es com cobertura em n\u00edvel nacional; aquisi\u00e7\u00e3o de sistemas de vigil\u00e2ncia e reconhecimento N\u00e3o Tripulada, integrados num total de 6 UAV (drones) [4].<\/p>\n<p>Demorou quase um ano para a implanta\u00e7\u00e3o desta tecnologia militar no pa\u00eds, por\u00e9m, em 10 de janeiro de 2018, a Secretaria de Defesa do Governo de Honduras anunciou \u201ca chegada das reposi\u00e7\u00f5es para a frota da For\u00e7a A\u00e9rea de Honduras, que inclui os helic\u00f3pteros Bell-412 e os avi\u00f5es F-5 EF e A-37B\u201d e que, no fim de janeiro, \u201cchegar\u00e3o ao pa\u00eds os sistemas de comunica\u00e7\u00e3o para apoio militar, que aumentar\u00e3o a efetividade das opera\u00e7\u00f5es por terra, mar e ar. Esta equipe de comunicadores se comp\u00f5e de r\u00e1dios veiculares HF, r\u00e1dios mochilas HF, r\u00e1dios mochilas VHF, r\u00e1dios veiculares VHF e VHF\/UHF, r\u00e1dios port\u00e1teis e r\u00e1dios bases compat\u00edveis com os equipamentos j\u00e1 existentes\u201d [5].<\/p>\n<p>Os equipamentos militares chegaram justo no momento em que se aprofundou a repress\u00e3o do governo deste pa\u00eds sobre organiza\u00e7\u00f5es sociais, as quais protestam pela falta de transpar\u00eancia nas passadas elei\u00e7\u00f5es presidenciais [6]. E n\u00e3o \u00e9 uma especula\u00e7\u00e3o dizer que esta nova tecnologia ser\u00e1 usada para favorecer a repress\u00e3o. O pr\u00f3prio chefe do Estado Maior conjunto das For\u00e7as Armadas de Honduras disse em m\u00eddias locais que estes novos sistemas de comunica\u00e7\u00e3o permitir\u00e3o que: \u201cda terra, a For\u00e7a do Ex\u00e9rcito ou a Pol\u00edcia Militar de Ordem P\u00fablica poder\u00e3o ter uma comunica\u00e7\u00e3o mais clara com as aeronaves da FAH ou com as embarca\u00e7\u00f5es da for\u00e7a naval de Honduras\u201d [7]. Isto significa, na pr\u00e1tica, que as comunica\u00e7\u00f5es da pol\u00edcia militar n\u00e3o est\u00e3o melhorando para um hipot\u00e9tico cen\u00e1rio da defesa da soberania nacional, mas para garantir e tornar cada vez mais efetiva a repress\u00e3o que exerce sobre o povo hondurenho. Ent\u00e3o, seria poss\u00edvel afirmar que, se esta tecnologia ajuda nas opera\u00e7\u00f5es do ex\u00e9rcito, pode-se esperar que aumentem os assassinatos extrajudiciais em meio aos protestos que, em 22 de janeiro, somavam \u201c38 pessoas assassinadas pela pol\u00edcia e pelo ex\u00e9rcito ap\u00f3s as diversas a\u00e7\u00f5es realizadas pelos dissidentes durante quase dois meses\u201d [8].<\/p>\n<p>O aprofundamento das rela\u00e7\u00f5es entre Honduras e Israel s\u00f3 trouxe o aumento do militarismo e do controle social \u00e0 popula\u00e7\u00e3o deste pa\u00eds; por isso, hoje mais que nunca, \u00e9 fundamental que a sociedade civil hondurenha se junte \u00e0s vozes que, em n\u00edvel global, exigem o embargo militar a Israel n\u00e3o s\u00f3 em solidariedade com o povo palestino, que \u00e9 mantido sob um regime de apartheid inaceit\u00e1vel, mas pela integridade e respeito dos direitos fundamentais dos cidad\u00e3os de seu pr\u00f3prio pa\u00eds. Assim, as e os cidad\u00e3os do mundo devem estar conscientes do que est\u00e1 acontecendo em Honduras e fazer o que estiver ao seu alcance para que internacionalmente n\u00e3o se tolere o que est\u00e1 ocorrendo, pressionando o governo desse pa\u00eds para que respeite os direitos fundamentais de seus habitantes.<\/p>\n<p>*Fonte: BDS \u2013 Col\u00f4mbia \/ PalestinaLibre<\/p>\n<p>1. Chomsky Noam; Fateful Triangle: The United States, Israel, and the Palestinians; Haymarket Books, 2015<\/p>\n<p>2. Israel y Colombia fortalecer\u00e1n a las FF AA, La Tribuna, 21 de agosto de 2016 <a href=\"http:\/\/www.latribuna.hn\/2016\/08\/21\/israel-colombia-fortaleceran-las-ff-aa\/\">http:\/\/www.latribuna.hn\/2016\/08\/21\/israel-colombia-fortaleceran-las-ff-aa\/<\/a><\/p>\n<p>3. Honduras suscribe acuerdo con Israel: estos son los proyectos a desarrollar en las fuerzas armadas. EL Heraldo; 8 de dezembro de 2016. <a href=\"http:\/\/www.elheraldo.hn\/pais\/1024750-466\/honduras-suscribe-acuerdo-con-israel-estos-son-los-proyectos-a-desarrollar-en\">http:\/\/www.elheraldo.hn\/pais\/1024750-466\/honduras-suscribe-acuerdo-con-israel-estos-son-los-proyectos-a-desarrollar-en<\/a><\/p>\n<p>4. Despacho de comunicaci\u00f3nes y estrategia de presidencia, Gobierno de la Rep\u00fablica de Honduras: Israel y Honduras suscriben acuerdo para potenciar las Fuerzas Armadas: <a href=\"http:\/\/www.sefin.gob.hn\/wp-content\/uploads\/2016\/12\/convenioHondurasIsrael.pdf\">http:\/\/www.sefin.gob.hn\/wp-content\/uploads\/2016\/12\/convenioHondurasIsrael.pdf<\/a><\/p>\n<p>5. Secretaria de Defesa Nacional, Honduras; Patruyajes aereos <a href=\"http:\/\/sedena.gob.hn\/2018\/01\/10\/patrullajes-aereos\/\">http:\/\/sedena.gob.hn\/2018\/01\/10\/patrullajes-aereos\/<\/a><\/p>\n<p>6. V\u00e1rias den\u00fancias feitas pelo Conselho C\u00edvico de Organiza\u00e7\u00f5es Populares e Ind\u00edgenas de Honduras (COPINH), que podem ser consultadas no s\u00edtio web: <a href=\"https:\/\/copinh.org\/\">https:\/\/copinh.org\/<\/a><\/p>\n<p>7. Israel alista la primera entrega de equipo a las Fuerzas Armadas de Honduras; El Heraldo, Enero 7 del 2018.<\/p>\n<p>8. Suman 38 asesinatos en las protestas contra fraude electoral en Honduras, Avispa Midia. 22 de enero del 2018 <a href=\"https:\/\/avispa.org\/21318-2\/\">https:\/\/avispa.org\/21318-2\/<\/a><\/p>\n<p>Fonte: <a href=\"http:\/\/www.resumenlatinoamericano.org\/2018\/02\/05\/israel-es-complice-de-la-represion-al-pueblo-hondureno\/\">http:\/\/www.resumenlatinoamericano.org\/2018\/02\/05\/israel-es-complice-de-la-represion-al-pueblo-hondureno\/<\/a><\/p>\n<p>Tradu\u00e7\u00e3o: Partido Comunista Brasileiro (PCB)<\/p>\n","protected":false},"excerpt":{"rendered":"<a class=\"moretag\" href=\"https:\/\/pcb.org.br\/portal2\/18655\"> <\/a>","protected":false},"author":1,"featured_media":0,"comment_status":"closed","ping_status":"closed","sticky":false,"template":"","format":"standard","meta":{"jetpack_post_was_ever_published":false,"_jetpack_newsletter_access":"","_jetpack_dont_email_post_to_subs":false,"_jetpack_newsletter_tier_id":0,"_jetpack_memberships_contains_paywalled_content":false,"_jetpack_memberships_contains_paid_content":false,"footnotes":"","jetpack_publicize_message":"","jetpack_publicize_feature_enabled":true,"jetpack_social_post_already_shared":true,"jetpack_social_options":{"image_generator_settings":{"template":"highway","default_image_id":0,"font":"","enabled":false},"version":2}},"categories":[30,255],"tags":[223],"class_list":["post-18655","post","type-post","status-publish","format-standard","hentry","category-c38-honduras","category-israel","tag-3a"],"jetpack_publicize_connections":[],"jetpack_featured_media_url":"","jetpack_shortlink":"https:\/\/wp.me\/p659gw-4QT","jetpack-related-posts":[],"jetpack_likes_enabled":true,"jetpack_sharing_enabled":true,"_links":{"self":[{"href":"https:\/\/pcb.org.br\/portal2\/wp-json\/wp\/v2\/posts\/18655","targetHints":{"allow":["GET"]}}],"collection":[{"href":"https:\/\/pcb.org.br\/portal2\/wp-json\/wp\/v2\/posts"}],"about":[{"href":"https:\/\/pcb.org.br\/portal2\/wp-json\/wp\/v2\/types\/post"}],"author":[{"embeddable":true,"href":"https:\/\/pcb.org.br\/portal2\/wp-json\/wp\/v2\/users\/1"}],"replies":[{"embeddable":true,"href":"https:\/\/pcb.org.br\/portal2\/wp-json\/wp\/v2\/comments?post=18655"}],"version-history":[{"count":0,"href":"https:\/\/pcb.org.br\/portal2\/wp-json\/wp\/v2\/posts\/18655\/revisions"}],"wp:attachment":[{"href":"https:\/\/pcb.org.br\/portal2\/wp-json\/wp\/v2\/media?parent=18655"}],"wp:term":[{"taxonomy":"category","embeddable":true,"href":"https:\/\/pcb.org.br\/portal2\/wp-json\/wp\/v2\/categories?post=18655"},{"taxonomy":"post_tag","embeddable":true,"href":"https:\/\/pcb.org.br\/portal2\/wp-json\/wp\/v2\/tags?post=18655"}],"curies":[{"name":"wp","href":"https:\/\/api.w.org\/{rel}","templated":true}]}}