{"id":1868,"date":"2011-09-15T14:44:27","date_gmt":"2011-09-15T14:44:27","guid":{"rendered":"http:\/\/pcb.org.br\/portal2\/?p=1868"},"modified":"2011-09-15T14:44:27","modified_gmt":"2011-09-15T14:44:27","slug":"luta-com-caracteristica-de-conflito-de-classe","status":"publish","type":"post","link":"https:\/\/pcb.org.br\/portal2\/1868","title":{"rendered":"Luta com caracter\u00edstica de conflito de classe"},"content":{"rendered":"\n<p>Luta com caracter\u00edstica de conflito de classe<\/p>\n<p>A maior manifesta\u00e7\u00e3o dos \u00faltimos anos, em Tessal\u00f4nica, aconteceu na tarde de s\u00e1bado, dia 10 de Setembro, organizada pela PAME (a Frente Militante de Todos os Trabalhadores) e as Frentes dos pequenos agricultores, dos estudantes e das mulheres da Gr\u00e9cia, contra as pol\u00edticas predat\u00f3rias do governo social-democrata, a Uni\u00e3o Europeia (EU) e o FMI.<\/p>\n<p>A manifesta\u00e7\u00e3o teve lugar na ocasi\u00e3o da abertura da Feira Internacional de Tessal\u00f4nica, que foi inaugurada pelo Primeiro Ministro, que tem persistido na linha pol\u00edtica contra o povo e os trabalhadores e anunciou novas medidas que ir\u00e3o encolher a renda da popula\u00e7\u00e3o.<\/p>\n<p>Em sua fala, no momento da manifesta\u00e7\u00e3o, Sotiris Zarianopoulos, membro da PAME, chamou todos os trabalhadores e todas as camadas populares para promover uma atmosfera combativa em todos os lugares, fortalecer suas lutas e preparar a pr\u00f3xima greve geral.<\/p>\n<p>Milhares de manifestantes marcharam no centro da cidade contra o clima de medo e a intimida\u00e7\u00e3o que o governo busca cultivar. As tentativas de criar um cen\u00e1rio com incidentes em torno da manifesta\u00e7\u00e3o da classe trabalhadora falharam. Mesmo se a m\u00eddia televisiva internacional buscasse focar, mais uma vez, na atividade provocativa de grupos pequenos, a realidade que eles queriam esconder era a de dezenas de milhares de trabalhadores que manifestavam com palavras de ordem e bandeiras militantes da PAME.<\/p>\n<p>As palavras de ordem \u201cA crise e a d\u00edvida n\u00e3o pertencem ao povo, elas surgiram atrav\u00e9s dos lucros do capitalismo\u201d, \u201cO capitalismo n\u00e3o pode se tornar humano\u201d, \u201cTrabalhador, sem voc\u00ea nenhuma engrenagem pode girar. Voc\u00ea pode fazer sem os chefes\u201d ressoaram nas ruas de Tessal\u00f4nica.<\/p>\n<p>As manifesta\u00e7\u00f5es da classe trabalhadora combativa aconteceram de maneira organizada e bem protegida.<\/p>\n<p>Devemos notar que no s\u00e1bado de manh\u00e3 uma manifesta\u00e7\u00e3o din\u00e2mica e massiva aconteceu em Atenas, onde a Secret\u00e1ria Geral do CC do KKE, Aleka Papariga, participou e expressou a seguinte afirma\u00e7\u00e3o:<\/p>\n<p>\u201cPrecisamos deixar de lado nossos medos, ilus\u00f5es, hesita\u00e7\u00f5es, caso contr\u00e1rio nos encontraremos, literalmente, de costas para o muro, o povo trabalhador, a classe trabalhadora, especialmente a juventude. Neste momento a contagem regressiva deve come\u00e7ar pelo renascimento e pela contra-ofensiva do movimento\u201d.<\/p>\n<p>Na mesma noite, na sua fala no festival KNE-ODIGITIS, em Patras, Aleka Papariga notou que \u201c\u00c9 recorrente uma s\u00e9ria possibilidade de que, antes que uma recupera\u00e7\u00e3o substancial seja feita, uma nova crise econ\u00f4mica, com dimens\u00f5es mundiais, se manifeste. Tamb\u00e9m \u00e9 poss\u00edvel que a competi\u00e7\u00e3o entre estados capitalistas seja agu\u00e7ada e que as for\u00e7as centr\u00edfugas sejam observadas. Sem a agressiva interven\u00e7\u00e3o da popula\u00e7\u00e3o os resultados ser\u00e3o imprevis\u00edveis, catastr\u00f3ficos, e com novas conseq\u00fc\u00eancias negativas. Por essa raz\u00e3o o povo n\u00e3o pode ser espectador, fatalista, sentir medo e estar desorientado\u201d.<\/p>\n<p>N\u00e3o \u00e9 exagero dizermos que estamos assistindo uma cessa\u00e7\u00e3o de pagamentos de sal\u00e1rios e pens\u00f5es na Gr\u00e9cia. N\u00e3o \u00e9 exagero o fato de que a Gr\u00e9cia estar\u00e1 ainda mais envolvida e profundamente amea\u00e7ada pela concorr\u00eancia dos poderes imperialistas na regi\u00e3o que, com as armas da OTAN e os mecanismos repressivos e militares da EU, intervir\u00e3o, abertamente, com o intuito de adquirirem esse ou outros mercados. O perigo \u00e9 grande, j\u00e1 que a burguesia nacional busca tomar parte, ativamente, dessa luta, indiferente aos direitos soberanos do pa\u00eds \u2013 leal \u00e0 sua perspectiva de classe. O pa\u00eds \u00e9 pensado de forma diferente pela popula\u00e7\u00e3o, de um lado, e pelos capitalistas e seus partidos, do outro.<\/p>\n<p>N\u00e3o \u00e9 exagero prever que \u2013 nas condi\u00e7\u00f5es do aumento do desemprego e da pobreza, enquanto a luta de classe est\u00e1 mais evidente \u2013 chegaremos \u00e0 queda do governo, que os processos relativos ao chamado governo \u201cde salva\u00e7\u00e3o nacional\u201d v\u00e3o acelerar ou variar em, por exemplo, alian\u00e7as governamentais de centro-esquerda, etc. Pode haver r\u00e1pidas altern\u00e2ncias de governos, impasses conjunturais e\/ou maiores impasses nas tentativas de se alcan\u00e7ar a estabilidade do sistema pol\u00edtico burgu\u00eas.<\/p>\n<p>Nas condi\u00e7\u00f5es em que o sistema pol\u00edtico burgu\u00eas vem sendo abalado, o povo deve estar completamente pronto para levar a situa\u00e7\u00e3o adiante, ampliar as rupturas e os impasses do sistema, mover em contra-ataque, colocar como objetivo a supera\u00e7\u00e3o do poder dos monop\u00f3lios\u201d.<\/p>\n<p>A Secret\u00e1ria Geral do CC do KKE afirmou ainda que \u201clutamos com caracter\u00edsticas de conflito de classe, ruptura e supera\u00e7\u00e3o, para que possamos ganhar tempo, para que possamos for\u00e7ar o oponente, o governo, os grandes empres\u00e1rios e a Uni\u00e3o Europeia em um recuo tempor\u00e1rio, pelo menos, para que possamos organizar o contra-ataque principal, com apoio e solidariedade internacional: pela supera\u00e7\u00e3o do poder dos monop\u00f3lios, pelo poder popular da classe trabalhadora, pela economia popular que far\u00e1 das pessoas as donas da riqueza, protagonistas no renascimento em todos os n\u00edveis, do controle popular e da economia para o sistema pol\u00edtico e as rela\u00e7\u00f5es internacionais do pa\u00eds\u201d.<\/p>\n","protected":false},"excerpt":{"rendered":"\n\n\nCr\u00e9dito: KKE\n\n\n\n\n\n\n\n\nPC da Gr\u00e9cia,\n<a class=\"moretag\" href=\"https:\/\/pcb.org.br\/portal2\/1868\"> <\/a>","protected":false},"author":1,"featured_media":0,"comment_status":"open","ping_status":"open","sticky":false,"template":"","format":"standard","meta":{"jetpack_post_was_ever_published":false,"_jetpack_newsletter_access":"","_jetpack_dont_email_post_to_subs":false,"_jetpack_newsletter_tier_id":0,"_jetpack_memberships_contains_paywalled_content":false,"_jetpack_memberships_contains_paid_content":false,"footnotes":"","jetpack_publicize_message":"","jetpack_publicize_feature_enabled":true,"jetpack_social_post_already_shared":false,"jetpack_social_options":{"image_generator_settings":{"template":"highway","default_image_id":0,"font":"","enabled":false},"version":2}},"categories":[38],"tags":[],"class_list":["post-1868","post","type-post","status-publish","format-standard","hentry","category-c43-imperialismo"],"jetpack_publicize_connections":[],"jetpack_featured_media_url":"","jetpack_shortlink":"https:\/\/wp.me\/p659gw-u8","jetpack-related-posts":[],"jetpack_likes_enabled":true,"jetpack_sharing_enabled":true,"_links":{"self":[{"href":"https:\/\/pcb.org.br\/portal2\/wp-json\/wp\/v2\/posts\/1868","targetHints":{"allow":["GET"]}}],"collection":[{"href":"https:\/\/pcb.org.br\/portal2\/wp-json\/wp\/v2\/posts"}],"about":[{"href":"https:\/\/pcb.org.br\/portal2\/wp-json\/wp\/v2\/types\/post"}],"author":[{"embeddable":true,"href":"https:\/\/pcb.org.br\/portal2\/wp-json\/wp\/v2\/users\/1"}],"replies":[{"embeddable":true,"href":"https:\/\/pcb.org.br\/portal2\/wp-json\/wp\/v2\/comments?post=1868"}],"version-history":[{"count":0,"href":"https:\/\/pcb.org.br\/portal2\/wp-json\/wp\/v2\/posts\/1868\/revisions"}],"wp:attachment":[{"href":"https:\/\/pcb.org.br\/portal2\/wp-json\/wp\/v2\/media?parent=1868"}],"wp:term":[{"taxonomy":"category","embeddable":true,"href":"https:\/\/pcb.org.br\/portal2\/wp-json\/wp\/v2\/categories?post=1868"},{"taxonomy":"post_tag","embeddable":true,"href":"https:\/\/pcb.org.br\/portal2\/wp-json\/wp\/v2\/tags?post=1868"}],"curies":[{"name":"wp","href":"https:\/\/api.w.org\/{rel}","templated":true}]}}