{"id":18698,"date":"2018-02-13T13:38:23","date_gmt":"2018-02-13T16:38:23","guid":{"rendered":"https:\/\/pcb.org.br\/portal2\/?p=18698"},"modified":"2018-02-13T13:38:23","modified_gmt":"2018-02-13T16:38:23","slug":"da-ilusao-escravidao","status":"publish","type":"post","link":"https:\/\/pcb.org.br\/portal2\/18698","title":{"rendered":"Da ilus\u00e3o \u00e0 escravid\u00e3o"},"content":{"rendered":"<p><img decoding=\"async\" class=\"imagem\" title=\"Da ilus\u00e3o \u00e0 escravid\u00e3o\" src=\"https:\/\/i0.wp.com\/www.granma.cu\/file\/img\/2018\/02\/medium\/f0100569.jpg\" alt=\"Da ilus\u00e3o \u00e0 escravid\u00e3o\" \/><!--more-->Cuba possui um Plano Nacional de A\u00e7\u00e3o para a preven\u00e7\u00e3o e o confronto do tr\u00e1fico de pessoas e a prote\u00e7\u00e3o das v\u00edtimas, que inclui o per\u00edodo de 2017 a 2020<\/p>\n<p>Yenia Silva Correa<\/p>\n<p><a href=\"http:\/\/www.granma.cu\/cuba\/2018-02-12\/de-la-ilusion-a-la-esclavitud-12-02-2018-12-02-31\" target=\"_blank\" rel=\"noopener\">Granma<\/a><\/p>\n<p>As promessas de uma vida melhor e altos rendimentos eram t\u00e3o tentadoras que n\u00e3o lhe permitiram descobrir o engano.\u00a0Todas as esperan\u00e7as entraram em colapso abruptamente quando se viu em uma madeixa de prostitui\u00e7\u00e3o, fora de seu pa\u00eds de origem e sem mecanismos para se defender.\u00a0Ela havia ca\u00eddo em uma rede da qual tinha apenas refer\u00eancias distantes.<\/p>\n<p>Os especialistas reconhecem no tr\u00e1fico de pessoas uma ofensa cujas v\u00edtimas s\u00e3o exploradas em trabalho for\u00e7ado, servid\u00e3o ou extra\u00e7\u00e3o de \u00f3rg\u00e3os.\u00a0No entanto, uma de suas manifesta\u00e7\u00f5es mais freq\u00fcentes \u00e9 a explora\u00e7\u00e3o sexual.\u00a0Existem n\u00e3o poucas mulheres que s\u00e3o for\u00e7adas a prostituir-se sob amea\u00e7as contra suas vidas ou suas fam\u00edlias.<\/p>\n<p>O Relat\u00f3rio de Cuba sobre o enfrentamento do tr\u00e1fico de pessoas e crimes relacionados (2015) exp\u00f5e as formas de decep\u00e7\u00e3o e manipula\u00e7\u00e3o com as quais as v\u00edtimas s\u00e3o seduzidas.<\/p>\n<p>&#8220;No processo de escolha das v\u00edtimas, principalmente jovens, os traficantes, residentes no exterior ou estrangeiros, de forma direta ou atrav\u00e9s de seus v\u00ednculos no territ\u00f3rio nacional, promovem falsas ofertas de trabalho, com melhoras econ\u00f4micas \u2014manicure, gar\u00e7onete ou como dan\u00e7arinas \u2014 tendo a seu cargo o gerenciamento de convites ou outros documentos migrat\u00f3rios.<\/p>\n<p>\u00abPara recuperar os investimentos realizados com as v\u00edtimas \u2014 viagem, hospedagem e alimenta\u00e7\u00e3o \u2014 os traficantes as constrangem a se prostituir e, com motivo de ret\u00ea-las, amea\u00e7am atentar contra suas vidas e a de familiares em Cuba, privam-nas da liberdade e lhes retiram seus documentos de identifica\u00e7\u00e3o ap\u00f3s pagar suas d\u00edvidas, aumentam as tarifas, for\u00e7ando a que algumas promovam o delito em Cuba a partir do exterior, como forma de evitar ultrajes e continuar se prostituindo\u00bb.<\/p>\n<p><strong>Mais de 20 milh\u00f5es de v\u00edtimas no mundo todo<\/strong><\/p>\n<p>Segundo dados estimados, depois do tr\u00e1fico de drogas e de armas, o tr\u00e1fico de pessoas \u00e9 o terceiro neg\u00f3cio il\u00edcito que mais dinheiro fatura em n\u00edvel mundial.<\/p>\n<p>Em um debate do Conselho de Seguran\u00e7a acerca do tr\u00e1fico de pessoas em zonas de conflito, realizado em mar\u00e7o de 2017, o secret\u00e1rio-geral das Na\u00e7\u00f5es Unidas, Antonio Guterres, reconheceu que este delito n\u00e3o fica no passado.<\/p>\n<p>Dados publicados pelo Centro de Not\u00edcias da ONU mostram que as redes de traficantes possuem alcance internacional e suas v\u00edtimas permanecem em 106 pa\u00edses. A mesma fonte assevera que 21 milh\u00f5es de pessoas sofrem explora\u00e7\u00e3o extrema ou s\u00e3o constrangidas para trabalhar for\u00e7adamente.<\/p>\n<p>Esta forma de crime organizado tem uma fase de recrutamento mediante o engano, a viol\u00eancia ou a coa\u00e7\u00e3o, seguida da explora\u00e7\u00e3o ou sujei\u00e7\u00e3o para obterem ganhos.<\/p>\n<p>O fen\u00f4meno n\u00e3o necessariamente inclui a passagem das fronteiras e se inicialmente houve aceita\u00e7\u00e3o da v\u00edtima, o acordo some quando come\u00e7a a explora\u00e7\u00e3o, e faz com que o tr\u00e1fico seja um delito contra a integridade e os direitos das pessoas.<\/p>\n<p><strong>Em Cuba: prevenir e proteger<\/strong><\/p>\n<p>A legisla\u00e7\u00e3o cubana \u2014 segundo indica o relat\u00f3rio de Cuba acerca do enfrentamento ao tr\u00e1fico de pessoas e delitos conexos (2015) \u2014 tipifica como tr\u00e1fico de pessoas a promo\u00e7\u00e3o, organiza\u00e7\u00e3o ou incita\u00e7\u00e3o \u00e0 entrada ou sa\u00edda do pa\u00eds de pessoas, em prol de exercerem a prostitui\u00e7\u00e3o ou qualquer outra forma de lenoc\u00ednio.<\/p>\n<p>A prote\u00e7\u00e3o que o Estado cubano d\u00e1 aos seus cidad\u00e3os, os quais fazem parte dos direitos reconhecidos na Constitui\u00e7\u00e3o da Rep\u00fablica e concretizados durante quase 60 anos de Revolu\u00e7\u00e3o, permite que exista, em ocasi\u00f5es, pouca percep\u00e7\u00e3o de risco na popula\u00e7\u00e3o a respeito deste delito.<\/p>\n<p>N\u00e3o obstante, Cuba conta com um Plano de A\u00e7\u00e3o Nacional (2017 \u2013 2020) para prever e enfrentar o tr\u00e1fico de pessoas e a prote\u00e7\u00e3o \u00e0s v\u00edtimas.<\/p>\n<p>O documento refere: \u00abo Governo cubano mant\u00e9m uma pol\u00edtica de \u2018toler\u00e2ncia zero\u2019 ao delito, baseada em tr\u00eas diretrizes fundamentais: a preven\u00e7\u00e3o, enfrentamento e prote\u00e7\u00e3o das v\u00edtimas\u00bb.<\/p>\n<p>Coerente com a pol\u00edtica tra\u00e7ada pelo Estado cubano, a Federa\u00e7\u00e3o das Mulheres Cubanas (FMC), trabalha para sensibilizar os territ\u00f3rios acerca do fen\u00f4meno, e aumentar a percep\u00e7\u00e3o de risco na popula\u00e7\u00e3o e acompanhando individualmente as v\u00edtimas.<\/p>\n<p>\u00abPara n\u00f3s, empoderar as mulheres \u00e9 a melhor forma de prevenir contra o tr\u00e1fico\u00bb, assevera a diretora da FMC, da editora Mujer e da revista Mujeres, doutora Isabel Moya Richard.<\/p>\n<p>\u00abO tr\u00e1fico n\u00e3o \u00e9 um problema grande entre n\u00f3s. Contudo, as condi\u00e7\u00f5es de abertura no pa\u00eds propiciam que as incid\u00eancias sejam maiores; por isso devemos falar mais uma vez do tema. Em cada dez mulheres que s\u00e3o v\u00edtimas de explora\u00e7\u00e3o sexual, h\u00e1 dois homens (em n\u00edvel mundial). Por isso dizemos que \u00e9 uma forma de viol\u00eancia de g\u00eanero\u00bb.<\/p>\n<p>O Estado cubano, sem d\u00favida, continuar\u00e1 trabalhando, em parceria com as organiza\u00e7\u00f5es da sociedade civil, para que este fen\u00f4meno, com novos tra\u00e7os, que faz reviver as velhas correntes da escravid\u00e3o, n\u00e3o tenha espa\u00e7o em uma sociedade que continua apostando no socialismo e na dignidade plena do homem.<\/p>\n<p><strong>O que \u00e9 o tr\u00e1fico de pessoas?<\/strong><\/p>\n<p>O tr\u00e1fico de pessoas \u00e9 o recrutamento, transporte, deslocamento, acolhida ou recep\u00e7\u00e3o de pessoas. Nem sempre incide o deslocamento. Apela-se \u00e0 amea\u00e7a, ao uso da for\u00e7a ou a outras formas de coa\u00e7\u00e3o. Sempre, no fundo, h\u00e1 abuso de poder e uma situa\u00e7\u00e3o de vulnerabilidade, para se aproveitar da v\u00edtima. Esta forma de explora\u00e7\u00e3o pode levar \u00e0 escravid\u00e3o ou pr\u00e1ticas an\u00e1logas. Define-se pelo Protocolo de Palermo: um instrumento de Na\u00e7\u00f5es Unidas para Prevenir, Reprimir e Punir o Tr\u00e1fico de Pessoas, Especialmente Mulheres e Crian\u00e7as. Este instrumento foi aplicado em dezembro de 2003.<\/p>\n<p><strong>Toler\u00e2ncia zero<\/strong><\/p>\n<p>O Estado cubano assinou instrumentos jur\u00eddicos que se relacionam ao tr\u00e1fico de pessoas, entre eles a Conven\u00e7\u00e3o das Na\u00e7\u00f5es Unidas contra a Delinqu\u00eancia Organizada Transnacional; o Protocolo para Prevenir, Reprimir e Punir o Tr\u00e1fico de Pessoas, especialmente mulheres e crian\u00e7as; a Conven\u00e7\u00e3o acerca da Elimina\u00e7\u00e3o de Todas as Formas de Discrimina\u00e7\u00e3o contra a Mulher; a Conven\u00e7\u00e3o acerca dos Direitos da Crian\u00e7a; e o Conv\u00eanio para a Repress\u00e3o do Tr\u00e1fico de Pessoas e da Explora\u00e7\u00e3o da Prostitui\u00e7\u00e3o Alheia.<\/p>\n<p>Do outro lado, a partir do triunfo da Revolu\u00e7\u00e3o foi criado um programa para proteger as pessoas em situa\u00e7\u00e3o de vulnerabilidade, especialmente mulheres, crian\u00e7as, adolescentes e jovens, os quais \u2014 protegidos por regulamenta\u00e7\u00f5es jur\u00eddicas nacionais \u2014 permitem ao pa\u00eds sancionar severamente os casos de tr\u00e1fico de pessoa e oferecer prote\u00e7\u00e3o \u00e0s v\u00edtimas.<\/p>\n<p>Os dados publicados no Relat\u00f3rio Mundial acerca do Tr\u00e1fico de Pessoas mostram que cerca de 30% das v\u00edtimas do tr\u00e1fico s\u00e3o crian\u00e7as e 70% s\u00e3o mulheres e meninas.<\/p>\n<p>Foto: <a href=\"http:\/\/www.presidencia.gob.mx\" target=\"_blank\" rel=\"noopener\">www.presidencia.gob.mx<\/a> . Os dados publicados no Relat\u00f3rio Mundial sobre Tr\u00e1fico de Pessoas revelam que aproximadamente 30% das v\u00edtimas do tr\u00e1fico s\u00e3o crian\u00e7as e 70% s\u00e3o mulheres e meninas.<\/p>\n<p>http:\/\/www.granma.cu\/cuba\/2018-02-12\/de-la-ilusion-a-la-esclavitud-12-02-2018-12-02-31<\/p>\n","protected":false},"excerpt":{"rendered":"<a class=\"moretag\" href=\"https:\/\/pcb.org.br\/portal2\/18698\"> <\/a>","protected":false},"author":1,"featured_media":0,"comment_status":"closed","ping_status":"closed","sticky":false,"template":"","format":"standard","meta":{"jetpack_post_was_ever_published":false,"_jetpack_newsletter_access":"","_jetpack_dont_email_post_to_subs":false,"_jetpack_newsletter_tier_id":0,"_jetpack_memberships_contains_paywalled_content":false,"_jetpack_memberships_contains_paid_content":false,"footnotes":"","jetpack_publicize_message":"","jetpack_publicize_feature_enabled":true,"jetpack_social_post_already_shared":true,"jetpack_social_options":{"image_generator_settings":{"template":"highway","default_image_id":0,"font":"","enabled":false},"version":2}},"categories":[48],"tags":[234],"class_list":["post-18698","post","type-post","status-publish","format-standard","hentry","category-c58-cuba","tag-6b"],"jetpack_publicize_connections":[],"jetpack_featured_media_url":"","jetpack_shortlink":"https:\/\/wp.me\/p659gw-4RA","jetpack-related-posts":[],"jetpack_likes_enabled":true,"jetpack_sharing_enabled":true,"_links":{"self":[{"href":"https:\/\/pcb.org.br\/portal2\/wp-json\/wp\/v2\/posts\/18698","targetHints":{"allow":["GET"]}}],"collection":[{"href":"https:\/\/pcb.org.br\/portal2\/wp-json\/wp\/v2\/posts"}],"about":[{"href":"https:\/\/pcb.org.br\/portal2\/wp-json\/wp\/v2\/types\/post"}],"author":[{"embeddable":true,"href":"https:\/\/pcb.org.br\/portal2\/wp-json\/wp\/v2\/users\/1"}],"replies":[{"embeddable":true,"href":"https:\/\/pcb.org.br\/portal2\/wp-json\/wp\/v2\/comments?post=18698"}],"version-history":[{"count":0,"href":"https:\/\/pcb.org.br\/portal2\/wp-json\/wp\/v2\/posts\/18698\/revisions"}],"wp:attachment":[{"href":"https:\/\/pcb.org.br\/portal2\/wp-json\/wp\/v2\/media?parent=18698"}],"wp:term":[{"taxonomy":"category","embeddable":true,"href":"https:\/\/pcb.org.br\/portal2\/wp-json\/wp\/v2\/categories?post=18698"},{"taxonomy":"post_tag","embeddable":true,"href":"https:\/\/pcb.org.br\/portal2\/wp-json\/wp\/v2\/tags?post=18698"}],"curies":[{"name":"wp","href":"https:\/\/api.w.org\/{rel}","templated":true}]}}