{"id":1871,"date":"2011-09-16T17:59:07","date_gmt":"2011-09-16T17:59:07","guid":{"rendered":"http:\/\/pcb.org.br\/portal2\/?p=1871"},"modified":"2011-09-16T17:59:07","modified_gmt":"2011-09-16T17:59:07","slug":"declaracao-sobre-o-ataque-a-sede-do-partido-comunista-do-chile","status":"publish","type":"post","link":"https:\/\/pcb.org.br\/portal2\/1871","title":{"rendered":"Declara\u00e7\u00e3o sobre o ataque \u00e0 Sede do Partido Comunista do Chile"},"content":{"rendered":"\n<p>Ter\u00e7a-feira 13 de Setembro de 2011 22:02<\/p>\n<p>O Partido Comunista do Chile emitiu um comunicado para denunciar o ataque \u00e0 Sede do Comit\u00ea Central:<\/p>\n<p>COMUNICADO P\u00daBLICO:<\/p>\n<p>Um grupo de provocadores de origem duvidosa atacou nesta ter\u00e7a-feira a sede do Comit\u00ea Central do Partido Comunista com extrema viol\u00eancia, deixando quatro militantes seriamente feridos, danos consider\u00e1veis no local e o roubo de celulares e equipamentos audiovisuais, provoca\u00e7\u00e3o que encontrou a resist\u00eancia dos militantes que se encontravam no local.<\/p>\n<p>O grupo que atacou a sede usou paus e gritaram palavras de ordem contra o Partido Comunista. Destru\u00edram as janelas com pedras e entraram violentamente. Um grupo maior que esperava nos arredores atuou para arrebentar a porta de acesso e os vidros da porta interior, al\u00e9m de apedrejar outros vidros do local.<\/p>\n<p>Perante a viol\u00eancia dos assaltantes, devemos afirmar que comunicamos os fatos desde o inicio \u00e0 central de Carabineiros (pol\u00edcia chilena) e ao Minist\u00e9rio do Interior. Sempre buscamos evitar situa\u00e7\u00f5es que atentaram contra a integridade das pessoas.<\/p>\n<p>Uma militante teve que ser engessada e outro militante sofreu uma fratura no nariz. N\u00e3o obstante, durante nas mais de uma hora que durou a agress\u00e3o, as for\u00e7as de seguran\u00e7a p\u00fablicas n\u00e3o se fizeram presentes. Este ataque n\u00e3o \u00e9 um fato isolado. H\u00e1 dois dias a sede do Partido Comunista em Iquique foi atacada, com extrema viol\u00eancia, e h\u00e1 duas semanas ocorreu algo similar em Temuco.<\/p>\n<p>Estes ataques s\u00e3o manobras para dividir o movimento social que luta por Educa\u00e7\u00e3o digna e querem amedrontar o Partido Comunista em sua a\u00e7\u00e3o que abre caminho para as demandas populares.<\/p>\n<p>\u00c9 claro que o nosso Partido e a nossa Juventude Comunista n\u00e3o se amedrontaram ante estas agress\u00f5es e continuaremos cumprindo nosso dever revolucion\u00e1rio como for\u00e7a pol\u00edtica que, junto a milh\u00f5es de chilenos e chilenas, abrir\u00e1 caminho para as profundas transforma\u00e7\u00f5es que o povo exige.<\/p>\n<p>Comit\u00ea Central do Partido Comunista do Chile<\/p>\n<p>Santiago, 12 de setembro de 2011<\/p>\n<p>Fonte: Redglobe\/PrensaPopularSolidaria<\/p>\n<p>http:\/\/prensapopular-comunistasmiranda.blogspot.com<\/p>\n<p>Correio eletr\u00f4nico :\u00a0pcvmirandasrp@gmail.com<\/p>\n","protected":false},"excerpt":{"rendered":"\n\n\nCr\u00e9dito: PCChile\n\n\n\n\n\n\n\n\nPartido Comunista do Chile\n<a class=\"moretag\" href=\"https:\/\/pcb.org.br\/portal2\/1871\"> <\/a>","protected":false},"author":1,"featured_media":0,"comment_status":"open","ping_status":"open","sticky":false,"template":"","format":"standard","meta":{"jetpack_post_was_ever_published":false,"_jetpack_newsletter_access":"","_jetpack_dont_email_post_to_subs":false,"_jetpack_newsletter_tier_id":0,"_jetpack_memberships_contains_paywalled_content":false,"_jetpack_memberships_contains_paid_content":false,"footnotes":"","jetpack_publicize_message":"","jetpack_publicize_feature_enabled":true,"jetpack_social_post_already_shared":false,"jetpack_social_options":{"image_generator_settings":{"template":"highway","default_image_id":0,"font":"","enabled":false},"version":2}},"categories":[87],"tags":[],"class_list":["post-1871","post","type-post","status-publish","format-standard","hentry","category-c100-chile"],"jetpack_publicize_connections":[],"jetpack_featured_media_url":"","jetpack_shortlink":"https:\/\/wp.me\/p659gw-ub","jetpack-related-posts":[],"jetpack_likes_enabled":true,"jetpack_sharing_enabled":true,"_links":{"self":[{"href":"https:\/\/pcb.org.br\/portal2\/wp-json\/wp\/v2\/posts\/1871","targetHints":{"allow":["GET"]}}],"collection":[{"href":"https:\/\/pcb.org.br\/portal2\/wp-json\/wp\/v2\/posts"}],"about":[{"href":"https:\/\/pcb.org.br\/portal2\/wp-json\/wp\/v2\/types\/post"}],"author":[{"embeddable":true,"href":"https:\/\/pcb.org.br\/portal2\/wp-json\/wp\/v2\/users\/1"}],"replies":[{"embeddable":true,"href":"https:\/\/pcb.org.br\/portal2\/wp-json\/wp\/v2\/comments?post=1871"}],"version-history":[{"count":0,"href":"https:\/\/pcb.org.br\/portal2\/wp-json\/wp\/v2\/posts\/1871\/revisions"}],"wp:attachment":[{"href":"https:\/\/pcb.org.br\/portal2\/wp-json\/wp\/v2\/media?parent=1871"}],"wp:term":[{"taxonomy":"category","embeddable":true,"href":"https:\/\/pcb.org.br\/portal2\/wp-json\/wp\/v2\/categories?post=1871"},{"taxonomy":"post_tag","embeddable":true,"href":"https:\/\/pcb.org.br\/portal2\/wp-json\/wp\/v2\/tags?post=1871"}],"curies":[{"name":"wp","href":"https:\/\/api.w.org\/{rel}","templated":true}]}}