{"id":18716,"date":"2018-02-14T14:04:12","date_gmt":"2018-02-14T17:04:12","guid":{"rendered":"https:\/\/pcb.org.br\/portal2\/?p=18716"},"modified":"2018-02-14T14:04:12","modified_gmt":"2018-02-14T17:04:12","slug":"para-impedir-o-fim-dos-direitos-e-garantir-previdencia-e-preciso-ampliar-luta","status":"publish","type":"post","link":"https:\/\/pcb.org.br\/portal2\/18716","title":{"rendered":"Para impedir o fim dos direitos e garantir a previd\u00eancia, \u00e9 preciso ampliar a luta!"},"content":{"rendered":"<p><img decoding=\"async\" class=\"imagem\" title=\"Para impedir o fim dos direitos e garantir a previd\u00eancia, \u00e9 preciso ampliar a luta! \" src=\"https:\/\/i0.wp.com\/www.intersindical.org.br\/wp-content\/uploads\/2017\/09\/mulheres_01.jpg\" alt=\"Para impedir o fim dos direitos e garantir a previd\u00eancia, \u00e9 preciso ampliar a luta! \" \/><!--more--><strong>Dia 19 de fevereiro: fortalecer a mobiliza\u00e7\u00e3o em cada local de trabalho<\/strong><\/p>\n<p><a href=\"http:\/\/www.intersindical.org.br\/2018\/02\/09\/para-impedir-o-fim-dos-direitos-e-garantir-a-previdencia-e-preciso-ampliar-a-luta\/\" target=\"_blank\" rel=\"noopener\">Intersindical<\/a><\/p>\n<p>O governo Temer\/PMDB tenta a todo custo completar seu plano de ataques \u00e0 classe trabalhadora para atender os interesses da burguesia.<\/p>\n<p>Depois de, junto com o Congresso Nacional, impor uma reforma trabalhista que significa dar maiores e melhores condi\u00e7\u00f5es para o Capital seguir com as demiss\u00f5es e a precariza\u00e7\u00e3o das condi\u00e7\u00f5es de trabalho, com jornadas flex\u00edveis de acordo com seus interesses, permitindo a redu\u00e7\u00e3o de direitos e sal\u00e1rios, o governo busca agora coroar suas reformas acabando com a Previd\u00eancia.<\/p>\n<p>Recursos da Previd\u00eancia desviados, sonega\u00e7\u00e3o que j\u00e1 passa de R$ 500 bilh\u00f5es, dinheiro devido por empresas que, na maioria absoluta, est\u00e3o ativas, como tamb\u00e9m v\u00e1rias prefeituras que d\u00e3o um calote consentido pelo governo aos cofres p\u00fablicos: essa \u00e9 a realidade que Temer, a servi\u00e7o da burguesia, tenta esconder.<\/p>\n<p>A brutalidade contra a classe trabalhadora \u00e9 tamanha que tentam responsabilizar a longevidade dos trabalhadores para justificar sua proposta de nos fazer trabalhar at\u00e9 morrer.<\/p>\n<p>Aumentar a idade de homens e mulheres para aposentadoria, cortar pens\u00f5es, arrochar ainda mais os valores pagos das aposentadorias, dificultar ainda mais o acesso aos devidos benef\u00edcios previdenci\u00e1rios \u00e9 a proposta do governo, ou seja, atacar aqueles que pagam regularmente a Previd\u00eancia e manter impune as grandes empresas caloteiras.<\/p>\n<p>Enquanto o governo e o Congresso Nacional seguem em sua promiscuidade para atender aos interesses da burguesia, os lucros do Capital aumentam e a mis\u00e9ria se espalha para todos os lados: A propaganda dos patr\u00f5es e do governo se desmancha a cada dia. Eles diziam que sua reforma trabalhista era para garantir empregos, mas a verdade \u00e9 que o desemprego continua alto e as contrata\u00e7\u00f5es informais aumentaram.<\/p>\n<p>\u00c9 para isso que serve a reforma trabalhista dos patr\u00f5es: diminuir sal\u00e1rios e direitos do conjunto dos trabalhadores e continuar com a demiss\u00f5es.<\/p>\n<p>E a reforma da Previd\u00eancia tamb\u00e9m cumpre o mesmo objetivo: garantir a continuidade da sonega\u00e7\u00e3o das grandes empresas e ao mesmo tempo abrir a porteira para o sistema financeiro impor seus planos de previd\u00eancia privada.<\/p>\n<p>Enquanto atacam os direitos de quem produz \u2013 sider\u00fargicas, montadoras, autope\u00e7as, ind\u00fastrias qu\u00edmicas e diversos outros ramos da economia \u2013 comemoraram os lucros que seguem em alta.<\/p>\n<p>Atacam o direitos, sal\u00e1rios e empregos, espalham a mis\u00e9ria: \u00c9 cada vez maior o n\u00famero de trabalhadores e suas fam\u00edlias que est\u00e3o perdendo at\u00e9 o teto onde moram e indo para rua. Isso tudo \u00e9 o resultado das a\u00e7\u00f5es impostas pelo Capital e de seus governos, que retiram da classe trabalhadora at\u00e9 o b\u00e1sico para sobreviv\u00eancia.<\/p>\n<p>E em Bras\u00edlia, Temer governa de acordo com os votos que t\u00eam na C\u00e2mara dos Deputados para aprovar a reforma da Previd\u00eancia. Ao ponto de tentar impor a qualquer custo a filha do deputado Roberto Jefferson\/PTB como Ministra do Trabalho, a deputada Cristiane Brasil, que , al\u00e9m de ter dado calote trabalhista em trabalhadores que foram seus funcion\u00e1rios no Rio de Janeiro, tem como apoio empres\u00e1rios que fizeram quest\u00e3o de se manifestar \u201cindignados\u201d em rela\u00e7\u00e3o \u00e0s a\u00e7\u00f5es judicias que recebem por n\u00e3o cumprirem a legisla\u00e7\u00e3o trabalhista.<\/p>\n<p>CONTRA TUDO ISSO \u00c9 PRECISO AMPLIAR O MOVIMENTO E CONSTRUIR A GREVE GERAL!<\/p>\n<p>A Intersindical se soma novamente ao calend\u00e1rio nacional de mobiliza\u00e7\u00e3o contra a reforma da Previd\u00eancia, no pr\u00f3ximo dia 19. Nos locais em que estamos, vamos fortalecer as mobiliza\u00e7\u00f5es e avan\u00e7ar para al\u00e9m de um Dia Nacional de Luta, pois para barrar a implanta\u00e7\u00e3o da reforma trabalhista dos patr\u00f5es e impedir a reforma da Previd\u00eancia \u00e9 preciso parar a fonte de lucro do Capital, \u00e9 preciso construir a greve geral.<\/p>\n<p>http:\/\/www.intersindical.org.br\/2018\/02\/09\/para-impedir-o-fim-dos-direitos-e-garantir-a-previdencia-e-preciso-ampliar-a-luta\/<\/p>\n","protected":false},"excerpt":{"rendered":"<a class=\"moretag\" href=\"https:\/\/pcb.org.br\/portal2\/18716\"> <\/a>","protected":false},"author":1,"featured_media":0,"comment_status":"closed","ping_status":"closed","sticky":false,"template":"","format":"standard","meta":{"jetpack_post_was_ever_published":false,"_jetpack_newsletter_access":"","_jetpack_dont_email_post_to_subs":false,"_jetpack_newsletter_tier_id":0,"_jetpack_memberships_contains_paywalled_content":false,"_jetpack_memberships_contains_paid_content":false,"footnotes":"","jetpack_publicize_message":"","jetpack_publicize_feature_enabled":true,"jetpack_social_post_already_shared":true,"jetpack_social_options":{"image_generator_settings":{"template":"highway","default_image_id":0,"font":"","enabled":false},"version":2}},"categories":[24],"tags":[226],"class_list":["post-18716","post","type-post","status-publish","format-standard","hentry","category-c28-intersindical","tag-4b"],"jetpack_publicize_connections":[],"jetpack_featured_media_url":"","jetpack_shortlink":"https:\/\/wp.me\/p659gw-4RS","jetpack-related-posts":[],"jetpack_likes_enabled":true,"jetpack_sharing_enabled":true,"_links":{"self":[{"href":"https:\/\/pcb.org.br\/portal2\/wp-json\/wp\/v2\/posts\/18716","targetHints":{"allow":["GET"]}}],"collection":[{"href":"https:\/\/pcb.org.br\/portal2\/wp-json\/wp\/v2\/posts"}],"about":[{"href":"https:\/\/pcb.org.br\/portal2\/wp-json\/wp\/v2\/types\/post"}],"author":[{"embeddable":true,"href":"https:\/\/pcb.org.br\/portal2\/wp-json\/wp\/v2\/users\/1"}],"replies":[{"embeddable":true,"href":"https:\/\/pcb.org.br\/portal2\/wp-json\/wp\/v2\/comments?post=18716"}],"version-history":[{"count":0,"href":"https:\/\/pcb.org.br\/portal2\/wp-json\/wp\/v2\/posts\/18716\/revisions"}],"wp:attachment":[{"href":"https:\/\/pcb.org.br\/portal2\/wp-json\/wp\/v2\/media?parent=18716"}],"wp:term":[{"taxonomy":"category","embeddable":true,"href":"https:\/\/pcb.org.br\/portal2\/wp-json\/wp\/v2\/categories?post=18716"},{"taxonomy":"post_tag","embeddable":true,"href":"https:\/\/pcb.org.br\/portal2\/wp-json\/wp\/v2\/tags?post=18716"}],"curies":[{"name":"wp","href":"https:\/\/api.w.org\/{rel}","templated":true}]}}