{"id":1873,"date":"2011-09-18T17:45:50","date_gmt":"2011-09-18T17:45:50","guid":{"rendered":"http:\/\/pcb.org.br\/portal2\/?p=1873"},"modified":"2011-09-18T17:45:50","modified_gmt":"2011-09-18T17:45:50","slug":"quanta-verdade-o-brasil-suporta","status":"publish","type":"post","link":"https:\/\/pcb.org.br\/portal2\/1873","title":{"rendered":"QUANTA VERDADE O BRASIL SUPORTA?"},"content":{"rendered":"\n<p>Autores da Boitempo Editorial participar\u00e3o do ciclo de debates &#8220;Quanta verdade o Brasil suporta? Debatendo a Comiss\u00e3o da Verdade&#8221;, que acontece na Universidade de S\u00e3o Paulo, nos dias 19 e 20 de setembro. No primeiro dia, o evento ocupar\u00e1 a sala 14 do Departamento de Filosofia e Ci\u00eancias Sociais (FFLCH\/USP); e no dia seguinte, ser\u00e1 realizado no audit\u00f3rio da Geografia, do mesmo departamento. As atividades s\u00e3o gratuitas e n\u00e3o \u00e9 necess\u00e1rio fazer inscri\u00e7\u00e3o.<\/p>\n<p>Na mesma semana ser\u00e3o lan\u00e7ados e-books da Boitempo relacionados ao tema e aos autores que participam dos debates. Os t\u00edtulos podem ser adquiridos\u00a0<a href=\"http:\/\/ja.lc\/boitempo\" target=\"_blank\">aqui<\/a>. S\u00e3o eles:<\/p>\n<p>&#8211;\u00a0<a href=\"http:\/\/www.boitempo.com\/livro_completo.php?isbn=978-85-7559-155-0\" target=\"_blank\">O que resta da ditadura<\/a>, de Vladimir Safatle e Edson Teles.<\/p>\n<p>&#8211;\u00a0<a href=\"http:\/\/www.boitempo.com\/livro_completo.php?isbn=978-85-7559-118-5\" target=\"_blank\">Cinismo e fal\u00eancia da cr\u00edtica<\/a>, de Vladimir Safatle.<\/p>\n<p>&#8211;\u00a0<a href=\"http:\/\/www.boitempo.com\/livro_completo.php?isbn=978-85-7559-133-8\" target=\"_blank\">O tempo e o c\u00e3o<\/a>, de Maria Rita Kehl.<\/p>\n<p>&#8211;\u00a0<a href=\"http:\/\/www.boitempo.com\/livro_completo.php?isbn=85-7559-055-3\" target=\"_blank\">Videologias<\/a>, de Maria Rita Kehl e Eug\u00eanio Bucci.<\/p>\n<p>&#8211;\u00a0<a href=\"http:\/\/www.boitempo.com\/livro_completo.php?isbn=978-85-7559-090-4\" target=\"_blank\">Extin\u00e7\u00e3o<\/a>, de Paulo Arantes.<\/p>\n<p>&#8211;\u00a0<a href=\"http:\/\/www.boitempo.com\/livro_completo.php?isbn=978-85-7559-164-2\" target=\"_blank\">Hegemonia \u00e0s avessas<\/a>, de Francisco de Oliveira.<\/p>\n<p>&#8211;\u00a0<a href=\"http:\/\/www.boitempo.com\/livro_completo.php?isbn=978-85-7559-096-6\" target=\"_blank\">A era da indetermina\u00e7\u00e3o<\/a>, de Francisco de Oliveira e Cibele Saliba Rizek.<\/p>\n<p>Confira a programa\u00e7\u00e3o completa\u00a0<a href=\"http:\/\/www.fflch.usp.br\/df\/site\/agenda\/arquivos\/2011_09_20_21_quanta_verdade_o_brasil_suporta.pdf\" target=\"_blank\">aqui<\/a> ou abaixo.<\/p>\n<p><strong>Programa\u00e7\u00e3o Completa<\/strong><\/p>\n<p><strong>19\/09 | segunda-feira <\/strong><\/p>\n<p>Sala 14 do Conjunto Did\u00e1tico de Filosofia e Ci\u00eancias Sociais (FFLCH\/USP)<\/p>\n<p>Av. Prof. Luciano Gualberto, 315, Cidade Universit\u00e1ria, S\u00e3o Paulo (SP)<\/p>\n<p>16 horas |\u00a0<strong>Ditadura militar ou ditadura civil?<\/strong><\/p>\n<p>Debate com Vladimir Safatle (Filosofia\/USP), Marcelo Ridenti (Sociologia\/Unicamp), Douglas Barros (Filosofia\/PUC de Campinas).<\/p>\n<p>19 horas |\u00a0<strong>O passado do atual Estado Democr\u00e1tico de Direito<\/strong><\/p>\n<p>Debate com Luiza Erundina (Deputada Federal), Paulo Arantes (Filosofia\/USP).<\/p>\n<p><strong>20\/09 | ter\u00e7a-feira <\/strong><\/p>\n<p>Audit\u00f3rio da Geografia no Pr\u00e9dio de Hist\u00f3ria e Geografia (FFLCH\/USP)<\/p>\n<p>Av. Prof. Lineu Prestes 338, Cidade Universit\u00e1ria, S\u00e3o Paulo (SP)<\/p>\n<p>16 horas |\u00a0<strong>Comiss\u00e3o da Verdade ou Comiss\u00e3o de concilia\u00e7\u00e3o?<\/strong><\/p>\n<p>Debate com Edson Teles (Filosofia\/Unifesp), Maria Rita Kehl (Psicanalista), Eug\u00eania F\u00e1vero (Procuradora da Rep\u00fablica).<\/p>\n<p>19h30 |\u00a0<strong>O Brasil como p\u00e1ria do Direito Internacional<\/strong><\/p>\n<p>Debate com Deisy Ventura (Rela\u00e7\u00f5es Internacionais\/USP), Flavia Piovesan (PUC-SP).<\/p>\n","protected":false},"excerpt":{"rendered":"\n\n\nCr\u00e9dito: Boitempo\n\n\n\n\n\n\n\n\nDebatendo a Comiss\u00e3o da Verdade\n<a class=\"moretag\" href=\"https:\/\/pcb.org.br\/portal2\/1873\"> <\/a>","protected":false},"author":1,"featured_media":0,"comment_status":"open","ping_status":"open","sticky":false,"template":"","format":"standard","meta":{"jetpack_post_was_ever_published":false,"_jetpack_newsletter_access":"","_jetpack_dont_email_post_to_subs":false,"_jetpack_newsletter_tier_id":0,"_jetpack_memberships_contains_paywalled_content":false,"_jetpack_memberships_contains_paid_content":false,"footnotes":"","jetpack_publicize_message":"","jetpack_publicize_feature_enabled":true,"jetpack_social_post_already_shared":false,"jetpack_social_options":{"image_generator_settings":{"template":"highway","default_image_id":0,"font":"","enabled":false},"version":2}},"categories":[53],"tags":[],"class_list":["post-1873","post","type-post","status-publish","format-standard","hentry","category-c64-ditadura"],"jetpack_publicize_connections":[],"jetpack_featured_media_url":"","jetpack_shortlink":"https:\/\/wp.me\/p659gw-ud","jetpack-related-posts":[],"jetpack_likes_enabled":true,"jetpack_sharing_enabled":true,"_links":{"self":[{"href":"https:\/\/pcb.org.br\/portal2\/wp-json\/wp\/v2\/posts\/1873","targetHints":{"allow":["GET"]}}],"collection":[{"href":"https:\/\/pcb.org.br\/portal2\/wp-json\/wp\/v2\/posts"}],"about":[{"href":"https:\/\/pcb.org.br\/portal2\/wp-json\/wp\/v2\/types\/post"}],"author":[{"embeddable":true,"href":"https:\/\/pcb.org.br\/portal2\/wp-json\/wp\/v2\/users\/1"}],"replies":[{"embeddable":true,"href":"https:\/\/pcb.org.br\/portal2\/wp-json\/wp\/v2\/comments?post=1873"}],"version-history":[{"count":0,"href":"https:\/\/pcb.org.br\/portal2\/wp-json\/wp\/v2\/posts\/1873\/revisions"}],"wp:attachment":[{"href":"https:\/\/pcb.org.br\/portal2\/wp-json\/wp\/v2\/media?parent=1873"}],"wp:term":[{"taxonomy":"category","embeddable":true,"href":"https:\/\/pcb.org.br\/portal2\/wp-json\/wp\/v2\/categories?post=1873"},{"taxonomy":"post_tag","embeddable":true,"href":"https:\/\/pcb.org.br\/portal2\/wp-json\/wp\/v2\/tags?post=1873"}],"curies":[{"name":"wp","href":"https:\/\/api.w.org\/{rel}","templated":true}]}}