{"id":1874,"date":"2011-09-18T17:53:35","date_gmt":"2011-09-18T17:53:35","guid":{"rendered":"http:\/\/pcb.org.br\/portal2\/?p=1874"},"modified":"2011-09-18T17:53:35","modified_gmt":"2011-09-18T17:53:35","slug":"simposio-aberto-por-antonio-candido-e-uma-edicao-especial-marcam-as-comemoracoes-pelos-75-anos-de-angustia-de-graciliano-ramos","status":"publish","type":"post","link":"https:\/\/pcb.org.br\/portal2\/1874","title":{"rendered":"Simp\u00f3sio aberto por Antonio C\u00e2ndido e uma edi\u00e7\u00e3o especial marcam as comemora\u00e7\u00f5es pelos 75 anos de Ang\u00fastia, de Graciliano Ramos"},"content":{"rendered":"\n<p>Para comemorar os 75 anos da primeira edi\u00e7\u00e3o de Ang\u00fastia, de Graciliano Ramos, a editora Record lan\u00e7a na pr\u00f3xima semana uma edi\u00e7\u00e3o especial do romance e abre um ciclo de debates que percorrer\u00e1 cinco capitais do pa\u00eds. O primeiro evento ocorrer\u00e1 na Universidade de S\u00e3o Paulo (USP), na ter\u00e7a-feira (20), e ser\u00e1 aberto com um depoimento do escritor, professor, ensa\u00edsta e cr\u00edtico liter\u00e1rio Ant\u00f4nio C\u00e2ndido.<\/p>\n<p>O simp\u00f3sio &#8220;Graciliano Ramos &#8211; 75 anos de Ang\u00fastia&#8221;\u00a0 levar\u00e1 ao p\u00fablico uma vis\u00e3o multifacetada sobre esta grande obra da literatura brasileira, publicada pela primeira vez em 1936 quando Graciliano estava preso. Participar\u00e3o dos debates os professores Elisabeth Ramos (neta de Graciliano) Erwin Torralbo Gimenez, Hermenegildo Bastos, Wander de Melo Miranda e Belmira Rita da Costa Magalh\u00e3es, todos especialistas na obra do escritor alagoano.<\/p>\n<p>Ap\u00f3s a capital paulista, o simp\u00f3sio acontecer\u00e1 em outras quatro cidades: Bras\u00edlia (22\/9), Salvador (04\/10), Macei\u00f3 (06\/10) e Belo Horizonte (26\/10). Nesta \u00faltima, o ciclo ser\u00e1 encerrado com a exposi\u00e7\u00e3o &#8220;Graciliano &#8211; 75 anos de Ang\u00fastia&#8221; , no Sagu\u00e3o da Reitoria da UFMG, onde ser\u00e3o exibidos documentos, textos e objetos do autor.<\/p>\n<p>A edi\u00e7\u00e3o comemorativa de Ang\u00fastia \u00e9 organizada por Elizabeth Ramos e conta com posf\u00e1cios de Otto Maria Carpeaux e Silviano Santigo, al\u00e9m de fortuna cr\u00edtica e um texto de apresenta\u00e7\u00e3o de Elizabeth Ramos. &#8220;Ang\u00fastia constr\u00f3i, atrav\u00e9s de uma galeria de personagens e da decad\u00eancia do espa\u00e7o e do ambiente, uma an\u00e1lise das infinitas roupagens de que se reveste a mis\u00e9ria humana&#8221;, resume a professora sobre o terceiro romance do av\u00f4.<\/p>\n<p>Escrito em ambiente de desassossego e intrigas, em plena repress\u00e3o do governo Get\u00falio Vargas, Ang\u00fastia reflete o desconforto do autor com a situa\u00e7\u00e3o de inseguran\u00e7a em que vivia. &#8220;Falta-me tranqulidade, falta-me inoc\u00eancia, estou feito um molambo que a cidade puiu demais e sujou&#8221;, pensa o narrador. Graciliano foi levado preso pouco depois de revisar as \u00faltimas p\u00e1ginas do livro.<\/p>\n<p>Abaixo, a programa\u00e7\u00e3o do simp\u00f3sio &#8220;Graciliano Ramos &#8211; 75 anos de Ang\u00fastia&#8221;<\/p>\n<p>S\u00e3o Paulo &#8211; 20 de setembro<\/p>\n<p>Local: USP &#8211; Pr\u00e9dio das Ci\u00eancias Sociais e Filosofia (FFLCH), sala 8<\/p>\n<p>Endere\u00e7o: Av. Prof. Luciano Gualberto, 315 &#8211; Cidade Universit\u00e1ria<\/p>\n<p>Hor\u00e1rios: 10h \u00e0s 12h e 14h30 \u00e0s 17h<\/p>\n<p>Mais informa\u00e7\u00f5es:\u00a0(11)3091-3753 ou 3783<\/p>\n<p>Depoimento de Abertura: Professor Antonio Candido de Mello e Souza<\/p>\n<p>Historiador liter\u00e1rio, escritor, ensa\u00edsta, professor universit\u00e1rio e cr\u00edtico consagrado, Antonio Candido nasceu em 1918 no Rio de Janeiro. Sua carreira \u00e9 marcada pelo trabalho acad\u00eamico, iniciado na Faculdade de Filosofia da Universidade de S\u00e3o Paulo (1942) e prolongado por toda a sua vida, inclusive em institui\u00e7\u00f5es estrangeiras. Publicou muitos livros importantes, entre os quais Fic\u00e7\u00e3o e confiss\u00e3o (1956), estudo fundamental sobre a obra de Graciliano Ramos, Forma\u00e7\u00e3o da literatura brasileira (1959), Literatura e sociedade (1965) e V\u00e1rios escritos (1970).<\/p>\n<p>Bras\u00edlia &#8211; 22 de setembro<\/p>\n<p>Local: Universidade de Bras\u00edlia, Instituto de Biologia, Audit\u00f3rio 4<\/p>\n<p>Endere\u00e7o: Campus Universit\u00e1rio Darcy Ribeiro, Asa Norte<\/p>\n<p>Hor\u00e1rios: 10h \u00e0s 12h e 16h \u00e0s 18h<\/p>\n<p>Mais informa\u00e7\u00f5es:\u00a0(61)3107-7211 ou\u00a0(61) 3107-7203, Depto. de Teoria Liter\u00e1ria e Literaturas<\/p>\n<p>Salvador &#8211; 04 de outubro<\/p>\n<p>Local: Universidade Federal da Bahia, audit\u00f3rio da Faculdade de Comunica\u00e7\u00e3o (FACOM)<\/p>\n<p>Endere\u00e7o:\u00a0 Campus de Ondina &#8211; Rua Bar\u00e3o de Geremoabo, s\/n\u00ba<\/p>\n<p>Hor\u00e1rio: 14h \u00e0s 18h<\/p>\n<p>Mais informa\u00e7\u00f5es:\u00a0(71)8726-4027 ou\u00a0(71)3283-6225<\/p>\n<p>Depoimento de abertura: escritor H\u00e9lio P\u00f3lvora<\/p>\n<p>Nascido na Bahia em 1928, H\u00e9lio P\u00f3lvora iniciou sua carreira liter\u00e1ria no Rio de Janeiro. De volta \u00e0 Bahia em 1984, seguiu na literatura e em intensa atividade jornal\u00edstica. \u00c0 sua estr\u00e9ia em livro com Os Galos da Aurora (1958 e 2002), seguiram-se mais de vinte t\u00edtulos de fic\u00e7\u00e3o e cr\u00edtica liter\u00e1ria, al\u00e9m de participa\u00e7\u00e3o em antologias nacionais e estrangeiras. Tem contos traduzidos para diversos idiomas. Conquistou pr\u00eamios como o Bienal Nestl\u00e9 de Literatura &#8211; Contos (em 1982 e 1986), pr\u00eamio da Funda\u00e7\u00e3o Castro (Estranhos e Assustados) e do Jornal do Commercio (Os Galos da Aurora).<\/p>\n<p>Macei\u00f3 &#8211; 06 de outubro<\/p>\n<p>Local: Universidade Federal de Alagoas, audit\u00f3rio da FAMED, Faculdade de Medicina<\/p>\n<p>Endere\u00e7o: Campus A. C. Sim\u00f5es\u00a0 &#8211; Av. Lourival Melo Mota s\/n\u00ba , Tabuleiro do Martins<\/p>\n<p>Hor\u00e1rio: 15h \u00e0s 18h \/ 19h30 \u00e0s 21h30<\/p>\n<p>Mais informa\u00e7\u00f5es:\u00a0(82)3241-1524 e\u00a0(82)3214-1640<\/p>\n<p>Belo Horizonte &#8211; 24 de outubro<\/p>\n<p>Local: Universidade Federal de Minas Gerais &#8211; Audit\u00f3rio da Reitoria<\/p>\n<p>Endere\u00e7o: Av. Antonio Carlos, 6627\u00a0 Campus Pampulha<\/p>\n<p>Hor\u00e1rio: 14h30 \u00e0s 18h<\/p>\n<p>Mais informa\u00e7\u00f5es:\u00a0(31) 3409-4650 e\u00a0(31) 3409-4624<\/p>\n<p>Exposi\u00e7\u00e3o: De 24 a 31 de outubro,\u00a0 exposi\u00e7\u00e3o Graciliano Ramos &#8211; 75 anos de Ang\u00fastia, no Sagu\u00e3o da Reitoria da UFMG<\/p>\n<p>Editora Record \/ Grupo Editorial Record<\/p>\n<p>Assessoria de imprensa &#8211; tel.:\u00a0(021) 2585 2047 &#8211; fax:\u00a0(021) 2585 2082<\/p>\n<p>Gabriela M\u00e1ximo (gabrielamaximo@record.com.br)<\/p>\n<p>Leonardo Figueiredo (leonardo.figueiredo@record.com.br)<\/p>\n<p>imprensa@record.com.br<\/p>\n","protected":false},"excerpt":{"rendered":"\n\n\nCr\u00e9dito: Record\n\n\n\n\n\n\n\n\nRecord\n<a class=\"moretag\" href=\"https:\/\/pcb.org.br\/portal2\/1874\"> <\/a>","protected":false},"author":1,"featured_media":0,"comment_status":"open","ping_status":"open","sticky":false,"template":"","format":"standard","meta":{"jetpack_post_was_ever_published":false,"_jetpack_newsletter_access":"","_jetpack_dont_email_post_to_subs":false,"_jetpack_newsletter_tier_id":0,"_jetpack_memberships_contains_paywalled_content":false,"_jetpack_memberships_contains_paid_content":false,"footnotes":"","jetpack_publicize_message":"","jetpack_publicize_feature_enabled":true,"jetpack_social_post_already_shared":false,"jetpack_social_options":{"image_generator_settings":{"template":"highway","default_image_id":0,"font":"","enabled":false},"version":2}},"categories":[50],"tags":[],"class_list":["post-1874","post","type-post","status-publish","format-standard","hentry","category-c61-cultura-revolucionaria"],"jetpack_publicize_connections":[],"jetpack_featured_media_url":"","jetpack_shortlink":"https:\/\/wp.me\/p659gw-ue","jetpack-related-posts":[],"jetpack_likes_enabled":true,"jetpack_sharing_enabled":true,"_links":{"self":[{"href":"https:\/\/pcb.org.br\/portal2\/wp-json\/wp\/v2\/posts\/1874","targetHints":{"allow":["GET"]}}],"collection":[{"href":"https:\/\/pcb.org.br\/portal2\/wp-json\/wp\/v2\/posts"}],"about":[{"href":"https:\/\/pcb.org.br\/portal2\/wp-json\/wp\/v2\/types\/post"}],"author":[{"embeddable":true,"href":"https:\/\/pcb.org.br\/portal2\/wp-json\/wp\/v2\/users\/1"}],"replies":[{"embeddable":true,"href":"https:\/\/pcb.org.br\/portal2\/wp-json\/wp\/v2\/comments?post=1874"}],"version-history":[{"count":0,"href":"https:\/\/pcb.org.br\/portal2\/wp-json\/wp\/v2\/posts\/1874\/revisions"}],"wp:attachment":[{"href":"https:\/\/pcb.org.br\/portal2\/wp-json\/wp\/v2\/media?parent=1874"}],"wp:term":[{"taxonomy":"category","embeddable":true,"href":"https:\/\/pcb.org.br\/portal2\/wp-json\/wp\/v2\/categories?post=1874"},{"taxonomy":"post_tag","embeddable":true,"href":"https:\/\/pcb.org.br\/portal2\/wp-json\/wp\/v2\/tags?post=1874"}],"curies":[{"name":"wp","href":"https:\/\/api.w.org\/{rel}","templated":true}]}}