{"id":18751,"date":"2018-02-16T22:02:45","date_gmt":"2018-02-17T01:02:45","guid":{"rendered":"https:\/\/pcb.org.br\/portal2\/?p=18751"},"modified":"2018-02-16T22:02:45","modified_gmt":"2018-02-17T01:02:45","slug":"sobre-intervencao-militar-no-estado-do-rio","status":"publish","type":"post","link":"https:\/\/pcb.org.br\/portal2\/18751","title":{"rendered":"Sobre a interven\u00e7\u00e3o militar no Estado do Rio"},"content":{"rendered":"<p><img decoding=\"async\" class=\"imagem\" title=\"imagem\" src=\"https:\/\/i0.wp.com\/www.seperj.org.br\/img\/foto_topo2.jpg\" alt=\"imagem\" \/><!--more-->Nota do Sepe &#8211; <a href=\"http:\/\/www.seperj.org.br\/ver_noticia.php?cod_noticia=18894\" target=\"_blank\" rel=\"noopener\">Sindicato Estadual dos Profissionais da Educa\u00e7\u00e3o RJ<\/a><\/p>\n<p>O presidente Michel Temer acabou de anunciar a edi\u00e7\u00e3o de um decreto determinando a interven\u00e7\u00e3o federal em todo o estado do Rio de Janeiro. O an\u00fancio confirmou o que a imprensa j\u00e1 vinha revelando desde as primeiras horas da manh\u00e3 de hoje (dia 16\/2): o governo federal, por meio do Comando Militar do Leste (CML), assumir\u00e1 a condu\u00e7\u00e3o de toda a pol\u00edtica de seguran\u00e7a em nosso estado, inclusive, comandando as pol\u00edcias militar e civil e o corpo de bombeiros.<\/p>\n<p>Com a interven\u00e7\u00e3o, o secret\u00e1rio de seguran\u00e7a ser\u00e1 afastado do cargo e quem assumir\u00e1 o controle de todo o aparato de seguran\u00e7a ser\u00e1 o comandante do CML, general Walter Braga Netto. N\u00e3o se trata de uma interven\u00e7\u00e3o federal t\u00edpica, na qual o pr\u00f3prio governador \u00e9 afastado para dar lugar a um interventor, mas sim um tipo de a\u00e7\u00e3o que visa militarizar o setor de seguran\u00e7a de um governo estadual que n\u00e3o tem for\u00e7as para mais nada. Mas, sem d\u00favida, a interven\u00e7\u00e3o \u00e9 mais um passo na dire\u00e7\u00e3o da supress\u00e3o das liberdades civis, que pode gerar um efeito cascata em todo o pa\u00eds e abrir espa\u00e7o para a classe dominante se garantir no poder, com ou sem elei\u00e7\u00f5es no final deste ano.<\/p>\n<p>O an\u00fancio da nova medida, ao lado de outras a\u00e7\u00f5es dos governos federal, estadual e municipais que, desde 2013, ferem direitos constitucionais, criminalizam os movimentos sociais e reprimem o livre direito de manifesta\u00e7\u00f5es, \u00e9 um fator preocupante. Depois de iniciada a interven\u00e7\u00e3o, ningu\u00e9m pode prever como ela ir\u00e1 terminar e quais ser\u00e3o as garantias para os direitos e a liberdade civil para os cidad\u00e3os comuns.<\/p>\n<p>Hoje, a popula\u00e7\u00e3o do Rio que vive em bairros mais carentes e favelas sabe muito bem o que significa ficar exposta ao fogo cruzado nas opera\u00e7\u00f5es policiais realizadas nestas \u00e1reas. O envolvimento das for\u00e7as armadas \u2013 que n\u00e3o s\u00e3o preparadas para o exerc\u00edcio da fun\u00e7\u00e3o policial \u2013 pode piorar ainda mais o quadro da viol\u00eancia vivenciado por todos no cotidiano ca\u00f3tico do Rio de Janeiro.<\/p>\n<p>Como profissionais de educa\u00e7\u00e3o, n\u00e3o podemos concordar com uma medida tomada a toque de caixa por um presidente com os mais baixos \u00edndices de popularidade da hist\u00f3ria em um estado que tem um governador que tamb\u00e9m enfrenta uma rejei\u00e7\u00e3o gigantesca da parte da popula\u00e7\u00e3o. A interven\u00e7\u00e3o n\u00e3o s\u00f3 fere os princ\u00edpios democr\u00e1ticos, como abre as portas para a militariza\u00e7\u00e3o da seguran\u00e7a p\u00fablica, o que pode causar mais viol\u00eancia e trazer danos irrepar\u00e1veis para a sociedade.<\/p>\n<p>Mais uma vez, nos vemos diante de governos que, ao inv\u00e9s de investir na melhoria das condi\u00e7\u00f5es de vida da popula\u00e7\u00e3o e oferecer educa\u00e7\u00e3o, sa\u00fade, infraestrutura e uma pol\u00edtica de empregos para beneficiar a vida das pessoas, preferem investir na repress\u00e3o e na for\u00e7a para tentar resolver uma situa\u00e7\u00e3o provocada pela desigualdade e injusti\u00e7a social. As comunidades escolares, que n\u00e3o t\u00eam culpa ou responsabilidade com o aumento da viol\u00eancia, mais uma vez ficar\u00e3o expostas com o avan\u00e7o das for\u00e7as de seguran\u00e7a. E profissionais de educa\u00e7\u00e3o e alunos correr\u00e3o ainda mais riscos de entrarem para os mapas que medem os \u00edndices de viol\u00eancia em nosso estado.<\/p>\n<p>http:\/\/www.seperj.org.br\/ver_noticia.php?cod_noticia=18894<\/p>\n","protected":false},"excerpt":{"rendered":"<a class=\"moretag\" href=\"https:\/\/pcb.org.br\/portal2\/18751\"> <\/a>","protected":false},"author":1,"featured_media":0,"comment_status":"closed","ping_status":"closed","sticky":false,"template":"","format":"standard","meta":{"jetpack_post_was_ever_published":false,"_jetpack_newsletter_access":"","_jetpack_dont_email_post_to_subs":false,"_jetpack_newsletter_tier_id":0,"_jetpack_memberships_contains_paywalled_content":false,"_jetpack_memberships_contains_paid_content":false,"footnotes":"","jetpack_publicize_message":"","jetpack_publicize_feature_enabled":true,"jetpack_social_post_already_shared":true,"jetpack_social_options":{"image_generator_settings":{"template":"highway","default_image_id":0,"font":"","enabled":false},"version":2}},"categories":[190,244],"tags":[224],"class_list":["post-18751","post","type-post","status-publish","format-standard","hentry","category-fora-temer","category-violencia","tag-3b"],"jetpack_publicize_connections":[],"jetpack_featured_media_url":"","jetpack_shortlink":"https:\/\/wp.me\/p659gw-4Sr","jetpack-related-posts":[],"jetpack_likes_enabled":true,"jetpack_sharing_enabled":true,"_links":{"self":[{"href":"https:\/\/pcb.org.br\/portal2\/wp-json\/wp\/v2\/posts\/18751","targetHints":{"allow":["GET"]}}],"collection":[{"href":"https:\/\/pcb.org.br\/portal2\/wp-json\/wp\/v2\/posts"}],"about":[{"href":"https:\/\/pcb.org.br\/portal2\/wp-json\/wp\/v2\/types\/post"}],"author":[{"embeddable":true,"href":"https:\/\/pcb.org.br\/portal2\/wp-json\/wp\/v2\/users\/1"}],"replies":[{"embeddable":true,"href":"https:\/\/pcb.org.br\/portal2\/wp-json\/wp\/v2\/comments?post=18751"}],"version-history":[{"count":0,"href":"https:\/\/pcb.org.br\/portal2\/wp-json\/wp\/v2\/posts\/18751\/revisions"}],"wp:attachment":[{"href":"https:\/\/pcb.org.br\/portal2\/wp-json\/wp\/v2\/media?parent=18751"}],"wp:term":[{"taxonomy":"category","embeddable":true,"href":"https:\/\/pcb.org.br\/portal2\/wp-json\/wp\/v2\/categories?post=18751"},{"taxonomy":"post_tag","embeddable":true,"href":"https:\/\/pcb.org.br\/portal2\/wp-json\/wp\/v2\/tags?post=18751"}],"curies":[{"name":"wp","href":"https:\/\/api.w.org\/{rel}","templated":true}]}}