{"id":18776,"date":"2018-02-20T10:40:33","date_gmt":"2018-02-20T13:40:33","guid":{"rendered":"https:\/\/pcb.org.br\/portal2\/?p=18776"},"modified":"2018-02-21T09:06:00","modified_gmt":"2018-02-21T12:06:00","slug":"trabalhadores-unidos-na-defesa-da-aposentadoria","status":"publish","type":"post","link":"https:\/\/pcb.org.br\/portal2\/18776","title":{"rendered":"Trabalhadores unidos na defesa da aposentadoria"},"content":{"rendered":"<p><img decoding=\"async\" class=\"imagem\" title=\"Trabalhadores unidos na defesa da aposentadoria\" src=\"https:\/\/lh3.googleusercontent.com\/qjIDdjbL3LCPTyphh6qZm2opu-h7vpl3w662WPhfbVr2D3ZfPICSK9u0eNOAQvoTtGWbJWnzmyCmQbjEll2sdZ1qOnrkGbwlZQUMiFUuSyGUijmpwbhtdvG6Ix_yuVVx2ZHES0cUJaT_jCfy4fr8-HkuR9UE9FdZwBWLOfqlC2lU1ATwsqp1A1_f5KvvkbODAyI3RzPh8K8AkoPZDY4jgzCBiiVNCwN7fJ-p3gwHAYuIo2PNeR4yJulhShY2Bezm8rxtEAPgom7aza1OVc6yYC-jalJ0tjb6xKxGO0_PDcnTDb9gVc3PZWtsqau_Qb0TDfWy30Qrr7n4rkMkSYlbnZoyyznlQwLxTE4Wa6c_B1ax9x4otJomo9MWEjm1jXku96kZiyfl-1VjTzYq0CHgcOTVRwt1cwIWVgL59IwJdFY4ziyYdQywltmYvhaCSPXkZaesihQBYQyvbcC79yuJo4vCBpfgkdtNIWGAK9SgQ9aM6e6d7jrzc-mAVP1c9zHyYVf1CCRvNeNi0fkE53TNWqZETZSZitmEvXrmG5SH1NP1L-5JwzYiLs-OGHF67_X_taGy8JZcl7ZO7EHE_MGEDlYKf0ZsNjvTMil3nsFTGGolM2F2jNh6ZgswP8RZMRbqKaZ01gAJDQ-Z6ng1sKOCChCPsoNqSEZE=w1280-h885-no\" alt=\"Trabalhadores unidos na defesa da aposentadoria\" \/><!--more--><strong>A LUTA CONTINUA!<\/strong><\/p>\n<p>O PODER POPULAR &#8211; 20\/02\/2018PCB PRESENTE NOS ATOS EM TODO O BRASIL:\u00a0DIA NACIONAL DE LUTAS CONTRA A REFORMA DA PREVID\u00caNCIA!<\/p>\n<p>Os militantes do Partido Comunista Brasileiro (PCB), juntamente com a\u00a0<a href=\"http:\/\/unidadeclassista.org.br\/\" target=\"_blank\" rel=\"noopener\">Unidade Classista<\/a>, a\u00a0<a id=\"m_6818646879383164621gmail-js_3u\" href=\"http:\/\/ujc.org.br\/\" target=\"_blank\" rel=\"noopener\">Uni\u00e3o da Juventude Comunista &#8211; UJC<\/a>, <a href=\"http:\/\/anamontenegro.org\/\" target=\"_blank\" rel=\"noopener\">Coletivo Feminista Classista Ana Montenegro<\/a>, <a href=\"https:\/\/coletivominervino.wordpress.com\/\" target=\"_blank\" rel=\"noopener\">Coletivo Minervino de Oliveira<\/a> e <a href=\"https:\/\/pcb.org.br\/portal2\/category\/s6-movimentos\/lgbt\" target=\"_blank\" rel=\"noopener\">Coletivo LGBT Comunista<\/a> estiveram presentes, nesta segunda, 19\/02, nas manifesta\u00e7\u00f5es convocadas pelas centrais sindicais, movimentos populares e partidos de esquerda em todo o Brasil, no Dia Nacional de Lutas contra a Reforma da Previd\u00eancia.<\/p>\n<p>Nas principais capitais e em v\u00e1rias cidades houve protestos contra a\u00a0reforma da Previd\u00eancia. Houve paralisa\u00e7\u00f5es parciais dos transportes em alguns munic\u00edpios, manifesta\u00e7\u00f5es em aeroportos, greves de banc\u00e1rios e professores da rede p\u00fablica durante o dia, culminando nos atos p\u00fablicos unit\u00e1rios ao fim da tarde nas grandes cidades.<\/p>\n<p>O PCB e seus coletivos participaram ativamente desde a convoca\u00e7\u00e3o do Dia Nacional de Lutas at\u00e9 a realiza\u00e7\u00e3o das manifesta\u00e7\u00f5es, apontando sempre a necessidade de organizar os trabalhadores e as trabalhadoras para barrar os retrocessos e avan\u00e7ar nas conquistas em defesa dos direitos sociais e trabalhistas duramente atacados pelo governo Temer, pela maioria do Congresso subserviente aos interesses empresariais, pelos governos estaduais e pelos patr\u00f5es nos \u00faltimos meses.<\/p>\n<p>Reconhecendo que, por ora, n\u00e3o tem a quantidade necess\u00e1ria de votos dos deputados para aprovar a Reforma da Previd\u00eancia, Temer golpista mandou suspender o projeto, ao mesmo tempo em que anuncia novos pacotes de privatiza\u00e7\u00f5es e consegue a aprova\u00e7\u00e3o na C\u00e2mara Federal do decreto de interven\u00e7\u00e3o militar na seguran\u00e7a p\u00fablica do Rio de Janeiro, deixando claro que investir\u00e1 ainda mais na repress\u00e3o e na criminaliza\u00e7\u00e3o da pobreza e dos movimentos sociais como forma de responder aos efeitos danosos da crise capitalista, que atingem centralmente \u00e0 classe trabalhadora.<\/p>\n<p>N\u00e3o podemos baixar a guarda. A escalada de retrocessos pol\u00edticos e sociais continua. Cabe aos comunistas e a todos os lutadores sociais manter acesa a chama da luta e da mobiliza\u00e7\u00e3o popular.<\/p>\n<p><strong>Rumo \u00e0 greve geral pela revoga\u00e7\u00e3o das medidas antipopulares de Temer!<\/strong><\/p>\n<p><strong>Contra a destrui\u00e7\u00e3o dos nossos direitos! Em defesa da aposentadoria!<\/strong><\/p>\n<p><strong>Pelo Poder Popular e pelo Socialismo!<\/strong><\/p>\n<p><strong>Seguem abaixo imagens da participa\u00e7\u00e3o da milit\u00e2ncia do PCB e dos nossos coletivos nas manifesta\u00e7\u00f5es do dia 19\/02 em todo o Brasil.<\/strong><\/p>\n<p>Imagens: Comiss\u00e3o de Agit&amp;Prop do PCB. &lt;https:\/\/photos.app.goo.gl\/BbNUkKlwzuyi84pw1&gt;<\/p>\n<p><img decoding=\"async\" class=\"imagem100a\" title=\"Trabalhadores unidos na defesa da aposentadoria\" src=\"https:\/\/lh3.googleusercontent.com\/wYK2S45DAWUM2sEnTrJl-Nm98S-6vR-wUaU00mp150Z5JlmNvkLI31hyME2iEUuOjlt_mi2t4YZHOSCoIsmj0Mw8o2_-3clsx2kQXkNFNfT4lVPTlhYgOLaCpML25V32zlq8d3HK4-4Xz6uwOFVFnFe_QFXrScFuR-FNLNdG0YgZtHTAsMZckgcvJeFuJb0sktdU_aAFRgScUJPly5KJEQUlndx0kswf2y2HU0AJ0YQSNbFFHC_mGycXF3DwFCIIYRhp9YvgfBkRRD9MiJ26u__IYVcR7_bRWKrdi6ryaz4Aet1xfZt_lMV8dptRhOq5uQ46HL6BHab4_ybhtFJvGEhuvdfT38TKw5Ob5dirH9lp5kwd6lGPIfDpayr_WxVzQ-BDcLlNjodY6aFR9B8iICQsArfObCGKREKAKxeeEXQpclvAqPeQZWRPwTrj_TFbWysZVxAtQF-ZPha2S_kQVbR7ZenAErxvD2JtRJCs8sXJZAuRcBCn_rb7olU-yHIeapJTmNrjxv4jdWodWt8LyJdOGnHEOxZMJiShny0lsdBSaZH9WUq5uDJOcbqdrR7nruEFT2qFyTKUf3CWARN99NnHRaDp88eB7LzyqVjxvtW7tklhAZ5EfMtzzI2gT0MbnYbH77sgLYBmjjOYCrtxTxFlT_-FYQ0=w1280-h720-no\" alt=\"Trabalhadores unidos na defesa da aposentadoria\" \/><\/p>\n<p><img decoding=\"async\" class=\"imagem100a\" title=\"Trabalhadores unidos na defesa da aposentadoria\" src=\"https:\/\/lh3.googleusercontent.com\/DBniLDqThGHjNdJ1yh19eIhNMGsO09tMWIdt6s2IyAiCeMZdgejMR3lISoXWZXUuOwhyUrWhtmig2FcLHXHT88JkwMf0zjvVp6lA99drd3j0UPQIpcGmcF5-ndw9_WcMCZtqX00mq6CzBc1LGcwF1TGdGL5f1-snOZGmi_yoOepSV0mcPMqaLq5pkcYhXBeYThdUJek3-3Ay1QMnP5vMUgG3EJn0zIXbka8bK2klMJ0Dqc20R1JOi6EBsP4abB4yVARWEY2nik4cZ3EX6jbbXnGV6iumjjw0N1elha071K3iqc4uEToFqSK0D_5iLdQa3iZQ1ShsD3YhPNxxR1YvuhiLciSfaSOh-17uOl3wWw9VPtbmznvVibbyc1czNpb0IlRLqqq-ZSRrkkWI0CqY2EZznXkbBjDbI88Tb07TjOcCuQx-Yc4a4yd3SgnSGlQDbxRODZ3NTu4LJMtqDFbKoSpSqCMhY4f3bENqmr2FLALoH9aodzQnl13NGhFJkixCA2B2preX8LDxEtu0cTMTmqky2cL-2efyj9K9ERk4pMXxsPlTteaJf-hNX4aOdHpvAqc62IriicOkW2mkznLKS6PSd4JqUCThQoluZm0kJhMu_XG3BZxDx6kYELGhGGMq4ttPuyH0Oq4ufHS6Dw9DvveoundaXbFd=w537-h954-no\" alt=\"Trabalhadores unidos na defesa da aposentadoria\" \/><\/p>\n<p><img decoding=\"async\" class=\"imagem100a\" title=\"Trabalhadores unidos na defesa da aposentadoria\" src=\"https:\/\/lh3.googleusercontent.com\/sxWqgu-QrK-toimzPUqIDIcjU3clhOM-t0hzQdqp9We-FY-D2Cx7EWvmNiJsZV2GZBWtaZSIyPKjEiYHksFM5zm6TqXXUgm_uKgUtOXUcj4jpvbHGpRahRsCnctiGHjrzwCwVk_aXOsoOb1_KJAqKqZmjSi8cHc_JPrMq4OOfPxDg9XMe1aNEc-7v0AO5d6nCfGzBHch3qgTKVNGzfdfjje1Dyq0tVwvfArFawCX21HhM9uezd1spxOGSiUqCtzpQjz08V98NO5-JkEEs6Vdp0DRvKTxDPCzhxQ7oo3GXDn6IaxRy9APTtCJeF3SvAlMfEmnxq_BQ-pC_WdP42a1Lm4BYNEks46vyqWwgN0a83TAzEBq0fz3Ey_kNM4P8zPtepCBOqWIjfkdjMusL40zdrAUj-5_d3AONepKS6QwMI-G6wpf-Ibj2gkZDJmKcL-bMa8zkLpWxcw7geBOwXAXABvZW5I880afzZ2Li73FGCeBWijICMDc2YqJ2bo79RJFS2kDnmoOccpI1r_PV05sHi-KFll2WSNr1rOKkC0BoeLv7OcvjiYyMq_YGDBqSbMfqP5flIw4ErNPxtsbOPflD6M3daJQYlpoBkv3C83LsNs1ed_IF22fKYp3eFuc6gGMZYzyOBuj667AuvnJ9fw3vmqEoMiMbK7Q=w1040-h585-no\" alt=\"Trabalhadores unidos na defesa da aposentadoria\" \/><\/p>\n<p><img decoding=\"async\" class=\"imagem100a\" title=\"Trabalhadores unidos na defesa da aposentadoria\" src=\"https:\/\/lh3.googleusercontent.com\/_gi_xp_l3Bsh9R1dUsI1naeeVIko4jTMqt8mGwEGNNwcRVAx0K8FWScodypcLfXnELwt0jGJG0cMYhKPQ2_mzH_JJuUsRpXyNePgkqyKYucZr8o2lJfoTM8RbE-QLufnlu33STDoHMUsMFoCwaQNzJhZpjZxJS5XCrY--7h4hYWRQYcN_WSBWDiI0rdCWpwxAnWXb2guo5v6pkqKy9HBKoLtdh1iBarimHlX-5smsaXbzXACY5REJY4dF-_bk9wpkp1ZazY6OC2BX9J9kc45KyQs2HMoiUgoT-KMC2AbouFFca2gf_yf_RNzpf7HPv3vFNXZbsGkUGjU0ekj8lQtrK_ms_TpUn0N0eEUE2FIv5qk4OEANALDLQSTq4ryb89mMe4DzyZODRVZ4zUWVqNPjbbrNi6cW1bomD7L-RPt-cNH0JKShR5lmJjv-Y0j6Wt5dnYAbT3dxbjRiUqaFl__RgnKDXmKR270rOWyfgq8j5MgfKMpTTOa3qQ-vn4Bvsepi6xQ4KTqNTVhx2lOwS_8ms0ek3NMEzO-GrID3nuGWv59xvIqBxOSf0LmUyHbscAVt7WJQOZJ0R5Ts9PvABybtfe2_JP-9Iq1woXFylILYQOkxD_D821Xp7IxReJugDp-7_-rSEqHVSV4zxZzb46zspzgO6dHlqJ3=w1272-h955-no\" alt=\"Trabalhadores unidos na defesa da aposentadoria\" \/><\/p>\n<p><img decoding=\"async\" class=\"imagem100a\" title=\"Trabalhadores unidos na defesa da aposentadoria\" src=\"https:\/\/lh3.googleusercontent.com\/CQmd5yQGzTnyp0hK9DthvUfQG9y2rNPI074Nr_HXtsGWYAJ1jFTjiJD-bn6WkBDxCXvszIQGmIfy2h1I4aNdJOyccdUn3seS0dImGpkEkgu1VQSzhUZrJQagGBEHfTE561cEPnpxlA4GPUXFcmvfLna2PXPYzQ9TE_Wlm7gr8lED_yHzROVVFqSbG3xQrR6eLI-1wXQxLb235-hxjSp4swD1Lwt7x19PbHm6o86SyrDT2JrEpg35z9mihaEZYP5Bs1MLxvOTR6EpNQE5fG5fb1sttVOUu5Zmf2csIZOYuN4D5Sf6C6oYHpytF1twMbliOTAXuOFxkOhw0nPjs5xnQd93o8On7d4aEKKFOAgch9YMNRIyVqD7lH9uhFGduoTCQBaBJd0zUWSi_DeulX_WHaAaSu630-BH61UyU8jnimu82V52UD8dUT1ytL8VnwRVRF8hhU87zf_MFT1MfZ_UHoFp3fgxvXGuQqXfg0OaBle17JerBwq7fxXrSzm8TPA8h0_FOyirESlKdwCfz4nbLISbOeEww2FFEcM4IMBpv4hgcsl-G1w9WO5AQO_n2JeMPJtyRnBvyJm1lsCRLhwuaskYnd1gkkym5dH_y8D_l5IYQ59o-m3GDvkgmfCjeDOpcIWHF-Inqx9zDCsv_NAB76IebxE6zTs3=w1040-h780-no\" alt=\"Trabalhadores unidos na defesa da aposentadoria\" \/><\/p>\n<p><img decoding=\"async\" class=\"imagem100a\" title=\"Trabalhadores unidos na defesa da aposentadoria\" src=\"https:\/\/lh3.googleusercontent.com\/7YWLwbg3FOtIbwlk2Bcy39ev4OLZpuR53Refx-EsdKC795Pxz9fgvFr4C7v0U1SzUBqXzr73FBwOO6r-Tsr1lfijXbjyrEqPckBQUDdfaNwmMKEwta1ugGxrkxoKJ_PHHiW1Btm74IeYNEkBHiH7ptN1y7fgi104ntTa9zOoOnzUwVkQmYZZVmaOWTz1DSVIFzMUHUUO5AWvJaQqz3NcteYBFFlDMtiEKZ9PJKn9leukW3Afva9B8vChXZkiyVmYKu7R3TqTijo8hC5fpa7GbDtWEuozwohiOv40B6RESAdOCavkXfpjLSx7JdyVrnhhcAcSnDNIjfCcn5hilxuWLlxmiQf889Ry59MVJp0CiDWSifyvNRrsi_09vS-1yYot3LXGc37Qf_CKIvOl9eWSkdMbIxaU2Oz8Vf8yzg7Ppeilg4SSgzz-_eTlCZHyhbISfe2657KLnU_GfOaIhb3xfWhhi5widzGaSYyXxVo0gwA28CpJMcB6pW64fC5GJaiuzx8h8fw5cRMaK8lB4_2CzQgwu_Zxcy5R7v0P_vFuqvzDpdmxkWvMKqne-hoRpPOg5YxFjSTb8ICkEZvERErCGRKQsgZKyeKMla8D1XnLVg4-Lx3IsQuk0-ySUG0en2mBLYUJ0FVt5GBJ8n444I995-VN1SR9BOr-=w612-h816-no\" alt=\"Trabalhadores unidos na defesa da aposentadoria\" \/><\/p>\n<p><img decoding=\"async\" class=\"imagem100a\" title=\"Trabalhadores unidos na defesa da aposentadoria\" src=\"https:\/\/lh3.googleusercontent.com\/S684Bk3C2i0Lul3hhpyxxSHGnn3HhaW7FHzOR05LdWPAl1PsS1YVahfylMKgNEzIbEk6SVgTqe9aOj8pLqR5Dt6E3yC_NXureAQRO_TBCuaNeAeOvqRbW4zInwFWNNZEUbsPb6tdwqMQ9rugNauXxYNR9QgFqvZPdKlfND8l4Ei8egVzEvtiP_2PHB3kv_JZnyZHx8kjuXx39Eq8W1t0NbriqhWkVwBI-fK1PFOp_bummKZzToIz9_6uBCI5mh-L64xGHNLoEHSQvbKFT5qOTS8MEqLBRIbLisiEmT3_r8Fs18VOcLceIUI8vmNA2t981aMrpqmXso72uU8IHNPBpCua7IOVcqhCQh7OW8lQl_z63HthDYDDV7ZNfL15ZKhr1db2Rh0IxbyjmzLn7oSMVu0Kb0-6y6YpnChGw98jy655vLzXBZh1g68WcfLjHf495YdVVi_gZqbfACl-9aOmdK0dTXmWmaYKICHgOdZhE9deGTh72jIXK6B5byZ89gPCKrnlMW4owcmJ3jRqSwgmOLpBeAGEam1QT7jIQlmFi7JXLcahh45Z7xdbf8MY1p5iydWqh_kgJ6rhtY9zVyqsISWceevs0aGj6UIWadB1OfqBzUiMnfaHAewmbPmScAf_nKAvoh27QjGAC8-pFXvG6zr5bwS0ImhA=w1280-h720-no\" alt=\"Trabalhadores unidos na defesa da aposentadoria\" \/><\/p>\n<p><img decoding=\"async\" class=\"imagem100a\" title=\"Trabalhadores unidos na defesa da aposentadoria\" src=\"https:\/\/lh3.googleusercontent.com\/FeE4BUVbw440wnyjl141wFvrMvhwim66tcmB5qRtsgagSIFVPVQfTOC1UHg2CFfkU9LSCL1Wz-9nDt5WhXcz3j--vvrW_7E4qGMlDBcqQdi89UaHYerO-02jRo7vrMxIUl5Y3QP24LguOTX_KiBEcTDsua2P63XQ4keeyN0bdEo48X2KgS1v0fCnMbNt1qO321LryWnVeJ58vPw2ybzSn2mmeNR3GYOnfLHpDgR0JiOw6M9g7n2N12QHMtlKgH5pQfJrLn1aoGY9sHDk4ub7RRUmnPlu88iNC56cuSna8DXzqbiHfV6eDaTdNLEr41Rp1qUQKbW9-iTg59lxUwX4z0SQK5nY6unG6hp5QriN8JxYYe7EHXch1E08cE8Cd_SUg8Ghhzui54I2a1Owb3b4fNcXC6fqVZnz6mz5Kiy95zdW6tBxysbDetlaEYMGui_B_voJQ9l11Dbau0r7C_ukyfBBY7yw4TL0Co2lBnG8BodnB7QgOZ8Hba6VusqlzMJUzbK2cjrmRuha294PPwZvfRpa_0QS22TFYRaduuvegS0lEfXSpasA2kbZ8r9u8ojTx2z6nC8Hdp9eVZcVJ-OApND9bVr34eQhGoHVb66Nzxa6UFSAKB3E4Glmxe-6n8oL6bLjCAeKGBtZFqDfKV4MSNvnF8GluIk=w1040-h548-no\" alt=\"Trabalhadores unidos na defesa da aposentadoria\" \/><\/p>\n<p><img decoding=\"async\" class=\"imagem100a\" title=\"Trabalhadores unidos na defesa da aposentadoria\" src=\"https:\/\/lh3.googleusercontent.com\/-DIFdFgtZeCocSb81G7QQEUoAjE1Cu9dsbdKxKY6VpVNnL0dZDXKkfA1pMJPm29Dp8ZC_ceEv_HN7eY-09o39x17ZaoPVa2IjEw6quVugq4eGHqh4DePjUm--CUYxtC7MC8FUa4RmeCWV9VHrG40-Xb2qw7j8UomTR8k6mlq_ZP4M059OFjgNZbGatFKph5Id-UbYtnN-JdCmSsP5Wxpb-lVvAclnXllfsxfYOiVuWQTTEJZowTi9DK3f5jMc70FHPK-Eu8Pxke0lEDr6dH5useiZT6KcBzDMZwLrQGdSTSsKqFpJ-uMTxkTByuk-Nf-4lVfTWjkeWMI4dLQO6eLXeMzncIcPh5vJEx9bNDmpqzT5ErPjJBD_KYXket5XlT0evYcUgFZGqXHQYLp38lhbFYkMx0benJQzJe6usu6mm57pAWDV0tJlF5f-qW_JFoIrSwp-Vb2cOAQV3QZE0uzKYK5-wsa7DZsGJ9-gTYksyuwcvGULccLUfY-Y8BAnp2ySLEVdFEb7fXB1pG6RCAV9VFnaKSYi40_LvLK9gQYo9lOaAfDWu4NOXAqVK5SyN7kRJ4w3mUw949PwrSIAcC2fyjE2-3S54DbL2zIjqkfgXy4mIHVDaB_sl6Z7UUT6rIjFIfR55Ed-H3dowRhMZDGPZQYzmlwTxhK=w1040-h780-no\" alt=\"Trabalhadores unidos na defesa da aposentadoria\" \/><\/p>\n<p><img decoding=\"async\" class=\"imagem100a\" title=\"Trabalhadores unidos na defesa da aposentadoria\" src=\"https:\/\/lh3.googleusercontent.com\/x2bjpg7QQlhZYkoH1YyoQvfvrWAfRy_sGNCQOpDR5gYxjhB-kTLci4N0QoYccrbkDjO_fXERD-3GEY45Q0IuxaPMhs641MKg2o8SLi-58nT9ZFO7q8tStkJQEnABGWgvuDSCosUx9Fm0Z6w7sLlf5OSyJpwjeeBSP7h-0cOpDRE7S_iO0i0K7ZhNVOXo0RoTicym2T0Nek6aUg7cEYjWa36qAmEBfPtgczVQMaSM-fqNwceQ4UK95y64hIgBtD6yeHGkaNcmBOOmKoV6u0wA05mNNoID4NQLM32IpWUBi_-Iv0AT4xY2vo8nYpWT86GazEhnkbk6K25lWTLfZPbYezLKTg9GHUUGdCWOdX4a7bAJx5JOZhR5CmjdqCNluwWQQrJ1Lop5MSaQhlx4LO99g2K_BevqhlOr_dLhQY4HfQvTXPOKzRZ9zJk9UpvBAi-vSbpQq1NHLAQFH0MmyvBaPh3Nn4dZ1rXmE_f6RFZ9T6cjf4qk5gDdOdO-PtgwxayzuBI0NQe2SMmcWgK4u_b89Gtd7t1ti7A36GB-GWx_b_dT_LGU4UwPQyCBwxssE1PvNmkeoF5GypNTPfr6F3PXTpyka38yFrTJ-Ed77aBBX66hPmG2630mDQAysp3Qkf6fw66ErZo6Dk_0_ZSNOj54OErjM5wBAvQ=w1007-h608-no\" alt=\"Trabalhadores unidos na defesa da aposentadoria\" \/><\/p>\n<p><img decoding=\"async\" class=\"imagem100a\" title=\"Trabalhadores unidos na defesa da aposentadoria\" src=\"https:\/\/lh3.googleusercontent.com\/Ymnxyey0zggwG46lsSJU0uYvjr1cbxFeeTLppiRy9e3bBMWWxGwQWxoh1S8im5WNehQaCXY4Ne-A_q3KcTBVjbIqwxsUEMlpGGj5LbHRgFNnzXr1pFAC9rekyjObQOBAXK_9CSJpEOMgdiKpKuDulr4RCTYxONHh_qmllY995pX3nNl3y_vdymQ8AJGal0gb61Z_84R7w0TWLgYXz52v2Nb_8dD8Ixj0Jd4pJ1bwu3GSSw24gKtVJRXZGgQpkJUC4mTIeHdJ8hThIIp9Bj5rJkYMtQ8D0OePMzPkgX5NBP0ElInMJ28FiO-ZdBOqxI5HkOFXXwfDWQr2McebknzHYgMSF45r6iiFSAFAjZqVdFmHLgtlj7oc4LpyntMd1CEAdhd8l98liXWWbYJxGC6Sh--uTCtEaZ53T-zh8tO3So3sGsZWt1XROEjc9XMkKxdybkGOgihg5k1zj7OlYmyMhtsQvhNlA1P6OfMrgqLLtRPma9OonUc6DBBbw4Y5dZJMffpNzXSrNOsjjEQ9zMjZBtnLuGG7bqHdPV5x8iSpGdX1iesOWEWL02eWLJ4rBRRNIOHXqzmWF8NlH8VO07QqMFWMMxXUBcXSxX2nPrrF-tedECbFozzdXyQy6tLvsDSnMjltqLAnKjbkcEkJsPZAA4bYccxe1mQ=w1280-h848-no\" alt=\"Trabalhadores unidos na defesa da aposentadoria\" \/><\/p>\n<p><img decoding=\"async\" class=\"imagem100a\" title=\"Trabalhadores unidos na defesa da aposentadoria\" src=\"https:\/\/lh3.googleusercontent.com\/BBN66RPbxEpcltNjNPWMvxDyhxaZiIhlkkERHLyz_vxjHbbcG_KIxhK6y3BefF5YY5EUTJ-ygAH3faK20hcsh4GwEsl1m3v2FgOGRGf4c8ssTtOPu-m-tSwyxu8o-HVdhfKU_4UJMTmxcHnnBfroiYZeZHBLhpnVAqPiDfvzoVg8txTCMEKEiA6ufcGbE3tzTrmjRae3gTclg09U94wrbUuKfpFksbaIB0jvbse2fvompNvbZiyE53Q05y_bFmapViqjEAibXysCGPU-NeHr4-vnKK848jmTL0VZO3Scww1EEODVkDMo0WbSqDvPx0jNIYqz0fLzRFhmdvCCS8PH0fCcFU8O_aU3Q5WVcSZI2cD93tDnrp2UBIl61AqkYm5sBqyNK2jUYVd3JC5vY-kPQlfptaz3WV5lh97twf7OJouzyrQypOBUtmHfd1kkv-VPgtjULpnNkYxEe7g5mKtn-OkvXxtyZoygshfRe7rbYomPKqW5NsTeCYEyh_jb1DjPwznnUlj2m9WbWbl2k8t_scM1iXt4FOvwBuhFLqwP2-ZRSgRGBPNb7H8GxdcthuFzy9wOzliDk29PLsfCXNGayCTX4zTadeaongOqNb18h_i9Ly9tbcIw5mgehsKi8ccoV5AI8zuDPVjc9fomH-dYRsooKsH-BHGi=w1040-h780-no\" alt=\"Trabalhadores unidos na defesa da aposentadoria\" \/><\/p>\n<p><img decoding=\"async\" class=\"imagem100a\" title=\"Trabalhadores unidos na defesa da aposentadoria\" src=\"https:\/\/lh3.googleusercontent.com\/9djXW-A6se9HvgSmU6mRaOpWmUR9cXo2dj_jJQSR_Ra1k7fG7PJQRwBgKdrfJ2rZ38zDM8zrKd1xKjyw2puSYRSmcUTjMxS0hRHL0BsMYGJszKBZuZc6lfK3b5q27qyvznZ2AmbfpVc8PoxGlufwoFrbLhmLhi44H0v61JYmm1nMjqvNFQkHAzlvd8SjmzsQ_BttIecxJy64Lf3CLJFpvOXdm1F858DvY0rJFFHuuLb6yTf1KaPQ9Ayr0Y2fxM-RfFRwQ5der1vR-NghZ4mIPjhtEN67tLeL1Zm0w9U3iJM25JIcbs5API1iYvbhyw-vOaV8J_j1hLjGEyPNb-Djiy5BhWu6WLkBMxPll7LRGiIi94TbkRUuwiyKYeOIW9nkVyo8i1siklV-ILWM3gHfrVed9bQxegwSbKwvBJAlz6BrgIkn7T9dNPsH74LIZicCi2DL6Mq1jYKuB5sRFaAJqKJ1UC04rU82bend89plOL3WOpE_Iar9fpZnhbxq-rzaDnsgzr02Gd_B1jNgSSBAxVuu0RV4b_zicMFrV_AHBgb4zmYn10UMNmTpuCtVzQtv4xP6MkZj_Y1RjAMBlWnGuERfIskytQy3N49_4rPrbhkdZsATnrEWLY-YRJiFwUp6hnyElBIMlF8u5qfAJO6IPq-so-NxqKnq=w871-h653-no\" alt=\"Trabalhadores unidos na defesa da aposentadoria\" \/><\/p>\n<p><img decoding=\"async\" class=\"imagem100a\" title=\"Trabalhadores unidos na defesa da aposentadoria\" src=\"https:\/\/lh3.googleusercontent.com\/jSbRnpdNIW5dRwXHWW9zdYIrK9mDpLHaxRueAC_Kknqwl6LofhEtaTd41HeE_IgkruXNq4B1JNfumh4ryC1zefcT_isrqb2qk3bRV6t57Xk5m86eBHbl7xYTy1KgWzJCnifwOQUfDmiq3kej2OkqPknXRuEihb5ne_xn0tluIAWL248GoU9mxX-iqP9ZpHdljtIsxzlioEyWNp5fyHjNCGWLGBEBUbdPmX3zLHUbzWrJtWfNZ8OmrJYXZl69o1u3FGVxZGvyMqYcPpUR3X20w8mjNmvoITllwQT0jxqNewLxVp3sKLE-X7kLo2mMFjO7JKNnP7Js1GSbFEilK_-kDz147bEQgifoo2mGQd84nSwl0B-07NQNRqnY6jfKD6wRN1mGJkB01Sk0pc5D9bfKYmTa3eK0mV3Q5QSJeWjVK6zvVZGCs2aitGTokAv3NI3cMANFXmeDcIHYxdb_c2NL2kbg708sNAlTa7V2SCKJpmJsGWO2t8m8hve2hJQqsF6xLYFVN-h__z4Q2w5NA959InwMDPZKhfv8YpVoogrFlkaVqLs4ChD5OAiodCwvUrAa9xt9DmCIrNoviamVEPpyHAxdSqlbab9OXvAmv3YxADx-VpyBIGjeVdpNT0w65eAvATTjBbxsiwvR2S45tIlEkzNn50c4FM1s=w871-h653-no\" alt=\"Trabalhadores unidos na defesa da aposentadoria\" \/><\/p>\n","protected":false},"excerpt":{"rendered":"<a class=\"moretag\" href=\"https:\/\/pcb.org.br\/portal2\/18776\"> <\/a>","protected":false},"author":1,"featured_media":0,"comment_status":"closed","ping_status":"closed","sticky":false,"template":"","format":"standard","meta":{"jetpack_post_was_ever_published":false,"_jetpack_newsletter_access":"","_jetpack_dont_email_post_to_subs":false,"_jetpack_newsletter_tier_id":0,"_jetpack_memberships_contains_paywalled_content":false,"_jetpack_memberships_contains_paid_content":false,"footnotes":"","jetpack_publicize_message":"","jetpack_publicize_feature_enabled":true,"jetpack_social_post_already_shared":true,"jetpack_social_options":{"image_generator_settings":{"template":"highway","default_image_id":0,"font":"","enabled":false},"version":2}},"categories":[22,124,190,182,241,27,31],"tags":[219],"class_list":["post-18776","post","type-post","status-publish","format-standard","hentry","category-c3-coletivo-ana-montenegro","category-c137-coletivo-minervino-de-oliveira","category-fora-temer","category-lgbt","category-previdencia-social","category-c27-ujc","category-c31-unidade-classista","tag-manchete"],"jetpack_publicize_connections":[],"jetpack_featured_media_url":"","jetpack_shortlink":"https:\/\/wp.me\/p659gw-4SQ","jetpack-related-posts":[],"jetpack_likes_enabled":true,"jetpack_sharing_enabled":true,"_links":{"self":[{"href":"https:\/\/pcb.org.br\/portal2\/wp-json\/wp\/v2\/posts\/18776","targetHints":{"allow":["GET"]}}],"collection":[{"href":"https:\/\/pcb.org.br\/portal2\/wp-json\/wp\/v2\/posts"}],"about":[{"href":"https:\/\/pcb.org.br\/portal2\/wp-json\/wp\/v2\/types\/post"}],"author":[{"embeddable":true,"href":"https:\/\/pcb.org.br\/portal2\/wp-json\/wp\/v2\/users\/1"}],"replies":[{"embeddable":true,"href":"https:\/\/pcb.org.br\/portal2\/wp-json\/wp\/v2\/comments?post=18776"}],"version-history":[{"count":0,"href":"https:\/\/pcb.org.br\/portal2\/wp-json\/wp\/v2\/posts\/18776\/revisions"}],"wp:attachment":[{"href":"https:\/\/pcb.org.br\/portal2\/wp-json\/wp\/v2\/media?parent=18776"}],"wp:term":[{"taxonomy":"category","embeddable":true,"href":"https:\/\/pcb.org.br\/portal2\/wp-json\/wp\/v2\/categories?post=18776"},{"taxonomy":"post_tag","embeddable":true,"href":"https:\/\/pcb.org.br\/portal2\/wp-json\/wp\/v2\/tags?post=18776"}],"curies":[{"name":"wp","href":"https:\/\/api.w.org\/{rel}","templated":true}]}}