{"id":18783,"date":"2018-02-20T12:53:43","date_gmt":"2018-02-20T15:53:43","guid":{"rendered":"https:\/\/pcb.org.br\/portal2\/?p=18783"},"modified":"2018-02-20T11:56:21","modified_gmt":"2018-02-20T14:56:21","slug":"o-onus-pesado-da-desnutricao","status":"publish","type":"post","link":"https:\/\/pcb.org.br\/portal2\/18783","title":{"rendered":"O \u00f4nus pesado da desnutri\u00e7\u00e3o"},"content":{"rendered":"<p><img decoding=\"async\" class=\"imagem\" title=\"imagem\" src=\"https:\/\/i0.wp.com\/www.prensalatina.com.br\/images\/2018\/febrero\/18\/Malnutricion.jpg\" alt=\"imagem\" \/><!--more--><a href=\"http:\/\/www.prensalatina.com.br\/index.php?o=rn&amp;id=14253&amp;SEO=o-onus-pesado-da-desnutricao\" target=\"_blank\" rel=\"noopener\">Prensa Latina<\/a><\/p>\n<p>Uma parte importante dos pa\u00edses do planeta suportam hoje o pesado \u00f4nus de diversas formas de desnutri\u00e7\u00e3o, o que indica que o mundo est\u00e1 longe de atingir as metas nesta esfera.<\/p>\n<p>De acordo com especialistas, a solu\u00e7\u00e3o para esta grave situa\u00e7\u00e3o que sofrem 88 por cento do concerto das na\u00e7\u00f5es, s\u00f3 \u00e9 poss\u00edvel mediante o aplicativo de um enfoque novo, que inclui abordar o problema conjuntamente.<\/p>\n<p>Basta mencionar algumas cifras do relat\u00f3rio mundial sobre nutri\u00e7\u00e3o correspondente a 2017: cerca de dois bilh\u00f5es de pessoas carecem de micronutrientes chaves como ferro e a vitamina A, enquanto igual quantidade padece de sobrepeso ou obesidade.<\/p>\n<p>A situa\u00e7\u00e3o resulta mais alarmante ainda se se considera que 155 milh\u00f5es de meninos sofrem atraso de crescimento e 41 milh\u00f5es s\u00e3o obesos.<\/p>\n<p>N\u00e3o obstante essa situa\u00e7\u00e3o alarmante, especialistas coincidem em que os Objetivos de Desenvolvimento Sustent\u00e1vel (ODS), aprovados em 2015 por 193 pa\u00edses, representam uma janela de oportunidades magn\u00edfica para dar fim a essa realidade ou ao menos p\u00f4r uma trava a essas tend\u00eancias.<\/p>\n<p>O embasamento de tal crit\u00e9rio \u00e9 que os ODS expressam de maneira clara e contundente que, na senda de solu\u00e7\u00e3o desse flagelo, \u00e9 necess\u00e1rio conseguir diversos objetivos mediante a a\u00e7\u00e3o mancomunada, na que a nutri\u00e7\u00e3o \u00e9, precisamente, um dos elementos priorit\u00e1rios.<\/p>\n<p>O anterior significa que existem cinco \u00e2mbitos fundamentais nos ODS por meio do que a nutri\u00e7\u00e3o pode contribuir e se beneficiar ao mesmo tempo: produ\u00e7\u00e3o sustent\u00e1vel de alimentos, sistemas de infraestruturas s\u00f3lidos, sistemas de sa\u00fade, equidade e inclus\u00e3o e paz e estabilidade.<\/p>\n<p>A mensagem do relat\u00f3rio nesse sentido \u00e9 de que n\u00e3o ser\u00e1 poss\u00edvel atingir o prop\u00f3sito de p\u00f4r fim \u00e0 desnutri\u00e7\u00e3o sem encarar o resto dos fatores importantes que coadjuvavam a que ela exista: em primeiro lugar a pobreza e as desigualdades prevalecentes na injusta ordem econ\u00f4mica e comercial atual.<\/p>\n<p>Levando em considera\u00e7\u00e3o que a desnutri\u00e7\u00e3o tem um elevado custo econ\u00f4mico e sanit\u00e1rio, quem elaborou o relat\u00f3rio concorda ademais que existem grandes oportunidades para financiar um enfoque mais integrado que conduza a melhoras neste campo em um plano universal.<\/p>\n<p>As oportunidades mais promissoras arraigam em que os governos e outros agentes invistam na nutri\u00e7\u00e3o de forma integrada, em todos os setores que influem nos resultados: entre os mais importantes, a educa\u00e7\u00e3o, a mudan\u00e7a clim\u00e1tica, a \u00e1gua e o saneamento.<\/p>\n<p>Elas se encontram ademais no estudo das possibilidades que brindam os mecanismos inovadores de financiamento e as correntes de investimento existentes.<\/p>\n<p>mem\/mfb\/r\/cc<\/p>\n<p>http:\/\/www.prensalatina.com.br\/index.php?o=rn&#038;id=14253&#038;SEO=o-onus-pesado-da-desnutricao<\/p>\n","protected":false},"excerpt":{"rendered":"<a class=\"moretag\" href=\"https:\/\/pcb.org.br\/portal2\/18783\"> <\/a>","protected":false},"author":1,"featured_media":0,"comment_status":"closed","ping_status":"closed","sticky":false,"template":"","format":"standard","meta":{"jetpack_post_was_ever_published":false,"_jetpack_newsletter_access":"","_jetpack_dont_email_post_to_subs":false,"_jetpack_newsletter_tier_id":0,"_jetpack_memberships_contains_paywalled_content":false,"_jetpack_memberships_contains_paid_content":false,"footnotes":"","jetpack_publicize_message":"","jetpack_publicize_feature_enabled":true,"jetpack_social_post_already_shared":true,"jetpack_social_options":{"image_generator_settings":{"template":"highway","default_image_id":0,"font":"","enabled":false},"version":2}},"categories":[38],"tags":[228],"class_list":["post-18783","post","type-post","status-publish","format-standard","hentry","category-c43-imperialismo","tag-5b"],"jetpack_publicize_connections":[],"jetpack_featured_media_url":"","jetpack_shortlink":"https:\/\/wp.me\/p659gw-4SX","jetpack-related-posts":[],"jetpack_likes_enabled":true,"jetpack_sharing_enabled":true,"_links":{"self":[{"href":"https:\/\/pcb.org.br\/portal2\/wp-json\/wp\/v2\/posts\/18783","targetHints":{"allow":["GET"]}}],"collection":[{"href":"https:\/\/pcb.org.br\/portal2\/wp-json\/wp\/v2\/posts"}],"about":[{"href":"https:\/\/pcb.org.br\/portal2\/wp-json\/wp\/v2\/types\/post"}],"author":[{"embeddable":true,"href":"https:\/\/pcb.org.br\/portal2\/wp-json\/wp\/v2\/users\/1"}],"replies":[{"embeddable":true,"href":"https:\/\/pcb.org.br\/portal2\/wp-json\/wp\/v2\/comments?post=18783"}],"version-history":[{"count":0,"href":"https:\/\/pcb.org.br\/portal2\/wp-json\/wp\/v2\/posts\/18783\/revisions"}],"wp:attachment":[{"href":"https:\/\/pcb.org.br\/portal2\/wp-json\/wp\/v2\/media?parent=18783"}],"wp:term":[{"taxonomy":"category","embeddable":true,"href":"https:\/\/pcb.org.br\/portal2\/wp-json\/wp\/v2\/categories?post=18783"},{"taxonomy":"post_tag","embeddable":true,"href":"https:\/\/pcb.org.br\/portal2\/wp-json\/wp\/v2\/tags?post=18783"}],"curies":[{"name":"wp","href":"https:\/\/api.w.org\/{rel}","templated":true}]}}