{"id":18847,"date":"2018-02-25T20:34:47","date_gmt":"2018-02-25T23:34:47","guid":{"rendered":"https:\/\/pcb.org.br\/portal2\/?p=18847"},"modified":"2018-02-25T20:34:47","modified_gmt":"2018-02-25T23:34:47","slug":"apoio-ao-povo-indigena-anace-e-repudio-criminalizacao-das-liderancas-de-japoara-e-do-cauipe","status":"publish","type":"post","link":"https:\/\/pcb.org.br\/portal2\/18847","title":{"rendered":"Apoio ao Povo Ind\u00edgena Anac\u00e9 e rep\u00fadio \u00e0 criminaliza\u00e7\u00e3o das lideran\u00e7as de Japoara e do Cau\u00edpe"},"content":{"rendered":"<p><img data-recalc-dims=\"1\" decoding=\"async\" class=\"imagem\" title=\"Apoio ao Povo Ind\u00edgena Anac\u00e9 e rep\u00fadio \u00e0 criminaliza\u00e7\u00e3o das lideran\u00e7as de Japoara e do Cau\u00edpe\" src=\"https:\/\/i0.wp.com\/4.bp.blogspot.com\/-4N96OkfVJfk\/Wo4XMoDAnMI\/AAAAAAAAHeY\/zFVzKaIsmHc3-VizPHJaCu7I1kLXpp3hACLcBGAs\/s640\/anac%25C3%25A9-%2Bnota-01.png?w=747&#038;ssl=1\" alt=\"Apoio ao Povo Ind\u00edgena Anac\u00e9 e rep\u00fadio \u00e0 criminaliza\u00e7\u00e3o das lideran\u00e7as de Japoara e do Cau\u00edpe\" \/><!--more--><strong>Nota P\u00fablica de apoio ao Povo Ind\u00edgena Anac\u00e9 e de rep\u00fadio \u00e0 criminaliza\u00e7\u00e3o das lideran\u00e7as das Comunidades de Japoara e do Cau\u00edpe<\/strong><\/p>\n<p>Extra\u00eddo de <a href=\"http:\/\/www.observatoriosocioambiental.org\/2018\/02\/nota-publica-de-apoio-ao-povo-indigena.html\" target=\"_blank\" rel=\"noopener\">Observat\u00f3rio Socioambiental<\/a><\/p>\n<p>\u201cN\u00f3s, movimentos socioambientais, organiza\u00e7\u00f5es ind\u00edgenas, indigenistas, ambientalistas, defensores de direitos humanos e apoiadores da causa ind\u00edgena, prestamos nosso total e irrestrito apoio ao Povo Ind\u00edgena Anac\u00e9 das comunidades de Japoara e Cau\u00edpe e \u00e0s suas lideran\u00e7as tradicionais. Repudiamos os atos de viol\u00eancias e viola\u00e7\u00f5es cometidas por posseiros, autoridades e agentes p\u00fablicos.<\/p>\n<p>Cerca de um m\u00eas ap\u00f3s sofrerem duas reintegra\u00e7\u00f5es de posse com uso de for\u00e7a policial, lideran\u00e7as Anac\u00e9, especialmente da Japoara e do Cau\u00edpe, localizadas no munic\u00edpio de Caucaia, no estado do Cear\u00e1, ainda vivem sob frequentes intimida\u00e7\u00f5es. H\u00e1 relatos de pessoas que passam em motocicletas e, usando capacetes para esconder o rosto, deixam recados que os Anac\u00e9 interpretam como amea\u00e7as. Eles temem por suas vidas.<\/p>\n<p>Sabe-se que os Anac\u00e9 habitam essa regi\u00e3o pelo menos desde os s\u00e9culos XVI e XVII. Do seu territ\u00f3rio tradicional, pouco lhes resta para manuten\u00e7\u00e3o das suas pr\u00e1ticas, usos e costumes. As \u00e1reas em que vivem ainda n\u00e3o foram oficializadas, como prev\u00ea a Constitui\u00e7\u00e3o Federal, o que enseja um avan\u00e7o sistem\u00e1tico de posseiros sobre o m\u00ednimo de terras pelas quais este povo luta, a todo custo, para dar garantias \u00e0s atuais e \u00e0s futuras gera\u00e7\u00f5es.<\/p>\n<p>Sem uma a\u00e7\u00e3o efetiva do poder p\u00fablico, especialmente dos \u00f3rg\u00e3os respons\u00e1veis pela garantia dos direitos dos povos ind\u00edgenas, como a Funda\u00e7\u00e3o Nacional do \u00cdndio (FUNAI) e o Minist\u00e9rio P\u00fablico Federal (MPF), al\u00e9m do Governo Federal, o Povo Anac\u00e9 iniciou, e intensificou nos \u00faltimos cinco anos, a autodemarca\u00e7\u00e3o das suas terras, num processo conhecido como \u201cretomadas\u201d, a\u00e7\u00f5es realizadas pelos povos ind\u00edgenas em v\u00e1rios estados do Brasil, principalmente, nas regi\u00f5es Nordeste e Centro Oeste.<\/p>\n<p>Uma dessas retomadas de terra ensejou, em janeiro \u00faltimo, uma reintegra\u00e7\u00e3o de posse com uso de for\u00e7a policial do Estado do Cear\u00e1, por\u00e9m, sem os devidos procedimentos legais para casos que afetem diretamente os povos ind\u00edgenas, como a presen\u00e7a do \u00f3rg\u00e3o indigenista, a FUNAI, o Minist\u00e9rio P\u00fablico e a Pol\u00edcia Federal.<\/p>\n<p>Al\u00e9m da luta pelo direito \u00e0 terra, os Anac\u00e9 tamb\u00e9m lutam pelo direito \u00e0 \u00e1gua. Nesse caso, no final do ano de 2017, lideran\u00e7as do povo ind\u00edgena Anac\u00e9 entraram com uma\u00a0<a href=\"http:\/\/www.observatoriosocioambiental.org\/2017\/12\/liderancas-indigenas-anace-entram-com.html\" target=\"_blank\" rel=\"noopener\">A\u00e7\u00e3o Popular<\/a>, na Comarca da Justi\u00e7a Estadual de Caucaia, contra a retirada ilegal de \u00e1gua do Lagamar do Cau\u00edpe, uma \u00c1rea de Prote\u00e7\u00e3o Ambiental (APA), tendo obtido em primeira inst\u00e2ncia, uma\u00a0<a href=\"http:\/\/www.observatoriosocioambiental.org\/2017\/12\/luta-pela-agua-decisoes-da-justica-do_19.html\" target=\"_blank\" rel=\"noopener\">decis\u00e3o judicial favor\u00e1vel \u00e0s comunidades ind\u00edgenas e tradicionais<\/a>. No entanto, em outra inst\u00e2ncia, foi concedida ao Governo do Estado a libera\u00e7\u00e3o para uso das \u00e1guas do Cau\u00edpe.<\/p>\n<p><b>Hist\u00f3rico das reintegra\u00e7\u00f5es violentas<\/b><\/p>\n<p>No dia 19 de janeiro de 2018, ocorreu a primeira reintegra\u00e7\u00e3o de posse, numa \u00e1rea de retomada conhecida como Lagoa do Barro, no munic\u00edpio de Caucaia-CE, que, segundo consta, estaria nas m\u00e3os de posseiros. Os Anac\u00e9 relatam agress\u00f5es sofridas no despejo violento, tendo sido algumas lideran\u00e7as, inclusive, amea\u00e7adas de pris\u00e3o.<\/p>\n<p>Poucos dias depois, 24 de janeiro de 2018, em raz\u00e3o da luta contra a retirada de \u00e1guas do Lagamar do Cau\u00edpe para abastecer as empresas do Complexo Industrial e Portu\u00e1rio do Pec\u00e9m, afetando a vida de 27 comunidades, aconteceu outra reintegra\u00e7\u00e3o com uso de for\u00e7a policial. Balas de borracha e spray de pimenta teriam sido usados pela tropa de choque, que tamb\u00e9m derrubou as barracas onde as lideran\u00e7as se abrigaram durante v\u00e1rios meses, resistindo contra o uso irrespons\u00e1vel das \u00e1guas para favorecimento do grande capital.<\/p>\n<p>Ap\u00f3s as reintegra\u00e7\u00f5es de posse, os Anac\u00e9, especialmente da comunidade de Japoara, t\u00eam recebido amea\u00e7as, intimida\u00e7\u00f5es e criminaliza\u00e7\u00f5es em raz\u00e3o da sua luta pela terra, pela \u00e1gua e pelo pleno direito de viver.<\/p>\n<p>Reiteramos nosso apoio, exigimos que essas arbitrariedades sejam investigadas e que cessem os abusos contra o Povo Anac\u00e9 das comunidades de Japoara e Cau\u00edpe.<\/p>\n<p><b>Pela imediata Demarca\u00e7\u00e3o da Terra Ind\u00edgena Anac\u00e9!<\/b><\/p>\n<p><b>Terra demarcada, vida garantida!<\/b><\/p>\n<p>Subscrevem esta nota:<\/p>\n<p><b>Movimentos Socioambientais \/ Entidades \/ Organiza\u00e7\u00f5es\u00a0<\/b><\/p>\n<p>\u2013\u00a0 \u00a0Articula\u00e7\u00e3o das Mulheres Ind\u00edgenas no Cear\u00e1\u00a0\u2013 AMICE<\/p>\n<p>\u2013\u00a0 \u00a0Articula\u00e7\u00e3o dos Povos e Organiza\u00e7\u00f5es Ind\u00edgenas do Nordeste, Minas Gerais e Espirito Santo\u00a0\u2013 APOINME \/ Microrregi\u00e3o CE<\/p>\n<p>\u2013\u00a0 \u00a0Associa\u00e7\u00e3o das Comunidades dos \u00cdndios Tapeba de Caucaia\u00a0\u2013 ACITA<\/p>\n<p>\u2013\u00a0 \u00a0Associa\u00e7\u00e3o para o Desenvolvimento Local Co-Produzido\u00a0\u2013 ADELCO<\/p>\n<p>\u2013\u00a0 \u00a0C\u00e1ritas Brasileira\u00a0\u2013 Regional Cear\u00e1<\/p>\n<p>\u2013\u00a0 \u00a0Cear\u00e1 no Clima<\/p>\n<p>\u2013\u00a0 \u00a0Centro de Defesa e Promo\u00e7\u00e3o dos Direitos Humanos da Arquidiocese de Fortaleza\u00a0\u2013 CDPDH<\/p>\n<p>\u2013\u00a0 \u00a0Centro de Pesquisa e Assessoria\u00a0\u2013 Esplar<\/p>\n<p>\u2013\u00a0 \u00a0Coletivo Florestar<\/p>\n<p>\u2013\u00a0 \u00a0Comiss\u00e3o Estadual de Juventude Ind\u00edgena do Cear\u00e1\u00a0\u2013 COJICE<\/p>\n<p>\u2013\u00a0 \u00a0Comit\u00ea Nacional de Apoio \u00e0 Causa Ind\u00edgena<\/p>\n<p>\u2013\u00a0 \u00a0Conselho Indigenista Mission\u00e1rio\u00a0\u2013 CIMI<\/p>\n<p>\u2013\u00a0 \u00a0Federa\u00e7\u00e3o dos Povos e Organiza\u00e7\u00f5es Ind\u00edgenas do Cear\u00e1\u00a0\u2013 FEPOINCE<\/p>\n<p>\u2013\u00a0 \u00a0Grupo de Estudos com Povos Ind\u00edgenas\u00a0(GEPI\/UNILAB)<\/p>\n<p>\u2013\u00a0 \u00a0Instituto Ambiental Viramundo<\/p>\n<p>\u2013\u00a0 \u00a0Instituto Caio Prado Jr. \u2013 ICP<\/p>\n<p>\u2013\u00a0 \u00a0Instituto Cobra Azul de Arqueologia e Patrim\u00f4nio<\/p>\n<p>\u2013\u00a0 \u00a0Instituto Terramar<\/p>\n<p>\u2013\u00a0 \u00a0Instituto Verdeluz<\/p>\n<p>\u2013\u00a0 \u00a0Movimento dos Trabalhadores Sem Teto\u00a0\u2013 MTST\/CE<\/p>\n<p>\u2013\u00a0 \u00a0Observat\u00f3rio Socioambiental<\/p>\n<p>\u2013\u00a0 \u00a0Organiza\u00e7\u00e3o dos Professores Ind\u00edgenas do Cear\u00e1\u00a0\u2013 OPRINCE<\/p>\n<p>\u2013\u00a0 \u00a0Organiza\u00e7\u00e3o dos Velhos Troncos do Povo Anac\u00e9 da Japoara\u00a0\u2013 JAPIMAN<\/p>\n<p>\u2013\u00a0 \u00a0Partido Comunista Brasileiro\u00a0\u2013 PCB<\/p>\n<p>\u2013\u00a0 \u00a0Partido Socialismo e Liberdade\u00a0\u2013 PSOL<\/p>\n<p>\u2013\u00a0 \u00a0Projeto Historiando<\/p>\n<p>\u2013\u00a0 \u00a0Rede Nacional de Advogadas e Advogados Populares\u00a0\u2013 RENAP \/ CE<\/p>\n<p>\u2013\u00a0 \u00a0TRAMAS (N\u00facleo Tabalho, Meio Ambiente e Sa\u00fade)\u00a0\/ UFC<\/p>\n<p>\u2013\u00a0 \u00a0Uni\u00e3o da Juventude Comunista\u00a0\u2013 UJC<\/p>\n<p>\u2013\u00a0 \u00a0Unidade Classista<\/p>\n<p><b>Indigenistas, Ambientalistas, Defensores de Direitos Humanos e Apoiadores da Causa Ind\u00edgena:<\/b><\/p>\n<p>\u2013\u00a0\u00a0\u00a0\u00a0\u00a0Aida Maria Matos Montenegro\u00a0\u2013 Arquiteta urbanista \u2013 Servidora aposentada da Secretaria da Sa\u00fade do estado do Cear\u00e1<\/p>\n<p>\u2013\u00a0\u00a0\u00a0\u00a0\u00a0Alex Fedox, Cineclubista, Cine Molotov<\/p>\n<p>\u2013\u00a0\u00a0\u00a0\u00a0\u00a0Alexandre Ara\u00fajo Costa\u00a0\u2013 Professor Titular, UECE.<\/p>\n<p>\u2013\u00a0\u00a0\u00a0\u00a0\u00a0Alzenir Cardoso da Silva\u00a0\u2013 Professora<\/p>\n<p>\u2013\u00a0\u00a0\u00a0\u00a0\u00a0Andr\u00e9a Machado Camur\u00e7a\u00a0\u2013\u00a0graduada em Economia Dom\u00e9stica\/UFC, estudante de Servi\u00e7o Social\/UECE, assessoria\/Instituto Terramar<\/p>\n<p>\u2013\u00a0 \u00a0 \u00a0Ant\u00f4nia\u00a0Aline Cardoso da Silva\u00a0\u2013 Assistente Social<\/p>\n<p>\u2013\u00a0\u00a0\u00a0\u00a0\u00a0Ant\u00f4nia Beatriz Silva Louren\u00e7o\u00a0\u2013 Povo Ind\u00edgena Kanind\u00e9<\/p>\n<p>\u2013\u00a0\u00a0\u00a0\u00a0\u00a0Ant\u00f4nia de Maria da Silva Gomes\u00a0\u2013 Povo Tabajara<\/p>\n<p>\u2013\u00a0\u00a0\u00a0\u00a0\u00a0Ant\u00f4nia Noelia Silva Araujo\u00a0\u2013 Professora na Aldeia Marru\u00e1<\/p>\n<p>\u2013\u00a0 \u00a0Ant\u00f4nia Telma Pacheco de Oliveira\u00a0\u2013 Artes\u00e3 Ind\u00edgena\/Militante do movimento ind\u00edgena\/ representante do f\u00f3rum de literatura do Cear\u00e1<\/p>\n<p>\u2013\u00a0\u00a0\u00a0\u00a0\u00a0Ant\u00f4nio Bernardo da Silva\u00a0\u2013 Povo Ind\u00edgena Kanind\u00e9<\/p>\n<p>\u2013\u00a0 \u00a0Ant\u00f4nio Cesar Cardoso da Silva\u00a0\u2013 Diretor da Secretaria de Politicas Agricola e Agraria \u2013 STRAAF<\/p>\n<p>\u2013\u00a0\u00a0\u00a0\u00a0\u00a0Ant\u00f4nio Josu\u00e9ldo Apr\u00edgio de Souza\u00a0\u2013 Povo Ind\u00edgena Kanind\u00e9<\/p>\n<p>\u2013\u00a0\u00a0\u00a0\u00a0\u00a0Ari Areia\u00a0\u2013 Ator, jornalista e militante LGBT<\/p>\n<p>\u2013\u00a0\u00a0\u00a0\u00a0\u00a0Asp\u00e1sia Mariana\u00a0\u2013 Artista\/Artivista, Cicloativista \u2013 Diretora Geral do Ciclovida [Associa\u00e7\u00e3o de Ciclistas Urbanos de Fortaleza]<\/p>\n<p>\u2013\u00a0\u00a0\u00a0\u00a0\u00a0B\u00e1rbara Viana Bezerra Nobre\u00a0\u2013 Jornalista e estudante de engenharia ambiental<\/p>\n<p>\u2013\u00a0\u00a0\u00a0\u00a0\u00a0Beatriz Azevedo de Ara\u00fajo\u00a0\u2013 Advogada ambientalista<\/p>\n<p>\u2013\u00a0\u00a0\u00a0\u00a0\u00a0Bianca Ara\u00fajo Freires\u00a0\u2013 Historiadora e\u00a0membro do Instituto Cobra Azul de Arqueologia e Patrim\u00f4nio (ICA)<\/p>\n<p>\u2013\u00a0\u00a0\u00a0\u00a0\u00a0Camila Margarida dos Santos da Silva\u00a0\u2013 Povo Ind\u00edgena Kanind\u00e9<\/p>\n<p>\u2013\u00a0\u00a0\u00a0\u00a0\u00a0Caroline Magalh\u00e3es Lima\u00a0\u2013 Professora do Curso de Servi\u00e7o Social (UECE\/FVJ)<\/p>\n<p>\u2013\u00a0\u00a0\u00a0\u00a0\u00a0Cleidiane Apr\u00edgio de Souza Santos\u00a0\u2013 Povo Ind\u00edgena Kanind\u00e9<\/p>\n<p>\u2013\u00a0\u00a0\u00a0\u00a0\u00a0Cleysuan Fidelis da Costa\u00a0\u2013 Povo Ind\u00edgena Kanind\u00e9<\/p>\n<p>\u2013\u00a0\u00a0\u00a0\u00a0\u00a0Creuza Apr\u00edgio de Souza\u00a0\u2013 Povo Ind\u00edgena Kanind\u00e9<\/p>\n<p>\u2013\u00a0\u00a0\u00a0\u00a0\u00a0Daniel Luna Machado\u00a0\u2013 Arque\u00f3logo do Instituto Cobra Azul de Arqueologia e Patrim\u00f4nio<\/p>\n<p>\u2013\u00a0\u00a0\u00a0\u00a0\u00a0Daniela Bot\u00ealho\u00a0\u2013 Estudante<\/p>\n<p>\u2013\u00a0\u00a0\u00a0\u00a0\u00a0Elisangela da Silva Sousa\u00a0\u2013 Lideran\u00e7a de mulheres da Aldeia Marru\u00e1<\/p>\n<p>\u2013\u00a0\u00a0\u00a0\u00a0\u00a0Eliton Meneses\u00a0\u2013 Defensor P\u00fablico do N\u00facleo de Direitos Humanos e A\u00e7\u00f5es Coletivas da Defensoria P\u00fablica do Estado do Cear\u00e1<\/p>\n<p>\u2013\u00a0\u00a0\u00a0\u00a0\u00a0Evilene de Castro\u00a0\u2013 Professora e ambientalista.<\/p>\n<p>\u2013\u00a0\u00a0\u00a0\u00a0\u00a0Fabio Maia Sobral\u00a0\u2013 Professor da Universidade Federal do Cear\u00e1<\/p>\n<p>\u2013\u00a0\u00a0\u00a0\u00a0\u00a0Fernando Ferreira Carneiro\u00a0\u2013 Pesquisador\u00a0 Fiocruz<\/p>\n<p>\u2013\u00a0\u00a0\u00a0\u00a0\u00a0Francisco Marcelo de Oliveira Ribeiro Anac\u00e9\u00a0\u2013 Auxiliar Administrativo<\/p>\n<p>\u2013\u00a0 \u00a0 Geovana de Oliveira Patricio Marques\u00a0\u2013 Advogada, Rede Nacional de Advogadas e Advogados Populares e PSOL<\/p>\n<p>\u2013\u00a0\u00a0\u00a0\u00a0\u00a0Helena Lut\u00e9scia Luna Co\u00ealho\u00a0\u2013 Professora Titular aposentada \u2013 UFC<\/p>\n<p>\u2013\u00a0\u00a0\u00a0\u00a0\u00a0Henrique S\u00e9rgio Beltr\u00e3o de Castro\u00a0\u2013 Professor da UFC e colaborador da R\u00e1dio Universit\u00e1ria FM<\/p>\n<p>\u2013\u00a0\u00a0\u00a0\u00a0\u00a0Iacyara Silva Mendon\u00e7a<\/p>\n<p>\u2013\u00a0\u00a0\u00a0\u00a0\u00a0Isaias Cruz da Silva\u00a0\u2013 Povo Ind\u00edgena Kanind\u00e9<\/p>\n<p>\u2013\u00a0\u00a0\u00a0\u00a0\u00a0Iza Luciene Mendes Regis<\/p>\n<p>\u2013\u00a0\u00a0\u00a0\u00a0\u00a0Izabel Natercia Barreira\u00a0\u2013 Professora universit\u00e1ria.<\/p>\n<p>\u2013\u00a0\u00a0\u00a0\u00a0\u00a0Izakelly da Silva Alexandre\u00a0\u2013 Povo Ind\u00edgena Kanind\u00e9<\/p>\n<p>\u2013\u00a0\u00a0\u00a0\u00a0\u00a0Janete Melo\u00a0\u2013 Ge\u00f3grafa, Especialista em Geoprocessamento Aplicado \u00e0 An\u00e1lise Ambiental e Recursos H\u00eddricos, Especialista em Planejamento e Gest\u00e3o Ambiental.<\/p>\n<p>\u2013\u00a0\u00a0\u00a0\u00a0\u00a0Jo\u00e3o Alfredo Telles Melo\u00a0\u2013 Mestre em Direito pela UFC, Doutorando em Desenvolvimento e Meio Ambiente\/UFC, Professor de Direito Ambiental.<\/p>\n<p>\u2013\u00a0\u00a0\u00a0\u00a0\u00a0Jo\u00e3o dos Santos Souza\u00a0\u2013 Povo Ind\u00edgena Kanind\u00e9<\/p>\n<p>\u2013\u00a0\u00a0\u00a0\u00a0\u00a0Jo\u00e3o Paulo Vieira\u00a0\u2013 Historiador, assessor da Rede Ind\u00edgena de Mem\u00f3ria e Museologia Social.<\/p>\n<p>\u2013\u00a0\u00a0\u00a0\u00a0\u00a0Jo\u00e9cio Dias\u00a0\u2013 Professor da rede estadual de educa\u00e7\u00e3o<\/p>\n<p>\u2013\u00a0\u00a0\u00a0\u00a0\u00a0Jos\u00e9 Antonio Rodrigues Freire\u00a0\u2013 Cacique e lideran\u00e7a da Aldeia Marru\u00e1<\/p>\n<p>\u2013\u00a0\u00a0\u00a0\u00a0\u00a0Jos\u00e9 Mard\u00f4nio Rodrigues\u00a0\u2013 Povo Ind\u00edgena Tabajara<\/p>\n<p>\u2013\u00a0\u00a0\u00a0\u00a0\u00a0Jos\u00e9 Viana Lavor J\u00fanior\u00a0\u2013 Artista da Dan\u00e7a, Circo e da M\u00fasica, Educador e Professor de Educa\u00e7\u00e3o F\u00edsica, Produtor e Gestor Cultural, Associa\u00e7\u00e3o de Artes C\u00eanicas de Itapipoca, Ponto de Cultura Galp\u00e3o da Cena<\/p>\n<p>\u2013\u00a0\u00a0\u00a0\u00a0\u00a0Josefa Andr\u00e9a Bezerra\u00a0\u2013 Estilista<\/p>\n<p>\u2013\u00a0\u00a0\u00a0\u00a0\u00a0Junior Freitas\u00a0\u2013 Oper\u00e1rio da constru\u00e7\u00e3o civil<\/p>\n<p>\u2013\u00a0\u00a0\u00a0\u00a0\u00a0Karina de Oliveira da Silva\u00a0\u2013 Estudante<\/p>\n<p>\u2013\u00a0\u00a0\u00a0\u00a0\u00a0Let\u00edcia Pinho Feitosa Couto\u00a0\u2013 Acad\u00eamica de Medicina da Universidade Federal do Cear\u00e1 (UFC); Integrante do Projeto de Pesquisas e Interven\u00e7\u00f5es na Aten\u00e7\u00e3o B\u00e1sica- Departamento de Sa\u00fade Comunit\u00e1ria -UFC<\/p>\n<p>\u2013\u00a0\u00a0\u00a0\u00a0\u00a0Lidiane Apr\u00edgio de Souza\u00a0\u2013 Povo Ind\u00edgena Kanind\u00e9<\/p>\n<p>\u2013\u00a0\u00a0\u00a0\u00a0\u00a0Ligia Alves Viana\u00a0\u2013 Soci\u00f3loga<\/p>\n<p>\u2013\u00a0\u00a0\u00a0\u00a0\u00a0Luana Carolina Braz de Lima\u00a0\u2013\u00a0Estudante de Sociologia UFC<\/p>\n<p>\u2013\u00a0\u00a0\u00a0\u00a0\u00a0Luiz Felipe Bergmann\u00a0\u2013 Advogado, Militante do PSOL e do movimento ecossocialista<\/p>\n<p>\u2013\u00a0\u00a0\u00a0\u00a0\u00a0Magna Mara Cardoso da Silva\u00a0\u2013 Professora ind\u00edgena e membro da COJICE<\/p>\n<p>\u2013\u00a0\u00a0\u00a0\u00a0\u00a0Marcelo Restori da Cunha<\/p>\n<p>\u2013\u00a0\u00a0\u00a0\u00a0\u00a0Maria Cleane Apr\u00edgio de Souza\u00a0\u2013 Povo Ind\u00edgena Kanind\u00e9<\/p>\n<p>\u2013\u00a0\u00a0\u00a0\u00a0\u00a0Maria das Gra\u00e7as e Silva\u00a0\u2013 Professora do curso de Servi\u00e7o Social \u2013 UFPE<\/p>\n<p>\u2013\u00a0\u00a0\u00a0\u00a0\u00a0Maria do Socorro Rodrigues da Silva\u00a0\u2013 Povo Tabajara<\/p>\n<p>\u2013\u00a0\u00a0\u00a0\u00a0\u00a0Maria Eliane da Silva Gomes Tabajara\u00a0\u2013 Coodenadora Apoinme\/CE<\/p>\n<p>\u2013\u00a0\u00a0\u00a0\u00a0\u00a0Maria Eunice da Silva Gomes\u00a0\u2013 Povo Tabajara<\/p>\n<p>\u2013\u00a0\u00a0\u00a0\u00a0\u00a0Maria Ivete Marinho de Souza\u00a0\u2013 Professora na Aldeia Marru\u00e1<\/p>\n<p>\u2013\u00a0\u00a0\u00a0\u00a0\u00a0Maria Onete Cardoso da Silva\u00a0\u2013 Presidenta do Sindicato dos Trabalhadores Rurais de Monsenhor Tabosa.<\/p>\n<p>\u2013\u00a0\u00a0\u00a0\u00a0\u00a0Maria Rodrigues Da Silva\u00a0\u2013 Agricultora<\/p>\n<p>\u2013\u00a0\u00a0\u00a0\u00a0\u00a0Maria Ver\u00f4nica Oliveira Rodrigues\u00a0\u00a0\u2013 Recepionista<\/p>\n<p>\u2013\u00a0\u00a0\u00a0\u00a0\u00a0M\u00e1rio Miranda de Albuquerque\u00a0\u2013 Associa\u00e7\u00e3o dos Anistiados Pol\u00edticos do Cear\u00e1<\/p>\n<p>\u2013\u00a0\u00a0\u00a0\u00a0\u00a0Matheus Inoc\u00eancio\u00a0\u2013 graduando em Hist\u00f3ria pela Universidade Federal do Cear\u00e1 (UFC)<\/p>\n<p>\u2013\u00a0\u00a0\u00a0\u00a0\u00a0Michelly Barreto\u00a0\u2013 servidora do Instituto Federal campus Itapipoca (IFCE), integrante do N\u00facleo de estudos afro-brasileiros e ind\u00edgenas (NEABI \u2013 IFCE campus Itapipoca)<\/p>\n<p>\u2013\u00a0\u00a0\u00a0\u00a0\u00a0Nubia Cristina Lima Pinto<\/p>\n<p>\u2013\u00a0\u00a0\u00a0\u00a0\u00a0Olga Paiva\u00a0\u2013\u00a0Fil\u00f3sofa e pesquisadora do Patrim\u00f4nio Cultural<\/p>\n<p>\u2013\u00a0\u00a0\u00a0\u00a0\u00a0Otacilio Cardodo da Silva\u00a0\u2013 Agricultor<\/p>\n<p>\u2013\u00a0\u00a0\u00a0\u00a0\u00a0Patr\u00edcia Ramalho de Sousa\u00a0\u2013 Confeiteira<\/p>\n<p>\u2013\u00a0\u00a0\u00a0\u00a0\u00a0Paulo Rubens Barbosa Fran\u00e7a\u00a0\u2013 Anac\u00e9, L\u00edder comunit\u00e1rio, Presidente da Associa\u00e7\u00e3o Comunit\u00e1ria do Planalto Cau\u00edpe, Membro do Comit\u00ea Territorial de Mat\u00f5es, Conselheiro do Conselho de Sa\u00fade de Mat\u00f5es<\/p>\n<p>\u2013\u00a0\u00a0\u00a0\u00a0\u00a0Paulo Victor Rodrigues Damasceno\u00a0\u2013 Bacharel em Direito, analista de Recursos Humanos<\/p>\n<p>\u2013\u00a0\u00a0\u00a0\u00a0\u00a0Ricardo Jorge Vasconcelos Barbosa\u00a0\u2013 M\u00e9dico<\/p>\n<p>\u2013\u00a0\u00a0\u00a0\u00a0\u00a0Robson Levy Ara\u00fajo Prado\u00a0\u2013 Estudante do mestrado em Artes da Universidade Federal do Cear\u00e1<\/p>\n<p>\u2013\u00a0\u00a0\u00a0\u00a0\u00a0Rodrigo Santaella Gon\u00e7alves\u00a0\u2013 Professor do IFCE \u2013 Campus Caucaia \/ Dirigente do Sindicato dos Servidores do IFCE (SINDSIFCE)<\/p>\n<p>\u2013\u00a0\u00a0\u00a0\u00a0\u00a0Samuel dos Santos Cruz\u00a0\u2013 Povo Ind\u00edgena Kanind\u00e9<\/p>\n<p>\u2013\u00a0\u00a0\u00a0\u00a0\u00a0Sara Vieira Rosa\u00a0\u2013 Arquiteta e urbanista, doutoranda da FAUUSP, mestre em Assentamentos Humanos e Meio Ambiente pela Pontif\u00edcia Universidad Cat\u00f3lica de Chile<\/p>\n<p>\u2013\u00a0\u00a0\u00a0\u00a0\u00a0Silvana Golcalves da Silva\u00a0\u2013 Professora na Aldeia Marru\u00e1.<\/p>\n<p>\u2013\u00a0\u00a0\u00a0\u00a0\u00a0Suzenalson da Silva Santos\u00a0\u2013 Professor Ind\u00edgena Kanind\u00e9 \u2013 Museu Ind\u00edgena Kanind\u00e9<\/p>\n<p>\u2013\u00a0\u00a0\u00a0\u00a0\u00a0Tayn\u00e1 das Chagas Lemos\u00a0\u2013 Estudante de Direito da UFPB<\/p>\n<p>\u2013\u00a0\u00a0\u00a0\u00a0\u00a0Thays Pereira da Silva\u00a0\u2013 Povo Ind\u00edgena Kanind\u00e9<\/p>\n<p>\u2013\u00a0\u00a0\u00a0\u00a0\u00a0Valeria Cardoso da Silva\u00a0\u2013 Agricultora<\/p>\n<p>\u2013\u00a0\u00a0\u00a0\u00a0\u00a0Valquiria Sousa Mesquita\u00a0\u2013 Professora na Aldeia Marru\u00e1<\/p>\n<p>\u2013\u00a0\u00a0\u00a0\u00a0\u00a0Viviane dos Santos Bernardo\u00a0\u2013 Povo Ind\u00edgena Kanind\u00e9<\/p>\n<p>\u2013\u00a0\u00a0\u00a0\u00a0\u00a0Yasmim Anac\u00e9\u00a0\u2013 Anac\u00e9 do Lagamar do Cauipe e T\u00e9cnica em Edifica\u00e7\u00f5es<\/p>\n<p>As assinaturas podem ser enviadas\u00a0at\u00e9 o dia 28\/02\/2018 para o e-mail: direitosindigenasce@gmail.com<\/p>\n<p>http:\/\/www.observatoriosocioambiental.org\/2018\/02\/nota-publica-de-apoio-ao-povo-indigena.html<\/p>\n","protected":false},"excerpt":{"rendered":"<a class=\"moretag\" href=\"https:\/\/pcb.org.br\/portal2\/18847\"> <\/a>","protected":false},"author":1,"featured_media":0,"comment_status":"closed","ping_status":"closed","sticky":false,"template":"","format":"standard","meta":{"jetpack_post_was_ever_published":false,"_jetpack_newsletter_access":"","_jetpack_dont_email_post_to_subs":false,"_jetpack_newsletter_tier_id":0,"_jetpack_memberships_contains_paywalled_content":false,"_jetpack_memberships_contains_paid_content":false,"footnotes":"","jetpack_publicize_message":"","jetpack_publicize_feature_enabled":true,"jetpack_social_post_already_shared":true,"jetpack_social_options":{"image_generator_settings":{"template":"highway","default_image_id":0,"font":"","enabled":false},"version":2}},"categories":[163],"tags":[234],"class_list":["post-18847","post","type-post","status-publish","format-standard","hentry","category-movimento-indigena","tag-6b"],"jetpack_publicize_connections":[],"jetpack_featured_media_url":"","jetpack_shortlink":"https:\/\/wp.me\/p659gw-4TZ","jetpack-related-posts":[],"jetpack_likes_enabled":true,"jetpack_sharing_enabled":true,"_links":{"self":[{"href":"https:\/\/pcb.org.br\/portal2\/wp-json\/wp\/v2\/posts\/18847","targetHints":{"allow":["GET"]}}],"collection":[{"href":"https:\/\/pcb.org.br\/portal2\/wp-json\/wp\/v2\/posts"}],"about":[{"href":"https:\/\/pcb.org.br\/portal2\/wp-json\/wp\/v2\/types\/post"}],"author":[{"embeddable":true,"href":"https:\/\/pcb.org.br\/portal2\/wp-json\/wp\/v2\/users\/1"}],"replies":[{"embeddable":true,"href":"https:\/\/pcb.org.br\/portal2\/wp-json\/wp\/v2\/comments?post=18847"}],"version-history":[{"count":0,"href":"https:\/\/pcb.org.br\/portal2\/wp-json\/wp\/v2\/posts\/18847\/revisions"}],"wp:attachment":[{"href":"https:\/\/pcb.org.br\/portal2\/wp-json\/wp\/v2\/media?parent=18847"}],"wp:term":[{"taxonomy":"category","embeddable":true,"href":"https:\/\/pcb.org.br\/portal2\/wp-json\/wp\/v2\/categories?post=18847"},{"taxonomy":"post_tag","embeddable":true,"href":"https:\/\/pcb.org.br\/portal2\/wp-json\/wp\/v2\/tags?post=18847"}],"curies":[{"name":"wp","href":"https:\/\/api.w.org\/{rel}","templated":true}]}}