{"id":18853,"date":"2018-02-26T18:52:25","date_gmt":"2018-02-26T21:52:25","guid":{"rendered":"https:\/\/pcb.org.br\/portal2\/?p=18853"},"modified":"2018-02-26T18:52:25","modified_gmt":"2018-02-26T21:52:25","slug":"forca-alternativa-revolucionaria-do-comum-farc-basta-de-espetaculo-midiatico","status":"publish","type":"post","link":"https:\/\/pcb.org.br\/portal2\/18853","title":{"rendered":"For\u00e7a Alternativa Revolucion\u00e1ria do Comum (FARC): &#8216;Basta de espet\u00e1culo midi\u00e1tico!&#8217;"},"content":{"rendered":"<p><img data-recalc-dims=\"1\" decoding=\"async\" class=\"imagem\" title=\"For\u00e7a Alternativa Revolucion\u00e1ria do Comum (FARC): 'Basta de espet\u00e1culo midi\u00e1tico!'\" src=\"https:\/\/i0.wp.com\/www.farc-ep.co\/media\/k2\/items\/cache\/3362406c24469d7e0bdd0b027f02a17a_XL.jpg?w=747&#038;ssl=1\" alt=\"For\u00e7a Alternativa Revolucion\u00e1ria do Comum (FARC): 'Basta de espet\u00e1culo midi\u00e1tico!'\" \/><!--more--><em>\u201cMal faz o senhor Procurador-Geral sair a condenar sem f\u00f3rmula de julgamento e violando as mais elementares garantias processuais aos supostos envolvidos, com a clara inten\u00e7\u00e3o de sujar a imagem da For\u00e7a Alternativa Revolucion\u00e1ria do Comum&#8221;.<\/em><\/p>\n<p><a href=\"https:\/\/www.farc-ep.co\/comunicado\/senor-fiscal-general-no-mas-espectaculo-mediatico.html\" target=\"_blank\" rel=\"noopener\">Farc<\/a><\/p>\n<p>Mais uma vez o Procurador-Geral da Na\u00e7\u00e3o, N\u00e9stor Humberto Mart\u00ednez Salcedo, informou \u00e0 opini\u00e3o p\u00fablica atrav\u00e9s de uma not\u00edcia-espet\u00e1culo sobre a exist\u00eancia de bens que \u2013 supostamente \u2013 n\u00e3o foram inclu\u00eddos no invent\u00e1rio entregue pelas FARC-EP ao Governo nacional em 15 de agosto de 2017, em aten\u00e7\u00e3o estrita aos termos estabelecidos no Decreto-Lei 903 do mesmo ano.<\/p>\n<p>Com dita falsa not\u00edcia, o Procurador-Geral reafirma sua j\u00e1 reconhecida trajet\u00f3ria de entorpecimento \u00e0 implementa\u00e7\u00e3o do Acordo Final, tal e como se manifestou em sua oposi\u00e7\u00e3o \u00e0 cria\u00e7\u00e3o e coloca\u00e7\u00e3o em marcha da Unidade de Investiga\u00e7\u00e3o Especial dos crimes do paramilitarismo, e em seu trabalho sistem\u00e1tico de altera\u00e7\u00e3o do sentido e dos conte\u00fados da Lei Estatut\u00e1ria da Jurisdi\u00e7\u00e3o Especial para a Paz durante seu tr\u00e2mite no Congresso da Rep\u00fablica. Por conta de sua atua\u00e7\u00e3o, se deu uma bofetada nas v\u00edtimas do conflito, ao excluir da JEP os altos comandos militares e os chamados civis terceiros e os funcion\u00e1rios civis do Estado.<\/p>\n<p>Somou \u00e0s declara\u00e7\u00f5es do ano passado sobre fabulosas cifras de bens n\u00e3o declarados, h\u00e1 alguns dias, em uma clara manobra midi\u00e1tica dirigida a criar um clima de expectativa, o an\u00fancio de que o pa\u00eds estremeceria com uma nova lista de bens n\u00e3o inclu\u00eddos pelas FARC-EP em seu invent\u00e1rio. De maneira irrespons\u00e1vel, a entidade encarregada assinalou os propriet\u00e1rios de uma conhecida cadeia de supermercados e outras propriedades, como supostos testas-de-ferro das FARC-EP, provocando saqueios e dist\u00farbios em v\u00e1rios munic\u00edpios.<\/p>\n<p>Mal faz o senhor Procurador-Geral sair a condenar sem f\u00f3rmula de julgamento e violando as mais elementares garantias processuais aos supostos envolvidos, com a clara inten\u00e7\u00e3o de sujar a imagem da For\u00e7a Alternativa Revolucion\u00e1ria do Comum, partido pol\u00edtico legal nascido dos acordos de Havana. Todas as imagina\u00e7\u00f5es e arbitrariedades sobre as fabulosas cifras supostamente n\u00e3o declaradas pelas FARC-EP ter\u00e3o que ser demonstradas. N\u00e3o pode fazer carreira o julgamento e a condena\u00e7\u00e3o atrav\u00e9s dos meios de comunica\u00e7\u00e3o, por conta de um sistema de justi\u00e7a que evidencia a exist\u00eancia de um cartel de testemunhos, como ficou claro mais uma vez em decis\u00e3o recente da Corte Suprema de Justi\u00e7a, que compromete um senado da Rep\u00fablica.<\/p>\n<p>O senhor Procurador-Geral deve recordar que existe regula\u00e7\u00e3o constitucional expressa sobre os bens que fizeram parte da \u201ceconomia de guerra\u201d das FARC-EP. Conforme o artigo transit\u00f3rio 5\u00b0 do Ato Legislativo N\u00b0 1 de 2017, corresponde \u00e0 jurisdi\u00e7\u00e3o ordin\u00e1ria a investiga\u00e7\u00e3o e o julgamento dos delitos de que trata o livro segundo, cap\u00edtulo quinto, t\u00edtulo d\u00e9cimo do C\u00f3digo Penal, quando eles s\u00e3o cometidos sobre bens ou ativos que n\u00e3o tenham sido inclu\u00eddos no invent\u00e1rio definitivo acordado e elaborado, e <strong>sempre que tenham realizados atos de execu\u00e7\u00e3o depois da entrega definitiva desse invent\u00e1rio<\/strong> (destaque nosso). Reiteramos, que for imputado ter\u00e1 que ser demonstrado nos estrados judiciais. Que se ponha em conhecimento da JEP. O demais \u00e9 espet\u00e1culo midi\u00e1tico.<\/p>\n<p>Toda a Col\u00f4mbia e a comunidade internacional s\u00e3o testemunhas de nosso irrestrito cumprimento do acordado. Foi o Estado colombiano que, de maneira reiterada, faltou a seus compromissos, tanto pela altera\u00e7\u00e3o do conte\u00fado dos acordos, como por sua falta de vontade na implementa\u00e7\u00e3o dos mesmos.<\/p>\n<p>Correr\u00e1 o tempo e se ver\u00e1 quem mente ao pa\u00eds. A verdade nos torna fortes.<\/p>\n<p>Conselho Pol\u00edtico Nacional<\/p>\n<p>For\u00e7a Alternativa Revolucion\u00e1ria do Comum (FARC)<\/p>\n<p>21 de fevereiro de 2018.<\/p>\n<p>Fonte: https:\/\/www.farc-ep.co\/comunicado\/senor-fiscal-general-no-mas-espectaculo-mediatico.html<\/p>\n<p>Tradu\u00e7\u00e3o: Partido Comunista Brasileiro (PCB)<\/p>\n","protected":false},"excerpt":{"rendered":"<a class=\"moretag\" href=\"https:\/\/pcb.org.br\/portal2\/18853\"> <\/a>","protected":false},"author":1,"featured_media":0,"comment_status":"closed","ping_status":"closed","sticky":false,"template":"","format":"standard","meta":{"jetpack_post_was_ever_published":false,"_jetpack_newsletter_access":"","_jetpack_dont_email_post_to_subs":false,"_jetpack_newsletter_tier_id":0,"_jetpack_memberships_contains_paywalled_content":false,"_jetpack_memberships_contains_paid_content":false,"footnotes":"","jetpack_publicize_message":"","jetpack_publicize_feature_enabled":true,"jetpack_social_post_already_shared":true,"jetpack_social_options":{"image_generator_settings":{"template":"highway","default_image_id":0,"font":"","enabled":false},"version":2}},"categories":[34],"tags":[233],"class_list":["post-18853","post","type-post","status-publish","format-standard","hentry","category-c39-colombia","tag-6a"],"jetpack_publicize_connections":[],"jetpack_featured_media_url":"","jetpack_shortlink":"https:\/\/wp.me\/p659gw-4U5","jetpack-related-posts":[],"jetpack_likes_enabled":true,"jetpack_sharing_enabled":true,"_links":{"self":[{"href":"https:\/\/pcb.org.br\/portal2\/wp-json\/wp\/v2\/posts\/18853","targetHints":{"allow":["GET"]}}],"collection":[{"href":"https:\/\/pcb.org.br\/portal2\/wp-json\/wp\/v2\/posts"}],"about":[{"href":"https:\/\/pcb.org.br\/portal2\/wp-json\/wp\/v2\/types\/post"}],"author":[{"embeddable":true,"href":"https:\/\/pcb.org.br\/portal2\/wp-json\/wp\/v2\/users\/1"}],"replies":[{"embeddable":true,"href":"https:\/\/pcb.org.br\/portal2\/wp-json\/wp\/v2\/comments?post=18853"}],"version-history":[{"count":0,"href":"https:\/\/pcb.org.br\/portal2\/wp-json\/wp\/v2\/posts\/18853\/revisions"}],"wp:attachment":[{"href":"https:\/\/pcb.org.br\/portal2\/wp-json\/wp\/v2\/media?parent=18853"}],"wp:term":[{"taxonomy":"category","embeddable":true,"href":"https:\/\/pcb.org.br\/portal2\/wp-json\/wp\/v2\/categories?post=18853"},{"taxonomy":"post_tag","embeddable":true,"href":"https:\/\/pcb.org.br\/portal2\/wp-json\/wp\/v2\/tags?post=18853"}],"curies":[{"name":"wp","href":"https:\/\/api.w.org\/{rel}","templated":true}]}}