{"id":18857,"date":"2018-02-26T19:10:53","date_gmt":"2018-02-26T22:10:53","guid":{"rendered":"https:\/\/pcb.org.br\/portal2\/?p=18857"},"modified":"2018-02-26T19:58:10","modified_gmt":"2018-02-26T22:58:10","slug":"argentina-esta-se-militarizando-sob-controle-dos-eua","status":"publish","type":"post","link":"https:\/\/pcb.org.br\/portal2\/18857","title":{"rendered":"Argentina est\u00e1 se militarizando sob controle dos EUA"},"content":{"rendered":"<p><img data-recalc-dims=\"1\" decoding=\"async\" class=\"imagem\" title=\"Argentina est\u00e1 se militarizando sob controle dos EUA\" src=\"https:\/\/i0.wp.com\/3.bp.blogspot.com\/-fhLZLYtW0m4\/V7oT5tigUpI\/AAAAAAAAwbg\/7nGq1pX0Fpopex9MtDy_NmyLU6wMCnDIACLcB\/s400\/macri%2Bvende%2Bp.jpg?w=747&#038;ssl=1\" alt=\"Argentina est\u00e1 se militarizando sob controle dos EUA\" \/><!--more-->A an\u00e1lise de James Petras em <a href=\"http:\/\/www.radio36.com.uy\/entrevistas\/2018\/02\/19\/petras.html\" target=\"_blank\" rel=\"noopener\">CX36<\/a>, 12 de fevereiro de 2018<\/p>\n<p>A Argentina est\u00e1 cada vez mais militarizada, cada vez mais norte-americanizada, cada vez menos din\u00e2mica economicamente. Creio que as duas coisas andam juntas: a crise social aprofunda a Economia estancada e a Argentina mais subordinada aos Estados Unidos. Esses s\u00e3o os dirigentes da pol\u00edtica atual do presidente Mauricio Macri\u201d, disse o soci\u00f3logo norte-americano, professor James Petras, em seu espa\u00e7o de an\u00e1lise da conjuntura internacional na CX36 (*). Al\u00e9m disso, Petras analisou a situa\u00e7\u00e3o no Oriente M\u00e9dio, falou da aproxima\u00e7\u00e3o entre Coreia do Norte e Coreia do Sul, e explicou os vaiv\u00e9ns da Bolsa estadunidense. Transcrevemos esta entrevista que voc\u00ea pode voltar a escutar aqui: <u><a href=\"http:\/\/www.ivoox.com\/analisis-james-petras-cx36-audios-mp3_rf_23706984_1.html\">http:\/\/www.ivoox.com\/analisis-james-petras-cx36-audios-mp3_rf_23706984_1.html<\/a><\/u><\/p>\n<p>Hern\u00e1n Salina: Professor James Petras, \u00e9 uma satisfa\u00e7\u00e3o receb\u00ea-lo na R\u00e1dio Centenario toda semana.<\/p>\n<p>James Petras: Estou muito bem.<\/p>\n<p>HS: Hoje quer\u00edamos come\u00e7ar com a situa\u00e7\u00e3o de tens\u00e3o apresentada na S\u00edria por conta da a\u00e7\u00e3o de Israel. Que risco implica o fato do conflito em torno na S\u00edria passar a uma fase superior com a interven\u00e7\u00e3o de Israel e de outros pa\u00edses?<\/p>\n<p>JP: Israel funciona como um aliado dos Estados Unidos, lan\u00e7ando ataques \u00e0 qualquer lado para favorecer as posi\u00e7\u00f5es norte-americanas e estender a influ\u00eancia israelita em tudo o que chamamos Oriente M\u00e9dio. O ataque de Israel \u00e9 uma provoca\u00e7\u00e3o n\u00e3o s\u00f3 contra a S\u00edria, mas tamb\u00e9m contra o Ir\u00e3, ao qual acusa de derrubar o avi\u00e3o israelense. O Ir\u00e3 denuncia essa acusa\u00e7\u00e3o e afirma que n\u00e3o foram eles, mas sim os s\u00edrios lan\u00e7ando suas autodefesas.<\/p>\n<p>Israel est\u00e1 totalmente militarizado, ocupando os territ\u00f3rios palestinos com seiscentos mil colonos violentos. Est\u00e1 atacando a S\u00edria, est\u00e1 metido na sabotagem no Ir\u00e3. N\u00e3o existe nenhuma fronteira. Para Israel todos s\u00e3o alvos a serem atacados, ocupados e expulsos. S\u00e3o contra qualquer pessoa que n\u00e3o seja judia.<\/p>\n<p>Devemos reconhecer Israel e Estados Unidos como os principais inimigos da paz. Usam sua quinta coluna nos pa\u00edses onde as organiza\u00e7\u00f5es sionistas t\u00eam influ\u00eancia as organiza\u00e7\u00f5es sionistas, como nos Estados Unidos, Fran\u00e7a, Inglaterra e, talvez, na pr\u00f3pria Am\u00e9rica Latina, utilizando as organiza\u00e7\u00f5es supostamente judias para lan\u00e7ar ataques, influenciar os governantes e assegurar a aprova\u00e7\u00e3o dos ataques israelenses.<\/p>\n<p>N\u00e3o s\u00e3o uma for\u00e7a com a qual se pode conciliar, pois s\u00f3 entendem a for\u00e7a e utilizam a for\u00e7a como seu principal instrumento de pol\u00edtica. N\u00e3o querem negociar nem a paz com os palestinos nem alguma tr\u00e9gua com a S\u00edria. Querem destruir a S\u00edria e facilitar a entrada dos terroristas e dos grupos, apoiando a divis\u00e3o da S\u00edria em uma serie de pa\u00edses balc\u00e2nicos.<\/p>\n<p>HS: Pode ter in\u00edcio um conflito mais forte militarmente falando?<\/p>\n<p>JP: Sim. Nas \u00faltimas not\u00edcias que temos \u2013 \u00e9 preciso dizer \u2013 Israel est\u00e1 amea\u00e7ando atacar o Ir\u00e3 e, diante disso, o Ir\u00e3 est\u00e1 anunciando que v\u00e3o utilizar seus m\u00edsseis intercontinentais. Ent\u00e3o, os ataques de Israel contra a S\u00edria podem estender-se contra o Ir\u00e3 e isso poderia precipitar uma guerra catastr\u00f3fica, porque Israel tem bombas nucleares e o Ir\u00e3 tem m\u00edsseis que poderiam alcan\u00e7ar Israel.<\/p>\n<p>Por\u00e9m, Israel s\u00f3 ir\u00e1 retirar suas agress\u00f5es se encontrar uma for\u00e7a superior, e uma for\u00e7a superior poderia surgir de muitos lados. Caso pense em atacar a L\u00edbia, o Hezbollah, atacar o Ir\u00e3 e avan\u00e7ar sobre a S\u00edria, ter\u00edamos uma guerra regional muito violenta e catastr\u00f3fica, que poderia \u2013 com a quinta coluna nos EUA \u2013 implicar a interven\u00e7\u00e3o norte-americana.<\/p>\n<p>Ent\u00e3o, Israel pode ser a fa\u00edsca que incendiar\u00e1 toda a regi\u00e3o e provocar\u00e1 uma guerra mundial.<\/p>\n<p>HS: Isto serve ao primeiro ministro Benjamin Netanyahu, que internamente tem den\u00fancias por fraudes e enfrenta processos judiciais em Israel?<\/p>\n<p>JP: Sim, \u00e9 um ladr\u00e3o, um fraudador, \u00e9 muitas coisas e a maioria dos israelenses sabe. Por\u00e9m, eles o apoiam porque Netanyahu est\u00e1 auxiliando os colonos e colocando obst\u00e1culos sobre qualquer opositor em Israel, inclusive encarcerando e torturando integrantes de grupos progressistas que tentem influenciar na pol\u00edtica. \u00c9 um ditador com o apoio dos grupos fundamentalistas hebreus que est\u00e3o sempre em seus gabinetes e fazem parte de sua coalis\u00e3o. Netanyahu necessita de guerras para distrair o p\u00fablico dos crimes que comete.<\/p>\n<p>\u00c9 not\u00f3rio que toda a fam\u00edlia de Netanyahu, sua esposa e filhos, est\u00e3o envolvidos em contratos fraudulentos, ou seja, assinam contratos com construtoras e outras empresas e recebem subornos.<\/p>\n<p>\u00c9 um governo n\u00e3o s\u00f3 agressivo e racista, mas tamb\u00e9m um governo de cleptocratas.<\/p>\n<p>HS: Est\u00e3o ocorrendo os Jogos Ol\u00edmpicos de Inverno marcada por uma distens\u00e3o entre Coreia do Norte e Coreia do Sul, o que n\u00e3o caiu bem nos EUA.<\/p>\n<p>JP: Obviamente os coreanos, em sua grande maioria, est\u00e3o a favor da reconcilia\u00e7\u00e3o e apoiam as atividades unidas de ambas as Coreias. E Washington precisa criar problemas porque quer ocupar a Coreia do Sul, tem ali bases militares, mant\u00e9m v\u00ednculos com os grupos mais extremistas da direita coreana e utilizam manifesta\u00e7\u00f5es para justificar a agress\u00e3o. Utilizam a direita da Coreia do Sul para fomentar protestos que s\u00e3o formados por um punhado de gente e n\u00e3o representam ningu\u00e9m nesse pa\u00eds. \u00c9 preciso lembrar que at\u00e9 agora os governantes da Coreia do Sul eram cipaios do governo norte-americano e ca\u00edram pela corrup\u00e7\u00e3o, pela fraude e pelo uso de pol\u00edticas agressivas com o Norte. Agora temos um novo governo, aparentemente progressista, que est\u00e1 fixando datas para entrar em negocia\u00e7\u00f5es; e ultimamente o vice-presidente, que quer manter as divis\u00f5es e os conflitos, declarou que os EUA est\u00e3o agora dispostos a negociar com a Coreia do Norte e sem condi\u00e7\u00f5es. Por\u00e9m, s\u00e3o s\u00f3 palavras at\u00e9 agora.<\/p>\n<p>A din\u00e2mica dos coreanos \u00e9 por uma conviv\u00eancia pac\u00edfica apesar das press\u00f5es norte-americanas e as Olimp\u00edadas servem como ponta de lan\u00e7a para abrir e a profundar os la\u00e7os entre as Coreias, o que faz muito sentido porque s\u00e3o pa\u00edses que compartilham muitas hist\u00f3rias, tradi\u00e7\u00f5es e inclusive fam\u00edlias.<\/p>\n<p>Por\u00e9m, com rela\u00e7\u00e3o \u00e0s Olimp\u00edadas, quero mencionar que a imprensa n\u00e3o deu aten\u00e7\u00e3o suficiente ao fato de estas Olimp\u00edadas t\u00eam problemas profundos, porque os diretores utilizam pretextos para excluir a R\u00fassia. N\u00e3o s\u00e3o as aut\u00eanticas Olimp\u00edadas abertas, porque a exclus\u00e3o da R\u00fassia sob acusa\u00e7\u00f5es falsas e repudiadas por Comiss\u00f5es independentes prejudicaram a competi\u00e7\u00e3o. Os EUA utilizam a exclus\u00e3o como mecanismo para melhorar sua competividade, porque se a R\u00fassia participasse das Olimp\u00edadas sem restri\u00e7\u00f5es, com sua bandeira e seu hino nacional, creio que teria mudado o car\u00e1ter e a correla\u00e7\u00e3o de for\u00e7as na disputa. Os EUA utilizam a exclus\u00e3o para parecerem mais representativos e com mais medalhas, por\u00e9m existem alguns atletas que reconheceram o fato de que a exclus\u00e3o est\u00e1 prejudicando os resultados. Inclusive uma atleta norte-americana na abertura utilizou uma bandeira russa que est\u00e1 proibida para os participantes russos, e \u00e9 uma indica\u00e7\u00e3o de que a atleta quer ganhar uma medalha, por\u00e9m por seus pr\u00f3prios esfor\u00e7os e n\u00e3o como resultado da censura e da exclus\u00e3o do governo estadunidense.<\/p>\n<p>HS: Existem elementos pol\u00edticos fortes na Coreia do Sul que motivaram para a tomada de dist\u00e2ncia da press\u00e3o dos EUA e dar estes passos para a aproxima\u00e7\u00e3o com a Coreia do Norte?<\/p>\n<p>JP: Sim, obviamente a Coreia do Sul tem muitos interesses para al\u00e9m dos interesses norte-americanos. A Coreia do Sul tem rela\u00e7\u00f5es muito profundas com a China e nem quer se meter em conflitos norte-americanas contra a China. Por esta raz\u00e3o, acreditam que \u00e9 melhor manter dist\u00e2ncia da postura dos EUA.<\/p>\n<p>A China \u00e9 o poder mundial agora, \u00e9 o poder mais influente na \u00c1sia. A Coreia tem produtos que s\u00e3o exportados para a China e, al\u00e9m disso, a Coreia do Sul tem abertura em suas rela\u00e7\u00f5es com a R\u00fassia e outros pa\u00edses do Oriente M\u00e9dio, como o Ir\u00e3.<\/p>\n<p>E creio que devemos reconhecer que existe um inimigo na \u00c1sia, que a Coreia h\u00e1 muito est\u00e1 denunciando: o Jap\u00e3o. Na Segunda Guerra Mundial os japoneses utilizaram as mulheres coreanas como prostitutas e escravas de seu ex\u00e9rcito de ocupa\u00e7\u00e3o.<\/p>\n<p>At\u00e9 hoje o Jap\u00e3o n\u00e3o deu respostas satisfat\u00f3rias \u00e0 Coreia do Sul e continua mantendo que n\u00e3o eram escravas e nem obrigadas, que eram simplesmente prostitutas, e isso \u00e9 totalmente inaceit\u00e1vel. Al\u00e9m disso, o Jap\u00e3o \u00e9 o principal aliado dos EUA em meio aos conflitos existentes, apesar de metade dos japoneses quererem melhorar as rela\u00e7\u00f5es na \u00c1sia, independentemente dos EUA e expulsar as bases militares, particularmente em Okinawa, uma ilha importante para os japoneses, que \u00e9 utilizada pelos <em>mariners<\/em> para cometer muita viol\u00eancia, embriaguez, viola\u00e7\u00f5es de mulheres, etc.<\/p>\n<p>Ent\u00e3o, os EUA t\u00eam muitos problemas, muitos conflitos e a Coreia do Sul \u00e9 simplesmente um eixo entre muitos outros conflitos e, por isso, busca maior independ\u00eancia depois de tantos anos de depend\u00eancia e controle estadunidenses dirigidos ao conflito com a Coreia do Norte e China.<\/p>\n<p>HS: Vamos falar sobre a Col\u00f4mbia, onde o Ex\u00e9rcito de Liberta\u00e7\u00e3o Nacional (ELN) est\u00e1 realizando uma greve armada. Existem not\u00edcias de atentados com explosivos pela suspens\u00e3o da mesa de di\u00e1logos com o governo; e a presen\u00e7a do Chefe do Comando Sul nestas horas, reunindo-se com o alto comando militar colombiano. J\u00e1 as FARC, suspenderam a campanha eleitoral por falta de garantias. Uma dupla face de uma situa\u00e7\u00e3o pol\u00edtica que se agrava.<\/p>\n<p>JP: Sim, a Col\u00f4mbia \u00e9 a ponta de lan\u00e7a para todas as agress\u00f5es na Am\u00e9rica Latina.<br \/>\nOs EUA t\u00eam ali sete bases militares. Est\u00e3o ocupando posi\u00e7\u00f5es no pr\u00f3prio governo, o Minist\u00e9rio de Defesa est\u00e1 cheio de oficiais militares norte-americanos e utiliza a t\u00e1tica de negocia\u00e7\u00f5es de paz para desarmar a FARC e depois mata-los, sob o pretexto de dar-lhes uma presen\u00e7a eleitoral. V\u00e1rias vezes levantamos este problema na R\u00e1dio Centenario, dizendo que \u00e9 muito perigoso para a FARC entrar em campanha eleitoral com os antecedentes que conhecemos do passado, como o que ocorreu com a Uni\u00e3o patri\u00f3tica quando massacraram mais de cinco mil afiliados nos anos 80 e 90.<\/p>\n<p>Por\u00e9m, os dirigentes da FARC pensam que sabem algo mais que o mundo, e entraram nessa pol\u00edtica e j\u00e1 assassinaram dezenas de farianos e defensores dos direitos humanos s\u00f3 nos \u00faltimos meses.<\/p>\n<p>A oligarquia colombiana \u2013 e seus candidatos presidenciais \u2013 n\u00e3o creem nas elei\u00e7\u00f5es. Eles acreditam no poder, na domina\u00e7\u00e3o, na entrega dos recursos prim\u00e1rios. E o ELN tem toda raz\u00e3o, porque eles n\u00e3o querem se desarmar e sofrer as consequ\u00eancias que est\u00e1 sofrendo a FARC.<\/p>\n<p>Al\u00e9m disso, a FARC n\u00e3o tem nenhuma possibilidade de ganhar, inclusive os apoiadores da FARC agora t\u00eam medo de se expressar, temem assistir a assembleias ou reuni\u00f5es. O terror continua sob o pretexto de processos eleitorais.<\/p>\n<p>E o ELN continua atuando porque o governo colombiano segue violando e agredindo. Sua resposta \u00e9 o conflito armado onde t\u00eam capacidade de responder. E eu acredito que no futuro pr\u00f3ximo muitos farianos ir\u00e3o integrar-se ao ELN. Como n\u00e3o t\u00eam alternativas e seus pr\u00f3prios dirigentes capitularam, creio que t\u00eam v\u00e1rias op\u00e7\u00f5es: 1) integrar-se ao ELN; 2) passar para a clandestinidade e 3) sair do pa\u00eds. Por\u00e9m, para onde v\u00e3o? Porque existem dificuldades na Venezuela e no Caribe.<\/p>\n<p>Creio que \u00e9 uma situa\u00e7\u00e3o muito dram\u00e1tica e tr\u00e1gica. O grande poder que as FARC tiham sob o comando de Manuel Marulanda foi perdido e ficaram muito reduzidos a um beco sem sa\u00edda.<\/p>\n<p>HS: Jornalistas colombianos afirmara misto que voc\u00ea assinala, por\u00e9m vamos a outros temas que voc\u00ea queira mencionar.<\/p>\n<p>JP: Bom, depois da Col\u00f4mbia, agora existe uma competi\u00e7\u00e3o para ver qual \u00e9 o melhor s\u00f3cio do EUA. Este \u00e9 o caso da Argentina, que j\u00e1 est\u00e1 se militarizando sob o controle norte-americano. A DEA \u2013 organiza\u00e7\u00e3o que supostamente luta contra a droga \u2013 \u00e9 baseada na Tr\u00edplice Fronteira \u2013 entre Argentina, Paraguai e Brasil \u2013: o que faz com que os EUA tenham a Pol\u00edcia Federal ocupando terrenos e fun\u00e7\u00f5es na Argentina.<\/p>\n<p>T\u00eam bases militares que possuem acesso a lugares via mar\u00edtima, etc. Tienen bases militares tienen acceso a lugares v\u00eda mar\u00edtima, etc. A Argentina est\u00e1 cada vez mais militarizada, cada vez mais norte-americanizada, cada vez menos din\u00e2mica economicamente. Creio que as duas coisas andam juntas: a crise social aprofunda a Economia estancada e a Argentina mais subordinada aos Estados Unidos. Esses s\u00e3o os dirigentes da pol\u00edtica atual. Cada vez que a Economia colapsa, (o presidente Mauricio) Macri e seus funcion\u00e1rios aprofundam sua subordina\u00e7\u00e3o aos EUA. A marca Argentina agora \u00e9 ponta de lan\u00e7a, um perigo para todos os pa\u00edses do Cone Sul, inclusive o Uruguai. Devem se defender e se preparar para evitar a combina\u00e7\u00e3o EUA-Macri pelas agres\u00f5es que poderiam fomentar.<\/p>\n<p>Outro ponto que quero tocar \u00e9 dos Estados Unidos em rela\u00e7\u00e3o \u00e0 Bolsa.<\/p>\n<p>A Bolsa estadunidense tem tido muita volatilidade, sobe e desce, e isso \u00e9 a especula\u00e7\u00e3o. Os especuladores de Wall Street fomentam o crescimento, vendem as a\u00e7\u00f5es a pre\u00e7os altos e, depois, caem os pequenos e m\u00e9dios investidores. Ent\u00e3o, eles entram no ponto alto e vendem no ponto baixo, e os especuladores est\u00e3o ganhando bilh\u00f5es em cada turno.<\/p>\n<p>Ent\u00e3o, a esquerda est\u00e1 louca se pensa que s\u00f3 est\u00e3o vindo por conta da crise econ\u00f4mica, do crack. N\u00e3o \u00e9 exatamente isso, mas \u00e9 a manipula\u00e7\u00e3o em grande escala e de longo prazo dos especuladores, que se aproveitam da manipula\u00e7\u00e3o do mercado para incentivar os tontos que pensam que poderiam ganhar dinheiro f\u00e1cil.<\/p>\n<p>E por \u00faltimo, quero mencionar que o governo de Donald Trump anunciou um investimento de 1.5 trilh\u00f5es de d\u00f3lares em infraestrutura e, de repente, disse que o financiamento da infraestrutura vem de outras fontes, n\u00e3o do governo federal, mas da imposi\u00e7\u00e3o de impostos aos governos provinciais e municipais, e do capital privado. Em outras palavras, Trump privatiza as estradas, as pontes, as estradas de ferro e todo o sistema de transporte sob o pretexto de reconstruir a infraestrutura quebrada no pa\u00eds. Outra das armadilhas que os governos anunciam como um programa aparentemente progressista, por\u00e9m que \u00e9 um mecanismo de entrega e que transfere os custos aos cidad\u00e3os em todas as localidades atrav\u00e9s de impostos municipais.<\/p>\n<p>HS: Muito bem, Petras. Muito obrigado. At\u00e9 a pr\u00f3xima semana.<\/p>\n<p>JP: At\u00e9 segunda-feira. Um abra\u00e7o.<\/p>\n<p><em>(*) O soci\u00f3logo estadunidense, professor James Petras, analisa semanalmente a realidade internacional em entrevista em espanhol na CX36 R\u00e1dio Centenario. Voc\u00ea pode escutar esta an\u00e1lise ao vivo, \u00e0s segundas-feiras de fevereiro no hor\u00e1rio especial das 16:00 horas (local) atrav\u00e9s do 1250 AM do Dial uruguaio e em <a href=\"http:\/\/www.radio36.com.uy\">www.radio36.com.uy<\/a>, j\u00e1 que a emissora transmite as 24 horas online.<\/em><\/p>\n<p>Fonte: http:\/\/www.radio36.com.uy\/entrevistas\/2018\/02\/19\/petras.html<\/p>\n<p>Tradu\u00e7\u00e3o: Partido Comunista Brasileiro (PCB)<\/p>\n","protected":false},"excerpt":{"rendered":"<a class=\"moretag\" href=\"https:\/\/pcb.org.br\/portal2\/18857\"> <\/a>","protected":false},"author":1,"featured_media":0,"comment_status":"closed","ping_status":"closed","sticky":false,"template":"","format":"standard","meta":{"jetpack_post_was_ever_published":false,"_jetpack_newsletter_access":"","_jetpack_dont_email_post_to_subs":false,"_jetpack_newsletter_tier_id":0,"_jetpack_memberships_contains_paywalled_content":false,"_jetpack_memberships_contains_paid_content":false,"footnotes":"","jetpack_publicize_message":"","jetpack_publicize_feature_enabled":true,"jetpack_social_post_already_shared":true,"jetpack_social_options":{"image_generator_settings":{"template":"highway","default_image_id":0,"font":"","enabled":false},"version":2}},"categories":[57,165,38],"tags":[227],"class_list":["post-18857","post","type-post","status-publish","format-standard","hentry","category-c68-argentina","category-eua","category-c43-imperialismo","tag-5a"],"jetpack_publicize_connections":[],"jetpack_featured_media_url":"","jetpack_shortlink":"https:\/\/wp.me\/p659gw-4U9","jetpack-related-posts":[],"jetpack_likes_enabled":true,"jetpack_sharing_enabled":true,"_links":{"self":[{"href":"https:\/\/pcb.org.br\/portal2\/wp-json\/wp\/v2\/posts\/18857","targetHints":{"allow":["GET"]}}],"collection":[{"href":"https:\/\/pcb.org.br\/portal2\/wp-json\/wp\/v2\/posts"}],"about":[{"href":"https:\/\/pcb.org.br\/portal2\/wp-json\/wp\/v2\/types\/post"}],"author":[{"embeddable":true,"href":"https:\/\/pcb.org.br\/portal2\/wp-json\/wp\/v2\/users\/1"}],"replies":[{"embeddable":true,"href":"https:\/\/pcb.org.br\/portal2\/wp-json\/wp\/v2\/comments?post=18857"}],"version-history":[{"count":0,"href":"https:\/\/pcb.org.br\/portal2\/wp-json\/wp\/v2\/posts\/18857\/revisions"}],"wp:attachment":[{"href":"https:\/\/pcb.org.br\/portal2\/wp-json\/wp\/v2\/media?parent=18857"}],"wp:term":[{"taxonomy":"category","embeddable":true,"href":"https:\/\/pcb.org.br\/portal2\/wp-json\/wp\/v2\/categories?post=18857"},{"taxonomy":"post_tag","embeddable":true,"href":"https:\/\/pcb.org.br\/portal2\/wp-json\/wp\/v2\/tags?post=18857"}],"curies":[{"name":"wp","href":"https:\/\/api.w.org\/{rel}","templated":true}]}}