{"id":18867,"date":"2018-02-27T22:08:32","date_gmt":"2018-02-28T01:08:32","guid":{"rendered":"https:\/\/pcb.org.br\/portal2\/?p=18867"},"modified":"2018-02-27T22:08:32","modified_gmt":"2018-02-28T01:08:32","slug":"faleceu-theotonio-dos-santos-um-dos-principais-teoricos-da-teoria-marxista-da-dependencia","status":"publish","type":"post","link":"https:\/\/pcb.org.br\/portal2\/18867","title":{"rendered":"Faleceu Theot\u00f4nio dos Santos, um dos principais te\u00f3ricos da Teoria Marxista da Depend\u00eancia"},"content":{"rendered":"<p><img data-recalc-dims=\"1\" decoding=\"async\" class=\"imagem\" title=\"Faleceu Theot\u00f4nio dos Santos, um dos principais te\u00f3ricos da Teoria Marxista da Depend\u00eancia\" src=\"https:\/\/i0.wp.com\/gz.diarioliberdade.org\/media\/k2\/items\/cache\/a8dfadc0422ba77251c6c9075c31f8ba_XL.jpg?w=747&#038;ssl=1\" alt=\"Faleceu Theot\u00f4nio dos Santos, um dos principais te\u00f3ricos da Teoria Marxista da Depend\u00eancia\" \/><!--more--><a href=\"https:\/\/gz.diarioliberdade.org\/\" target=\"_blank\" rel=\"noopener\">Di\u00e1rio Liberdade<\/a><\/p>\n<p>O economista brasileiro Theot\u00f4nio dos Santos morreu aos 81 anos, de um c\u00e2ncer pancre\u00e1tico.<\/p>\n<p>Theot\u00f4nio era um dos cofundadores da Teoria Marxista da Depend\u00eancia, junto aos tamb\u00e9m brasileiros Ruy Mauro Marini, falecido em 1997, e V\u00e2nia Bambirra, recentemente falecida, no ano 2015.<\/p>\n<p>De origem mineira (Carangola, Minas Gerais, 1936), Theot\u00f4nio dos Santos foi militante da Organiza\u00e7\u00e3o Revolucion\u00e1ria Marxista Pol\u00edtica Oper\u00e1ria (POLOP), mas a sua trajet\u00f3ria militante foi acompanhada de uma important\u00edssima produ\u00e7\u00e3o te\u00f3rica, com d\u00fazias de livros publicados em mais de 15 l\u00ednguas diferentes.<\/p>\n<p>Boa parte dessa produ\u00e7\u00e3o foi realizada durante a ditadura brasileira, ap\u00f3s o seu ex\u00edlio no Chile (1966), onde se encontrou com outros jovens militantes da esquerda revolucion\u00e1ria brasileira voltados para o estudo e a produ\u00e7\u00e3o te\u00f3rica, como Mauro Marini, V\u00e2nia Bambirra. Incorpora-se a um grupo de estudo d&#8217;<em>O Capital<\/em>\u00a0para retomar o marxismo voltando ao pr\u00f3prio Marx.<\/p>\n<p><strong>Teoria da Depend\u00eancia<\/strong><\/p>\n<p>Juntos, retomam e desenvolvem categorias do marxismo como a de imperialismo ou desenvolvimento desigual e combinado, constituindo-se em cr\u00edticos do desenvolvimentismo da CEPAL dos anos 1960. Negam a possibilidade do desenvolvimento capitalista pleno dos pa\u00edses dependentes e defendem categorias pol\u00eamicas como o &#8220;interc\u00e2mbio desigual&#8221;, &#8220;superexplora\u00e7\u00e3o da for\u00e7a de trabalho&#8221; ou &#8220;sub-imperialismo&#8221;, assim como estudam e aprofundam as rela\u00e7\u00f5es centro-periferia, a divis\u00e3o internacional do trabalho e as rela\u00e7\u00f5es da nova depend\u00eancia da periferia com o centro do capitalismo.<\/p>\n<p>Negam a exist\u00eancia de feudalismo na Am\u00e9rica Latina, defendendo que o continente est\u00e1 h\u00e1 muito incorporado ao mercado mundial para servir \u00e0s necessidades da Europa e do centro capitalista.<\/p>\n<p>&#8216;Imperialismo e independ\u00eancia&#8217;, &#8216;O conceito de Classes sociais&#8217;, &#8216;Teoria da depend\u00eancia: balan\u00e7o e perspectivas&#8217;, &#8216;Teorias do capitalismo contempor\u00e2neo&#8217;, &#8216;Democracia e socialismo no capitalismo dependente&#8217;&#8230; s\u00e3o algumas das numerosas obras do grande economista brasileiro.<\/p>\n<p>Theot\u00f4nio dos Santos \u00e9 reconhecido com um dos grandes economistas da esquerda mundial ainda ancorados na teoria marxista. Segundo declarou em entrevista a N\u00e9stor Kohan em 2015, as tr\u00eas obras referenciais da Teoria Marxista da Refer\u00eancia seriam:\u00a0<em>Dial\u00e9tica da depend\u00eancia<\/em>, de Rui Mauro Marini,\u00a0<em>O capitalismo dependente latino-americano<\/em>, de V\u00e2nia Bambirra, e\u00a0<em>Imperialismo e depend\u00eancia<\/em>, dele pr\u00f3prio, assim como a obra de Andr\u00e9 Gunder Frank, outro autor da mesma escola da Depend\u00eancia.<\/p>\n<p>Convidamos a assistir uma palestra apresentada nas Jornadas Bolivarianas de 2014, na Universidade Federal de Santa Catarina (Brasil):<\/p>\n<p><span class=\"embed-youtube\" style=\"text-align:center; display: block;\"><iframe loading=\"lazy\" class=\"youtube-player\" width=\"747\" height=\"421\" src=\"https:\/\/www.youtube.com\/embed\/DjlEYXRxWBs?version=3&#038;rel=1&#038;showsearch=0&#038;showinfo=1&#038;iv_load_policy=1&#038;fs=1&#038;hl=pt-BR&#038;autohide=2&#038;wmode=transparent\" allowfullscreen=\"true\" style=\"border:0;\" sandbox=\"allow-scripts allow-same-origin allow-popups allow-presentation allow-popups-to-escape-sandbox\"><\/iframe><\/span><\/p>\n<p>https:\/\/gz.diarioliberdade.org\/artigos-em-destaque\/item\/221494-faleceu-theotonio-dos-santos-um-dos-principais-teoricos-da-teoria-marxista-da-dependencia.html<\/p>\n","protected":false},"excerpt":{"rendered":"<a class=\"moretag\" href=\"https:\/\/pcb.org.br\/portal2\/18867\"> <\/a>","protected":false},"author":1,"featured_media":0,"comment_status":"closed","ping_status":"closed","sticky":false,"template":"","format":"standard","meta":{"jetpack_post_was_ever_published":false,"_jetpack_newsletter_access":"","_jetpack_dont_email_post_to_subs":false,"_jetpack_newsletter_tier_id":0,"_jetpack_memberships_contains_paywalled_content":false,"_jetpack_memberships_contains_paid_content":false,"footnotes":"","jetpack_publicize_message":"","jetpack_publicize_feature_enabled":true,"jetpack_social_post_already_shared":true,"jetpack_social_options":{"image_generator_settings":{"template":"highway","default_image_id":0,"font":"","enabled":false},"version":2}},"categories":[50],"tags":[224],"class_list":["post-18867","post","type-post","status-publish","format-standard","hentry","category-c61-cultura-revolucionaria","tag-3b"],"jetpack_publicize_connections":[],"jetpack_featured_media_url":"","jetpack_shortlink":"https:\/\/wp.me\/p659gw-4Uj","jetpack-related-posts":[],"jetpack_likes_enabled":true,"jetpack_sharing_enabled":true,"_links":{"self":[{"href":"https:\/\/pcb.org.br\/portal2\/wp-json\/wp\/v2\/posts\/18867","targetHints":{"allow":["GET"]}}],"collection":[{"href":"https:\/\/pcb.org.br\/portal2\/wp-json\/wp\/v2\/posts"}],"about":[{"href":"https:\/\/pcb.org.br\/portal2\/wp-json\/wp\/v2\/types\/post"}],"author":[{"embeddable":true,"href":"https:\/\/pcb.org.br\/portal2\/wp-json\/wp\/v2\/users\/1"}],"replies":[{"embeddable":true,"href":"https:\/\/pcb.org.br\/portal2\/wp-json\/wp\/v2\/comments?post=18867"}],"version-history":[{"count":0,"href":"https:\/\/pcb.org.br\/portal2\/wp-json\/wp\/v2\/posts\/18867\/revisions"}],"wp:attachment":[{"href":"https:\/\/pcb.org.br\/portal2\/wp-json\/wp\/v2\/media?parent=18867"}],"wp:term":[{"taxonomy":"category","embeddable":true,"href":"https:\/\/pcb.org.br\/portal2\/wp-json\/wp\/v2\/categories?post=18867"},{"taxonomy":"post_tag","embeddable":true,"href":"https:\/\/pcb.org.br\/portal2\/wp-json\/wp\/v2\/tags?post=18867"}],"curies":[{"name":"wp","href":"https:\/\/api.w.org\/{rel}","templated":true}]}}