{"id":18883,"date":"2018-03-01T18:34:44","date_gmt":"2018-03-01T21:34:44","guid":{"rendered":"https:\/\/pcb.org.br\/portal2\/?p=18883"},"modified":"2018-03-01T16:40:27","modified_gmt":"2018-03-01T19:40:27","slug":"otan-transforma-europa-num-campo-de-batalha-contra-russia","status":"publish","type":"post","link":"https:\/\/pcb.org.br\/portal2\/18883","title":{"rendered":"A OTAN transforma a Europa num campo de batalha contra a R\u00fassia"},"content":{"rendered":"<p><img data-recalc-dims=\"1\" height=\"267\" width=\"400\" decoding=\"async\" class=\"imagem\" title=\"A OTAN transforma a Europa num campo de batalha contra a R\u00fassia\" src=\"https:\/\/i0.wp.com\/www.globalresearch.ca\/wp-content\/uploads\/2017\/07\/denuclearisation-400x267.jpg?resize=400%2C267&#038;ssl=1\" alt=\"A OTAN transforma a Europa num campo de batalha contra a R\u00fassia\" \/><!--more-->por Manlio Dinucci<\/p>\n<p><a href=\"https:\/\/resistir.info\/europa\/dinucci_21fev18.html\" target=\"_blank\" rel=\"noopener\">Resistir.info<\/a><\/p>\n<p>H\u00e1 um partido que, mesmo sem aparecer, toma parte nas elei\u00e7\u00f5es italianas: o Partido da OTAN. Ele \u00e9 formado por uma maioria transversal, que explicitamente ou tacitamente apoia o pertencimento da It\u00e1lia na Grande Alian\u00e7a sob o comando dos EUA.<\/p>\n<p>Isto explica porque, no momento da campanha eleitoral, os principais partidos tacitamente aceitaram os compromissos adicionais tomados pelo governo na reuni\u00e3o de 29 ministros da Defesa da OTAN (Roberta Pinotti pela It\u00e1lia), dias 14-15 de fevereiro em Bruxelas.<\/p>\n<p>Os ministros participaram primeiro no\u00a0<i>NATO Nuclear Planning Group<\/i>, presidido pelos Estados Unidos, cujas decis\u00f5es s\u00e3o sempre\u00a0<i>top secret<\/i><i>.\u00a0<\/i><\/p>\n<p>A seguir os ministros encontraram-se ao n\u00edvel do\u00a0<i>North Atlantic Council<\/i>. Apenas duas horas depois, anunciaram importantes decis\u00f5es (j\u00e1 tomadas alhures) para &#8220;modernizar a Estrutura de Comando da OTAN, a espinha dorsal da nossa Alian\u00e7a&#8221;.<\/p>\n<p>Uma nova\u00a0For\u00e7a Conjunta de Comando para o Atl\u00e2ntico ser\u00e1 estabelecida, provavelmente localizada nos Estados Unidos, a fim de &#8220;proteger linhas mar\u00edtimas de comunica\u00e7\u00e3o entre a Am\u00e9rica do Norte e a Europa&#8221;.\u00a0Portanto, eles inventaram o cen\u00e1rio de submarinos russos que poderiam afundar navios mercantes em rotas transatl\u00e2nticas.<\/p>\n<p>Um novo Comando para a log\u00edstica ser\u00e1 estabelecido, provavelmente localizado na Alemanha, para &#8220;melhorar na Europa o movimento de tropas e equipamento essencial para a nossa defesa coletiva&#8221;. Portanto, eles inventaram o cen\u00e1rio de uma OTAN for\u00e7ada a defender-se de uma R\u00fassia agressiva. Ao contr\u00e1rio, \u00e9 a OTAN que agressivamente instala suas for\u00e7as militares ao longo da fronteira com a R\u00fassia. Comandos adicionais em terra ser\u00e3o estabelecidos na Europa para &#8220;promover melhor coordena\u00e7\u00e3o e resposta r\u00e1pida para as nossas for\u00e7as&#8221;.<\/p>\n<p>A OTAN tamb\u00e9m estabelecer\u00e1 um novo Centro de Ciberopera\u00e7\u00f5es para &#8220;promover o fortalecimento das nossas defesas&#8221;. Ele ser\u00e1 localizado na sede de Mons (B\u00e9lgica), encabe\u00e7ado pelo Comandante Aliado Supremo na Europa, que \u00e9 sempre um general dos EUA nomeado pelo presidente dos Estados Unidos.<\/p>\n<p>Os ministros confirmaram seu compromisso de aumentar a despesa militar\u00a0[NR]\u00a0. Ao longo dos \u00faltimos tr\u00eas anos, os aliados europeus e o Canad\u00e1 aumentaram-na num total de US$46 mil milh\u00f5es, mas isso \u00e9 s\u00f3 o come\u00e7o. O objectivo \u00e9 que todo pa\u00eds membro atinja pelo menos 2% do PIB (os EUA gastam 4%), de modo a ter &#8220;mais dinheiro e portanto mais capacidades militares&#8221;.<\/p>\n<p>Os pa\u00edses europeus que at\u00e9 agora atingiram e excederam esta quota s\u00e3o: Gr\u00e9cia (2,32%), Est\u00f4nia, Gr\u00e3-Bretanha, Rom\u00eania, Pol\u00f4nia. A despesa militar da Uni\u00e3o Europeia deve ser complementar \u00e0quela da NATO. Isto foi reiterado numa reuni\u00e3o com a representante da UE para o estrangeiro, Federica Mogherini.<\/p>\n<p>O ministro Pinotti confirmou que &#8220;a It\u00e1lia, respeitando o pedido dos EUA, come\u00e7ou a aumentar a despesa com a Defesa&#8221; e que &#8220;continuaremos nesta rota que \u00e9 uma rota de responsabilidade&#8221;.<\/p>\n<p>O caminho portanto est\u00e1 tra\u00e7ado. Mas n\u00e3o se fala disto na campanha eleitoral. Se bem que quanto \u00e0 condi\u00e7\u00e3o da It\u00e1lia como membro da Uni\u00e3o Europeia os principais partidos tenham diferentes posi\u00e7\u00f5es, sobre a perten\u00e7a da It\u00e1lia \u00e0 OTAN s\u00e3o praticamente un\u00e2nimes. Isto distorce todo o cen\u00e1rio.<\/p>\n<p>N\u00e3o podemos discutir acerca da Uni\u00e3o Europeia enquanto ignoramos que 21 de cada 27 pa\u00edses da UE (ap\u00f3s o Brexit), com cerca de 90% da popula\u00e7\u00e3o da Uni\u00e3o, s\u00e3o membros da OTAN sob comando estadunidense.<\/p>\n<p>N\u00e3o podemos ignorar as consequ\u00eancias pol\u00edticas e militares \u2013 bem como as ramifica\u00e7\u00f5es econ\u00f4micas, sociais e culturais do fato de que\u00a0a OTAN est\u00e1 transformando a Europa num campo de batalha contra a R\u00fassia,\u00a0descrita como um inimigo amea\u00e7ador: o novo &#8220;imp\u00e9rio do mal&#8221; a atacar &#8220;a maior democracia no mundo&#8221; a partir de dentro com o seu ex\u00e9rcito de duendes.<\/p>\n<p>[NR] O ministro portugu\u00eas da Defesa, Azeredo Lopes, deu o dito por n\u00e3o dito: ap\u00f3s essa reuni\u00e3o da OTAN passou a defender o compromisso de aumentar as despesas com a Defesa em at\u00e9 2% do PIB.<\/p>\n<p>O original encontra-se em\u00a0<a href=\"http:\/\/ilmanifesto.it\/\" target=\"_blank\" rel=\"noopener\">ilmanifesto.it<\/a>, de 20\/Fev\/2018 e a vers\u00e3o em ingl\u00eas em<br \/>\n<a href=\"https:\/\/www.globalresearch.ca\/italys-election-campaign-nato-has-already-voted-before-us\/5629902\" target=\"_blank\" rel=\"noopener\">www.globalresearch.ca\/&#8230;<\/a><\/p>\n<p>Este artigo encontra-se em\u00a0https:\/\/resistir.info\/europa\/dinucci_21fev18.html<\/p>\n","protected":false},"excerpt":{"rendered":"<a class=\"moretag\" href=\"https:\/\/pcb.org.br\/portal2\/18883\"> <\/a>","protected":false},"author":1,"featured_media":0,"comment_status":"closed","ping_status":"closed","sticky":false,"template":"","format":"standard","meta":{"jetpack_post_was_ever_published":false,"_jetpack_newsletter_access":"","_jetpack_dont_email_post_to_subs":false,"_jetpack_newsletter_tier_id":0,"_jetpack_memberships_contains_paywalled_content":false,"_jetpack_memberships_contains_paid_content":false,"footnotes":"","jetpack_publicize_message":"A OTAN transforma a Europa num campo de batalha contra a R\u00fassia","jetpack_publicize_feature_enabled":true,"jetpack_social_post_already_shared":true,"jetpack_social_options":{"image_generator_settings":{"template":"highway","default_image_id":0,"font":"","enabled":false},"version":2}},"categories":[165,18,38],"tags":[227],"class_list":["post-18883","post","type-post","status-publish","format-standard","hentry","category-eua","category-s22-europa","category-c43-imperialismo","tag-5a"],"jetpack_publicize_connections":[],"jetpack_featured_media_url":"","jetpack_shortlink":"https:\/\/wp.me\/p659gw-4Uz","jetpack-related-posts":[],"jetpack_likes_enabled":true,"jetpack_sharing_enabled":true,"_links":{"self":[{"href":"https:\/\/pcb.org.br\/portal2\/wp-json\/wp\/v2\/posts\/18883","targetHints":{"allow":["GET"]}}],"collection":[{"href":"https:\/\/pcb.org.br\/portal2\/wp-json\/wp\/v2\/posts"}],"about":[{"href":"https:\/\/pcb.org.br\/portal2\/wp-json\/wp\/v2\/types\/post"}],"author":[{"embeddable":true,"href":"https:\/\/pcb.org.br\/portal2\/wp-json\/wp\/v2\/users\/1"}],"replies":[{"embeddable":true,"href":"https:\/\/pcb.org.br\/portal2\/wp-json\/wp\/v2\/comments?post=18883"}],"version-history":[{"count":0,"href":"https:\/\/pcb.org.br\/portal2\/wp-json\/wp\/v2\/posts\/18883\/revisions"}],"wp:attachment":[{"href":"https:\/\/pcb.org.br\/portal2\/wp-json\/wp\/v2\/media?parent=18883"}],"wp:term":[{"taxonomy":"category","embeddable":true,"href":"https:\/\/pcb.org.br\/portal2\/wp-json\/wp\/v2\/categories?post=18883"},{"taxonomy":"post_tag","embeddable":true,"href":"https:\/\/pcb.org.br\/portal2\/wp-json\/wp\/v2\/tags?post=18883"}],"curies":[{"name":"wp","href":"https:\/\/api.w.org\/{rel}","templated":true}]}}