{"id":1893,"date":"2011-09-23T17:34:11","date_gmt":"2011-09-23T17:34:11","guid":{"rendered":"http:\/\/pcb.org.br\/portal2\/?p=1893"},"modified":"2011-09-23T17:34:11","modified_gmt":"2011-09-23T17:34:11","slug":"a-esquerda-e-o-golpe-de-64-livro-de-denis-de-moraes-tera-nova-edicao-lancada","status":"publish","type":"post","link":"https:\/\/pcb.org.br\/portal2\/1893","title":{"rendered":"\u201cA esquerda e o golpe de 64\u2033, livro de D\u00eanis de Moraes ter\u00e1 nova edi\u00e7\u00e3o lan\u00e7ada"},"content":{"rendered":"\n<p>Na ter\u00e7a-feira da semana que vem, 27\/9, \u00e0s 19h, o jornalista\u00a0<em><strong>D\u00eanis de Moares<\/strong><\/em> lan\u00e7ar\u00e1 o livro \u201cA Esquerda e o Golpe de 64\u2033, pela Editora Express\u00e3o Popular. A convite de Ricardo Costa, far\u00e1 uma palestra sobre esse rico e conflituoso momento da hist\u00f3ria brasileira. Ser\u00e1 na sede nacional do PCB, \u00e0 Rua da Lapa, 180, 8\u00ba andar, Rio de Janeiro. O autor convida a todos para estarem presentes.<\/p>\n<p><strong><em>Abaixo segue o pref\u00e1cio, escrito por Jos\u00e9 Paula Netto:<\/em><\/strong><\/p>\n<p>\u201cD\u00eanis de Moraes, professor da Universidade Federal Fluminense, \u00e9 acad\u00eamico e pesquisador respeitado na \u00e1rea da Comunica\u00e7\u00e3o, dom\u00ednio no qual a sua contribui\u00e7\u00e3o \u00e9 expressiva, como o atesta, mais uma vez, o seu recent\u00edssimo livro\u00a0<em>Vozes abertas da Am\u00e9rica Latina: Estado, pol\u00edticas p\u00fablicas e democratiza\u00e7\u00e3o da comunica\u00e7\u00e3o <\/em>(2011). Traduzido e reconhecido no exterior (em 2010, recebeu o \u201cPremio Internacional de Ensayo Pensar a Contracorriente\u201d, do Minist\u00e9rio da Cultura de Cuba), \u00e9 autor de obra que se pode considerar, sem nenhum favor, extremamente significativa.<\/p>\n<p>No conjunto desta obra (mais de 20 t\u00edtulos), h\u00e1 um segmento muito especial: aquele em que D\u00eanis de Moraes \u2013 revelando-se um not\u00e1vel escritor sob a apar\u00eancia de um jornalista que revisita a hist\u00f3ria \u2013 se debru\u00e7a sobre a esquerda brasileira. Recorra-se a tr\u00eas de seus trabalhos para se ter a dimens\u00e3o desta caracter\u00edstica:<em> Vianninha, c\u00famplice da paix\u00e3o<\/em> (1991),\u00a0<em>O velho Gra\u00e7a<\/em> (1992) e\u00a0<em>O rebelde do tra\u00e7o<\/em>(1996) \u2013 excelentes biografias de Oduvaldo Vianna Filho, Graciliano Ramos e Henfil, nas quais o itiner\u00e1rio (de\/na esquerda) dos biografados se reconstr\u00f3i tendo a sua historicidade n\u00e3o como cen\u00e1rio, mas como subst\u00e2ncia de suas vidas e obras.<\/p>\n<p><img data-recalc-dims=\"1\" decoding=\"async\" src=\"https:\/\/i0.wp.com\/quemtemmedodademocracia.com\/wp-content\/uploads\/2011\/09\/livrod%C3%AAnis.jpg?w=747\" border=\"0\"  \/><\/p>\n<p>Contudo, \u00e9 neste<em> A esquerda e o golpe de 64<\/em>, publicado originalmente em 1989, que o escritor talentoso escondido sob a pele do jornalista inquieto a cavucar o terreno da hist\u00f3ria aparece mais explicitamente. O seu objeto \u00e9 o elenco de concep\u00e7\u00f5es, t\u00e1ticas e proje\u00e7\u00f5es (e, sobretudo, de ilus\u00f5es e equ\u00edvocos) com que os diferentes setores da esquerda brasileira se movimentaram especialmente sob o governo Jo\u00e3o Goulart, derrubado a 1\u00ba de abril de 1964 pelas for\u00e7as que acabaram por instaurar o que mestre Florestan designou como \u201cautocracia burguesa\u201d.<\/p>\n<p>Trata-se de objeto j\u00e1 examinado por muitos estudiosos, acad\u00eamicos ou n\u00e3o, com maior ou menor compet\u00eancia. Diferente e original \u00e9 o trato que D\u00eanis de Moraes realiza neste livro de leitura apaixonante. Reconstruindo o processo pol\u00edtico que culminou nos idos de 1964 como que num roteiro f\u00edlmico, o autor reconfigura o protagonismo de sujeitos coletivos e de personalidades da esquerda \u2013 cujos depoimentos comparecem em seguida \u2013 que jogaram pap\u00e9is relevantes naquela conjuntura.<\/p>\n<p>Para as gera\u00e7\u00f5es que n\u00e3o experimentaram o drama dos anos 1960, a din\u00e2mica daquela hist\u00f3ria, sem a qual n\u00e3o se pode compreender o Brasil dos dias de hoje, surge l\u00edmpida na grandeza da sua esperan\u00e7a e na trag\u00e9dia dos seus limites.<\/p>\n<p>D\u00eanis de Moraes, nestas p\u00e1ginas em que o talento do escritor d\u00e1 as m\u00e3os \u00e0 arg\u00facia do jornalista que investiga, nos oferece a prova decisiva da validez do antigo ju\u00edzo de M\u00e1rio de Andrade: a hist\u00f3ria n\u00e3o \u00e9 exemplo, \u00e9 li\u00e7\u00e3o.\u201d<\/p>\n<p><em><strong>Abaixo um trecho\u00a0do posf\u00e1cio original do saudoso e querido Ren\u00e9 Dreifuss escolhido pela editora\u00a0\u201dExpress\u00e3o Popular\u201d \u00a0para a contracapa do livro:<\/strong><\/em><\/p>\n<p>\u201cH\u00e1 v\u00e1rias leituras poss\u00edveis do inteligente e h\u00e1bil trabalho realizado por D\u00eanis de Moraes. (\u2026) Mas \u00e9 de olho nopresente e no futuro pr\u00f3ximo que podemos fazer uma de suas leituras mais ricas. Em que sentido? Como advert\u00eancia hist\u00f3rica e li\u00e7\u00e3o de pol\u00edtica sem a arrog\u00e2ncia da receita ou da f\u00f3rmula pronta. Trata-se de repensar o passado, no bojo de uma reflex\u00e3o sobre o presente e \u00e0 luz dos recentes acontecimentos, para preparar e antecipar um futuro real e desej\u00e1vel. Confrontar o ilusionismo do verbo com o realismo da for\u00e7a social, preparada pela organiza\u00e7\u00e3o pol\u00edtica e o esclarecimento conscientizador que predisp\u00f5e para a a\u00e7\u00e3o respons\u00e1vel da popula\u00e7\u00e3o. Tudo isso sem perder a esperan\u00e7a ou cair no des\u00e2nimo perante o poderio econ\u00f4mico, propagand\u00edstico e militar-policial das elites.\u201d<\/p>\n<p>Fonte: http:\/\/quemtemmedodademocracia.com\/2011\/09\/19\/a-esquerda-e-o-golpe-de-64-livro-de-denis-de-moraes-tera-nova-edicao-lancada\/<\/p>\n","protected":false},"excerpt":{"rendered":"\n\n\nCr\u00e9dito: Quem Tem Medo da Democracia\n\n\n\n\n\n\n\n\n\u201cA esquerda e o golpe de 64\u2033\n<a class=\"moretag\" href=\"https:\/\/pcb.org.br\/portal2\/1893\"> <\/a>","protected":false},"author":1,"featured_media":0,"comment_status":"open","ping_status":"open","sticky":false,"template":"","format":"standard","meta":{"jetpack_post_was_ever_published":false,"_jetpack_newsletter_access":"","_jetpack_dont_email_post_to_subs":false,"_jetpack_newsletter_tier_id":0,"_jetpack_memberships_contains_paywalled_content":false,"_jetpack_memberships_contains_paid_content":false,"footnotes":"","jetpack_publicize_message":"","jetpack_publicize_feature_enabled":true,"jetpack_social_post_already_shared":false,"jetpack_social_options":{"image_generator_settings":{"template":"highway","default_image_id":0,"font":"","enabled":false},"version":2}},"categories":[50],"tags":[],"class_list":["post-1893","post","type-post","status-publish","format-standard","hentry","category-c61-cultura-revolucionaria"],"jetpack_publicize_connections":[],"jetpack_featured_media_url":"","jetpack_shortlink":"https:\/\/wp.me\/p659gw-ux","jetpack-related-posts":[],"jetpack_likes_enabled":true,"jetpack_sharing_enabled":true,"_links":{"self":[{"href":"https:\/\/pcb.org.br\/portal2\/wp-json\/wp\/v2\/posts\/1893","targetHints":{"allow":["GET"]}}],"collection":[{"href":"https:\/\/pcb.org.br\/portal2\/wp-json\/wp\/v2\/posts"}],"about":[{"href":"https:\/\/pcb.org.br\/portal2\/wp-json\/wp\/v2\/types\/post"}],"author":[{"embeddable":true,"href":"https:\/\/pcb.org.br\/portal2\/wp-json\/wp\/v2\/users\/1"}],"replies":[{"embeddable":true,"href":"https:\/\/pcb.org.br\/portal2\/wp-json\/wp\/v2\/comments?post=1893"}],"version-history":[{"count":0,"href":"https:\/\/pcb.org.br\/portal2\/wp-json\/wp\/v2\/posts\/1893\/revisions"}],"wp:attachment":[{"href":"https:\/\/pcb.org.br\/portal2\/wp-json\/wp\/v2\/media?parent=1893"}],"wp:term":[{"taxonomy":"category","embeddable":true,"href":"https:\/\/pcb.org.br\/portal2\/wp-json\/wp\/v2\/categories?post=1893"},{"taxonomy":"post_tag","embeddable":true,"href":"https:\/\/pcb.org.br\/portal2\/wp-json\/wp\/v2\/tags?post=1893"}],"curies":[{"name":"wp","href":"https:\/\/api.w.org\/{rel}","templated":true}]}}