{"id":1900,"date":"2011-09-27T01:17:22","date_gmt":"2011-09-27T01:17:22","guid":{"rendered":"http:\/\/pcb.org.br\/portal2\/?p=1900"},"modified":"2011-09-27T01:17:22","modified_gmt":"2011-09-27T01:17:22","slug":"jorge-vive-a-luta-segue","status":"publish","type":"post","link":"https:\/\/pcb.org.br\/portal2\/1900","title":{"rendered":"Jorge Vive, a luta segue"},"content":{"rendered":"\n<p>Era Jorge um s\u00edmbolo tel\u00farico, potente, da rebeldia e da esperan\u00e7a do povo trabalhador da Col\u00f4mbia, sa\u00eddo da escola de guerra de guerrilhas m\u00f3veis do legend\u00e1rio Manuel Marulanda V\u00e9lez.<\/p>\n<p>Era um ser excepcionalmente humano, e por isso, amado pelas pessoas e pela tropa guerrilheira. Nos tempos da zona de distens\u00e3o e dos di\u00e1logos de paz, quando aparecia de vez em quando no povoado de La Macarena, um enxame de crian\u00e7as descal\u00e7as e descamisadas, buli\u00e7osas, o seguia pelas poeirentas ruas, e ele, feliz, deixava que lhe tirassem a boina e que saltassem em seu cora\u00e7\u00e3o, como na can\u00e7\u00e3o Jojoy do cantor e compositor Juli\u00e1n.<\/p>\n<p>Arrastava o povo, no seu passo, fundindo-se com seus sonhos. Camponeses, oper\u00e1rios, desempregados, prefeitos, padres, acad\u00eamicos, sindicalistas, professores, estudantes, afro-descendentes, donas de casa, todos escutavam a magia torrencial de suas palavras que aludiam a um sonho chamado Nova Col\u00f4mbia, P\u00e1tria Grande e Socialismo.<\/p>\n","protected":false},"excerpt":{"rendered":"\n\n\nCr\u00e9dito: 3.bp.blogspot\n\n\n\n\n\n\n\n\nAgencia Bolivariana de Prensa Ecuador\n<a class=\"moretag\" href=\"https:\/\/pcb.org.br\/portal2\/1900\"> <\/a>","protected":false},"author":1,"featured_media":0,"comment_status":"open","ping_status":"open","sticky":false,"template":"","format":"standard","meta":{"jetpack_post_was_ever_published":false,"_jetpack_newsletter_access":"","_jetpack_dont_email_post_to_subs":false,"_jetpack_newsletter_tier_id":0,"_jetpack_memberships_contains_paywalled_content":false,"_jetpack_memberships_contains_paid_content":false,"footnotes":"","jetpack_publicize_message":"","jetpack_publicize_feature_enabled":true,"jetpack_social_post_already_shared":false,"jetpack_social_options":{"image_generator_settings":{"template":"highway","default_image_id":0,"font":"","enabled":false},"version":2}},"categories":[34],"tags":[],"class_list":["post-1900","post","type-post","status-publish","format-standard","hentry","category-c39-colombia"],"jetpack_publicize_connections":[],"jetpack_featured_media_url":"","jetpack_shortlink":"https:\/\/wp.me\/p659gw-uE","jetpack-related-posts":[],"jetpack_likes_enabled":true,"jetpack_sharing_enabled":true,"_links":{"self":[{"href":"https:\/\/pcb.org.br\/portal2\/wp-json\/wp\/v2\/posts\/1900","targetHints":{"allow":["GET"]}}],"collection":[{"href":"https:\/\/pcb.org.br\/portal2\/wp-json\/wp\/v2\/posts"}],"about":[{"href":"https:\/\/pcb.org.br\/portal2\/wp-json\/wp\/v2\/types\/post"}],"author":[{"embeddable":true,"href":"https:\/\/pcb.org.br\/portal2\/wp-json\/wp\/v2\/users\/1"}],"replies":[{"embeddable":true,"href":"https:\/\/pcb.org.br\/portal2\/wp-json\/wp\/v2\/comments?post=1900"}],"version-history":[{"count":0,"href":"https:\/\/pcb.org.br\/portal2\/wp-json\/wp\/v2\/posts\/1900\/revisions"}],"wp:attachment":[{"href":"https:\/\/pcb.org.br\/portal2\/wp-json\/wp\/v2\/media?parent=1900"}],"wp:term":[{"taxonomy":"category","embeddable":true,"href":"https:\/\/pcb.org.br\/portal2\/wp-json\/wp\/v2\/categories?post=1900"},{"taxonomy":"post_tag","embeddable":true,"href":"https:\/\/pcb.org.br\/portal2\/wp-json\/wp\/v2\/tags?post=1900"}],"curies":[{"name":"wp","href":"https:\/\/api.w.org\/{rel}","templated":true}]}}