{"id":19013,"date":"2018-03-12T20:48:14","date_gmt":"2018-03-12T23:48:14","guid":{"rendered":"https:\/\/pcb.org.br\/portal2\/?p=19013"},"modified":"2018-03-12T20:48:14","modified_gmt":"2018-03-12T23:48:14","slug":"cuba-massiva-participacao-nas-eleicoes-gerais","status":"publish","type":"post","link":"https:\/\/pcb.org.br\/portal2\/19013","title":{"rendered":"Cuba: massiva participa\u00e7\u00e3o nas elei\u00e7\u00f5es gerais"},"content":{"rendered":"<p><img decoding=\"async\" class=\"imagem\" title=\"Cuba: massiva participa\u00e7\u00e3o nas elei\u00e7\u00f5es gerais\" src=\"https:\/\/i0.wp.com\/www.resumenlatinoamericano.org\/wp-content\/uploads\/2018\/03\/elecciones-en-cuba-5-580x388.jpg\" alt=\"Cuba: massiva participa\u00e7\u00e3o nas elei\u00e7\u00f5es gerais\" \/><!--more--><a href=\"http:\/\/www.resumenlatinoamericano.org\/category\/latinoamerica\/cuba\/\" target=\"_blank\" rel=\"noopener\">Resumen Latinoamericano<\/a><\/p>\n<p>A massiva participa\u00e7\u00e3o dos eleitores marcou hoje a segunda etapa das elei\u00e7\u00f5es gerais em Cuba, onde as urnas foram custodiadas por estudantes das escolas prim\u00e1ria e secund\u00e1ria.<\/p>\n<p>Durante quase 12 horas, as urnas eleitorais permaneceram sob cuidado de milhares de jovens e adolescentes, num ambiente muito diverso ao de outros pa\u00edses, onde s\u00e3o policiais e representantes das for\u00e7as armadas que desempenham este papel.Segundo o \u00faltimo boletim da Comiss\u00e3o Eleitoral Nacional (CEN), at\u00e9 as 17:00, hora local, deste domingo, quase sete milh\u00f5es de cubanos exerceram seu direito ao voto, cifra que representa 78,5 por cento dos convocados.<\/p>\n<p><strong>A CEN conceder\u00e1 uma coletiva de imprensa para informar sobre os resultados finais das elei\u00e7\u00f5es.<\/strong><\/p>\n<p>De acordo com o primeiro vice-presidente cubano, Miguel D\u00edaz-Canel, ao exercer seu direito ao voto, o povo est\u00e1 defendendo sua soberania diante das amea\u00e7as contra a Revolu\u00e7\u00e3o, em meio a uma conjuntura mundial complexa.<\/p>\n<p>Logo ap\u00f3s participar das elei\u00e7\u00f5es genrais em um col\u00e9gio da cidade central de Santa Clara, D\u00edaz-Canel se referiu ao recrudescimento da pol\u00edtica de Washington frente Havana depois da chegada ao poder do presidente Donald Trump e recha\u00e7ou a decis\u00e3o da Casa Branca de retomar os postulados da Doutrina Monroe (referente \u00e0 domina\u00e7\u00e3o estadunidense na Am\u00e9rica Latina).<\/p>\n<p>Com nosso voto demostramos que esta p\u00e1tria segue sendo independente, livre, soberana e socialista, afirmou ap\u00f3s saudar os eleitores, pioneiros e integrantes da mesa eleitoral.<\/p>\n<p>Em outro momento, o alto funcion\u00e1rio asseverou que participar do sufr\u00e1gio representa um compromisso com a gera\u00e7\u00e3o hist\u00f3rica que forjou a Revolu\u00e7\u00e3o e \u00e9 um tributo a seu l\u00edder hist\u00f3rico Fidel Castro, assim como um apoio ao presidente Ra\u00fal Castro.<\/p>\n<p>De sua parte, o presidente da Assembleia Nacional do Poder Popular (Parlamento), Esteban Lazo, enfatizou a necessidade de ratificar nas urnas a unidade do povo cubano frente \u00e0s agress\u00f5es externas contra o processo revolucion\u00e1rio.<\/p>\n<p>Ao exercer seu direito ao voto na jornada das elei\u00e7\u00f5es gerais celebrada em Cuba neste domingo, Lazo comentou que, diante das a\u00e7\u00f5es intervencionistas provenientes do exterior, o melhor rem\u00e9dio \u00e9 a unidade.<\/p>\n<p>Assim mesmo, reiterou seu chamado a n\u00e3o ceder frente aos embates da atual administra\u00e7\u00e3o da Casa Branca, encabe\u00e7ada por Trump.<\/p>\n<p>Na segunda etapa do processo eleitoral, foram habilitados 24 mil e 470 col\u00e9gios eleitorais nos 168 munic\u00edpios de Cuba e mais de 38 mil jovens votaram gra\u00e7as a sua inclus\u00e3o no recenseamento da na\u00e7\u00e3o caribenha ap\u00f3s completarem 16 anos de idade.<\/p>\n<p>Neste proceso 605 indiv\u00edduos se lan\u00e7aram candidatos a deputados ao Parlamento e mil e 265 a delegados \u00e0s Assembleias Provinciais do Poder Popular.<\/p>\n<p>Como novidade, neste ano somou-se a figura do colaborador, fun\u00e7\u00e3o que assumiram mais de 17 mil alunos de n\u00edvel m\u00e9dio e universit\u00e1rio com o prop\u00f3sito de contribuir para o aperfei\u00e7oamento do sistema eleitoral cubano.<\/p>\n<p>Segundo lo previsto, no pr\u00f3ximo dia 25 de mar\u00e7o ser\u00e3o constitu\u00eddas as Assembleias Provinciais do Poder Popular, e o Parlamento cubano se reunir\u00e1 em 19 de abril.<\/p>\n<p>agp\/clp<\/p>\n","protected":false},"excerpt":{"rendered":"<a class=\"moretag\" href=\"https:\/\/pcb.org.br\/portal2\/19013\"> <\/a>","protected":false},"author":1,"featured_media":0,"comment_status":"closed","ping_status":"closed","sticky":false,"template":"","format":"standard","meta":{"jetpack_post_was_ever_published":false,"_jetpack_newsletter_access":"","_jetpack_dont_email_post_to_subs":false,"_jetpack_newsletter_tier_id":0,"_jetpack_memberships_contains_paywalled_content":false,"_jetpack_memberships_contains_paid_content":false,"footnotes":"","jetpack_publicize_message":"","jetpack_publicize_feature_enabled":true,"jetpack_social_post_already_shared":true,"jetpack_social_options":{"image_generator_settings":{"template":"highway","default_image_id":0,"font":"","enabled":false},"version":2}},"categories":[48],"tags":[225],"class_list":["post-19013","post","type-post","status-publish","format-standard","hentry","category-c58-cuba","tag-4a"],"jetpack_publicize_connections":[],"jetpack_featured_media_url":"","jetpack_shortlink":"https:\/\/wp.me\/p659gw-4WF","jetpack-related-posts":[],"jetpack_likes_enabled":true,"jetpack_sharing_enabled":true,"_links":{"self":[{"href":"https:\/\/pcb.org.br\/portal2\/wp-json\/wp\/v2\/posts\/19013","targetHints":{"allow":["GET"]}}],"collection":[{"href":"https:\/\/pcb.org.br\/portal2\/wp-json\/wp\/v2\/posts"}],"about":[{"href":"https:\/\/pcb.org.br\/portal2\/wp-json\/wp\/v2\/types\/post"}],"author":[{"embeddable":true,"href":"https:\/\/pcb.org.br\/portal2\/wp-json\/wp\/v2\/users\/1"}],"replies":[{"embeddable":true,"href":"https:\/\/pcb.org.br\/portal2\/wp-json\/wp\/v2\/comments?post=19013"}],"version-history":[{"count":0,"href":"https:\/\/pcb.org.br\/portal2\/wp-json\/wp\/v2\/posts\/19013\/revisions"}],"wp:attachment":[{"href":"https:\/\/pcb.org.br\/portal2\/wp-json\/wp\/v2\/media?parent=19013"}],"wp:term":[{"taxonomy":"category","embeddable":true,"href":"https:\/\/pcb.org.br\/portal2\/wp-json\/wp\/v2\/categories?post=19013"},{"taxonomy":"post_tag","embeddable":true,"href":"https:\/\/pcb.org.br\/portal2\/wp-json\/wp\/v2\/tags?post=19013"}],"curies":[{"name":"wp","href":"https:\/\/api.w.org\/{rel}","templated":true}]}}