{"id":1903,"date":"2011-09-27T01:47:43","date_gmt":"2011-09-27T01:47:43","guid":{"rendered":"http:\/\/pcb.org.br\/portal2\/?p=1903"},"modified":"2011-09-27T01:47:43","modified_gmt":"2011-09-27T01:47:43","slug":"declaracao-politica-do-iii-congresso-nacional-da-federacao-de-estudantes-universitarios-feu-colombia","status":"publish","type":"post","link":"https:\/\/pcb.org.br\/portal2\/1903","title":{"rendered":"Declara\u00e7\u00e3o Pol\u00edtica do III Congresso Nacional da Federa\u00e7\u00e3o de Estudantes Universit\u00e1rios (FEU-Col\u00f4mbia)"},"content":{"rendered":"\n<p align=\"JUSTIFY\">Os estudantes de Educa\u00e7\u00e3o Superior e secund\u00e1ria, de institui\u00e7\u00f5es p\u00fablicas e privadas, provenientes de todos os cantos do pa\u00eds se reuniram no III Congresso da Federa\u00e7\u00e3o de Estudantes Universit\u00e1rios, FEU Col\u00f4mbia, cen\u00e1rio amplo e democr\u00e1tico de constru\u00e7\u00e3o conjunta de caminhos que nos levam com certeza a uma Universidade para a segunda e definitiva independ\u00eancia. Estamos convencidos que estes s\u00e3o justamente os caminhos da unidade. \u00c9 por ele que, em distintos cen\u00e1rios, desde distintas percep\u00e7\u00f5es e com muito entusiasmo, entendendo o momento hist\u00f3rico em que se encontra a educa\u00e7\u00e3o e as condi\u00e7\u00f5es do povo colombiano, declaramos:<\/p>\n<p align=\"JUSTIFY\">As cada vez mais dram\u00e1ticas crises do capital a escala global, levam ao aprofundamento da mis\u00e9ria, da morte e da depend\u00eancia de nosso pa\u00eds; fazendo necess\u00e1rias as lutas que, em diversos pontos do planeta e que hoje protagonizam povos comprometidos com uma profunda mudan\u00e7a, nos permitem entender que um novo mundo \u00e9 necess\u00e1rio e poss\u00edvel. Em nossa Am\u00e9rica Latina, a P\u00e1tria Grande nos reclama a realiza\u00e7\u00e3o da esperan\u00e7a e nos mostra claramente a possibilidade de sermos, como jovens e estudantes, protagonistas da hist\u00f3ria. A constru\u00e7\u00e3o de uma nova realidade social, econ\u00f4mica, pol\u00edtica, cultural e ambiental para os pa\u00edses latino-americanos, \u00e9 tarefa do conjunto de setores e organiza\u00e7\u00f5es sociais, ressaltando que o processo de luta popular est\u00e1 dando novamente ao movimento estudantil a oportunidade de contribuir decididamente com o impulso das a\u00e7\u00f5es e propostas que removam as mais consolidadas estruturas de explora\u00e7\u00e3o, expropria\u00e7\u00e3o e empobrecimento do conjunto da popula\u00e7\u00e3o.<\/p>\n<p align=\"JUSTIFY\">Como recentemente mostraram os companheiros do Porto Rico e do Chile, n\u00e3o bastam mudan\u00e7as pontuais dentro das legisla\u00e7\u00f5es vigentes. N\u00e3o \u00e9 suficiente uma mudan\u00e7a de funcion\u00e1rios. Novas formas de entender a educa\u00e7\u00e3o e a sociedade s\u00e3o necess\u00e1rias. Essa \u00e9 a ess\u00eancia das bandeiras que hoje, com orgulho, defende o movimento estudantil da Am\u00e9rica Latina. A realidade colombiana apresenta atualmente uma das faces mais obscuras do neoliberalismo na regi\u00e3o. N\u00e3o sendo suficiente ter convertido a na\u00e7\u00e3o num dos mais crueis cen\u00e1rios de guerra contra a sociedade e as organiza\u00e7\u00f5es populares, mediante a repress\u00e3o das for\u00e7as militares, as a\u00e7\u00f5es soterradas de corpos paramilitares e ao amparo do financiamento norte-americano, hoje nosso pa\u00eds est\u00e1 sendo utilizado como laborat\u00f3rio de reinven\u00e7\u00e3o do modelo econ\u00f4mico, t\u00e3o profundamente questionado em todas as latitudes do planeta. Um modelo que se assemelha com a terceira via, nos conduz a um mesmo destino, aquele que trazido pela elite no poder para o povo colombiano: sangue, viol\u00eancia, exclus\u00e3o, saque e explora\u00e7\u00e3o s\u00e3o os componentes reais daquilo que chamam despudoradamente de democracia, hoje em dia entendida como Unidade Nacional.<\/p>\n<p align=\"JUSTIFY\">O neoliberalismo imposto pela boca do fuzil \u00e9 a vers\u00e3o mais nefasta das atuais l\u00f3gicas do capital nacional e transnacional, que semeia o terror para abrir amplos espa\u00e7os \u00e0 espolia\u00e7\u00e3o de nossos recursos, fixando a meta de fazer do pa\u00eds um provedor nato de mat\u00e9rias primas, como ouro e palma africana. Enquanto isso ocorre, os direitos e garantias sociais e econ\u00f4micas dos trabalhadores s\u00e3o violentados sem reparos, atrav\u00e9s de leis mesquinhas que deixam a carga da crise do capital nos ombros do conjunto do povo. \u00c9 dif\u00edcil deter a dire\u00e7\u00e3o do vento e ser\u00e1 ainda mais dif\u00edcil deter o povo que, armado de dignidade, beliger\u00e2ncia e consci\u00eancia, vem demonstrando estar disposto a assumir as r\u00e9deas de seu pr\u00f3prio destino; o primeiro passo para a segunda e definitiva independ\u00eancia radica em que o povo se coloque contra a classe que o governa.<\/p>\n<p align=\"JUSTIFY\">O regime pol\u00edtico implanta com maior for\u00e7a a l\u00f3gica da exclus\u00e3o, nega\u00e7\u00e3o da diferen\u00e7a e imposi\u00e7\u00e3o do pensamento \u00fanico, mostrando sua face mais perversa ao querer dar um verniz de abertura ao que, no fundo, n\u00e3o \u00e9 mais que a velha t\u00e1tica de coopta\u00e7\u00e3o. Acreditamos que o sentido real que tem o fortalecimento do Estado por parte do governo Santos, n\u00e3o \u00e9 outra coisa que fortalecer o Estado como forma de domina\u00e7\u00e3o, como agente de repress\u00e3o e como vigilante do saque ao povo trabalhador e campon\u00eas. Nos unimos aos setores populares e organiza\u00e7\u00f5es que fazem um veemente chamado a trabalhar pela independ\u00eancia do movimento social colombiano, a n\u00e3o abdicar da luta em troca de migalhas do governo para terminar presos do corporativismo, pr\u00f3prio de regimes fascistas, legitimando a mais vergonhosa afronta de explora\u00e7\u00e3o contra a na\u00e7\u00e3o. Nosso compromisso \u00e9 e ser\u00e1 contribuir com a constru\u00e7\u00e3o de formas de governo, participa\u00e7\u00e3o e pol\u00edtica radicalmente distintas, realizando-as dentro e fora das aulas, com a academia, a arte, a cria\u00e7\u00e3o, a alegria e a luta social, que seguir\u00e1 sendo nossa escola para a verdadeira democracia.<\/p>\n<p align=\"JUSTIFY\">Com convic\u00e7\u00e3o e sem descanso, reiteramos que a constru\u00e7\u00e3o da Nova P\u00e1tria requer avan\u00e7ar, sem demora, para a solu\u00e7\u00e3o pol\u00edtica do conflito social e armado. A escura noite com que os detentores do poder quiseram submeter o povo colombiano ainda n\u00e3o acabou. A guerra sendo o p\u00e3o de cada dia para milhares de colombianos, nos campos e nas cidades, e continuar\u00e1 sendo at\u00e9 suas mais profundas causas, enraizadas nas inequidades sociais perpetradas por dec\u00eanios, serem encaradas. A crueza de nossa hist\u00f3ria recente evidencia que nem a pantomima do desmonte do paramilitarismo, nem a maquiagem sobre as cifras e atos de viol\u00eancia contra os trabalhadores, a estreiteza da lei de restitui\u00e7\u00e3o de terras ou a superficialidade da lei de v\u00edtimas, conduzem a um avan\u00e7o na supera\u00e7\u00e3o do conflito, porque todas s\u00e3o vis\u00f5es parciais e acomodadas de gestos de paz, dirigidas a criar a v\u00e3 ilus\u00e3o de caminhos conjuntos, enquanto a m\u00e3o negra da viol\u00eancia cresce sem restri\u00e7\u00f5es.<\/p>\n<p align=\"JUSTIFY\">A persegui\u00e7\u00e3o, o amedrontamento e den\u00fancia de vozes dissidentes s\u00e3o as realidades de uma falsa democracia, capaz de investir mais em guerra que em educa\u00e7\u00e3o, e como em outros processos de resist\u00eancia no pa\u00eds, os estudantes continuam sendo v\u00edtimas de estigmas, de assassinatos, de pris\u00f5es e do ex\u00edlio. Inegavelmente nosso compromisso \u00e9 com a Paz. Assim como o conjunto do povo colombiano, tamb\u00e9m estamos pagando o pre\u00e7o da guerra. No entanto, sabemos que a supera\u00e7\u00e3o da mesma s\u00f3 ser\u00e1 poss\u00edvel com o mais amplo processo de discuss\u00e3o e constru\u00e7\u00e3o do pa\u00eds, em que Estado, Insurg\u00eancia, setores sociais, setores pol\u00edticos e o povo em geral possam apresentar, de maneira conjunta, propostas e rotas de sa\u00edda efetivas \u00e0 crise do pa\u00eds. Ent\u00e3o, o sustento da Paz segue sendo a vontade real para transformar as estruturas pol\u00edticas, econ\u00f4micas e culturais, largamente impostas pela classe dominante no pa\u00eds. Recha\u00e7amos a disfar\u00e7ada caracteriza\u00e7\u00e3o da situa\u00e7\u00e3o colombiana como p\u00f3s-conflito. O p\u00f3s-conflito real \u00e9 aquele momento em que a justi\u00e7a social seja a ess\u00eancia de um novo governo.<\/p>\n<p align=\"JUSTIFY\">Os estudantes participantes do III Congresso da FEU est\u00e3o convencidos que os atuais rumos da P\u00e1tria n\u00e3o s\u00e3o os que far\u00e3o poss\u00edvel sua dignifica\u00e7\u00e3o. Pelo contr\u00e1rio, claramente compreendemos que \u00e9 fundamental recobrar a soberania, entregue h\u00e1 tanto tempo por aqueles que, de forma abusiva, ocupam os mais altos n\u00edveis do poder. Acreditamos ser indispens\u00e1vel e inadi\u00e1vel avan\u00e7ar com o conjunto do movimento social e popular, pelo caminho da Segunda e Definitiva Independ\u00eancia, que n\u00e3o \u00e9 outra coisa que a completa realiza\u00e7\u00e3o para todos das aspira\u00e7\u00f5es por soberania, autodetermina\u00e7\u00e3o, dignidade, paz, justi\u00e7a social, econ\u00f4mica, tra\u00eddas h\u00e1 dois s\u00e9culos. Esta meta s\u00f3 ser\u00e1 poss\u00edvel trabalhando com o conjunto do movimento social e os setores populares, irmanando, cada vez mais, a solidariedade de car\u00e1ter internacional, tribulando as bandeiras do anti-imperialismo, desenvolvimento dos mais amplos processos de organiza\u00e7\u00e3o e mobiliza\u00e7\u00e3o, e avan\u00e7ando nas necess\u00e1rias constru\u00e7\u00f5es program\u00e1ticas.<\/p>\n<p align=\"JUSTIFY\">Sendo a educa\u00e7\u00e3o nosso campo de luta imediato, o regime s\u00f3 nos possibilita v\u00ea-la convertida numa mercadoria e n\u00e3o como um direito. Hoje, a educa\u00e7\u00e3o est\u00e1 dirigida unicamente \u00e0 estreita forma\u00e7\u00e3o de indiv\u00edduos com conhecimentos espec\u00edficos \u2013 prontos para serem pe\u00e7as funcionais das l\u00f3gicas de exclus\u00e3o e explora\u00e7\u00e3o \u2013, ao inv\u00e9s da forma\u00e7\u00e3o de sujeitos pol\u00edticos de transforma\u00e7\u00e3o e profissionais comprometidos com as necessidades da P\u00e1tria.<\/p>\n<p align=\"JUSTIFY\">A porta do caminho para a privatiza\u00e7\u00e3o da educa\u00e7\u00e3o p\u00fablica em nosso pa\u00eds se abriu em 1992, com a formula\u00e7\u00e3o da Lei 30. A instala\u00e7\u00e3o do mercado da educa\u00e7\u00e3o superior n\u00e3o resolveu os graves problemas de cobertura, qualidade, abandono, exclus\u00e3o e acesso que caracterizam o sistema educacional da na\u00e7\u00e3o. O cr\u00e9dito educativo se converteu na \u00fanica forma de acesso, prec\u00e1rio, \u00e0 educa\u00e7\u00e3o. Ao mesmo tempo, o acesso \u00e0 educa\u00e7\u00e3o p\u00fablica se estreitou ainda mais, evidenciando as graves fal\u00eancias do ensino fundamental e m\u00e9dio que, hoje, n\u00e3o est\u00e3o outorgando o m\u00ednimo suficiente para favorecer a forma\u00e7\u00e3o superior de car\u00e1ter estatal.<\/p>\n<p align=\"JUSTIFY\">A reforma da lei 30 e os impactos que ter\u00e1 sobre a educa\u00e7\u00e3o a assinatura do Tratado de Livre Com\u00e9rcio com os Estados Unidos s\u00e3o amostras palp\u00e1veis da voracidade do capital, na incessante busca de novos mercados e fontes para a eleva\u00e7\u00e3o da gan\u00e2ncia. Tem sido este o motor fundamental da nova reforma, que busca levar a Universidade P\u00fablica pelo caminho do autofinanciamento e a perda da autonomia, enquanto nas universidades privadas se dar\u00e1 o aumento do drama do endividamento e da baixa qualidade da forma\u00e7\u00e3o. Os \u00fanicos interesses defendidos nas propostas do regime, executadas pelo atual governo, s\u00e3o os do capital transnacional e do sistema financeiro, que condenam a juventude de nosso pa\u00eds ao endividamento eterno por uma educa\u00e7\u00e3o de baixa qualidade e para a domina\u00e7\u00e3o.<\/p>\n<p align=\"JUSTIFY\">Cansados at\u00e9 a saciedade desta situa\u00e7\u00e3o e diante do novo embate do capital contra as m\u00ednimas garantias reais para uma educa\u00e7\u00e3o gratuita, p\u00fablica e de qualidade, dizemos BASTA! Nos comprometemos com as reivindica\u00e7\u00f5es deste novo momento na Hist\u00f3ria e cerramos fileiras pelo direito \u00e0 educa\u00e7\u00e3o de todos os colombianos, e em defesa da Universidade P\u00fablica. Se a educa\u00e7\u00e3o \u00e9 como defendemos, um processo de cria\u00e7\u00e3o de sujeitos, n\u00e3o pode, em nenhuma circunst\u00e2ncia, ser tratada como uma mercadoria. Como demonstrado, as leis de oferta e procura n\u00e3o s\u00e3o garantias necess\u00e1rias para fazer da Universidade o espa\u00e7o criador, que colabore com a supera\u00e7\u00e3o dos problemas mais sentidos em nosso pa\u00eds. A luta \u00e9 por uma educa\u00e7\u00e3o p\u00fablica, gratuita, de qualidade, democr\u00e1tica e por um novo modelo de escola que rompe, definitivamente, com a escol\u00e1stica.<\/p>\n<p align=\"JUSTIFY\">Otimistas, sabemos que esta \u00e9 uma bandeira do conjunto dos estudantes, que est\u00e3o se organizando e mobilizando para defend\u00ea-la. Com vontade e compromisso, reconhecemos o esfor\u00e7o que, dos mais distintos setores, vem se desenvolvendo para forjar a necess\u00e1ria unidade do movimento estudantil, expressa hoje, na Mesa Ampla Nacional Estudantil. Convocamos a continuar aprofundando o dito processo, a partir da constru\u00e7\u00e3o program\u00e1tica, da mobiliza\u00e7\u00e3o e da organiza\u00e7\u00e3o. A for\u00e7a determina a possibilidade de mudan\u00e7a, por\u00e9m s\u00f3 a unidade e a organiza\u00e7\u00e3o tornar\u00e3o mais s\u00f3lidas as bases da citada for\u00e7a. E \u00e9 por isso que saudamos com entusiasmo a assembleia nacional de delegados da FEU como espa\u00e7o amplo de constru\u00e7\u00e3o pol\u00edtica e organizativa das organiza\u00e7\u00f5es estudantis que participam da CONAP e da Marcha Patri\u00f3tica. Estamos absolutamente seguros que este espa\u00e7o ser\u00e1 de fundamental import\u00e2ncia para o futuro do movimento social colombiano. Da mesma maneira, estamos certos de que este \u00e9 um avan\u00e7o fundamental para a reconstru\u00e7\u00e3o do movimento estudantil. Podemos assegurar que este avan\u00e7o organizativo indica ao governo nacional e \u00e0 sociedade em geral um chamado. Um chamado cujo eco ainda ressoa nas ruas, nas salas de aula, nos campos e nas cidades. Um chamado que diz: ALERTA!, ALERTA!, ALERTA QUE CAMINHA, A LUTA ESTUDANTIL PELA AM\u00c9RICA LATINA.<\/p>\n<p align=\"JUSTIFY\">Reivindicamos a mem\u00f3ria hist\u00f3rica das lutas sociais pol\u00edticas negadas pela conveni\u00eancia estabelecida. Mem\u00f3rias que foram apagadas da hist\u00f3ria oficial. \u00c9 por isso que entendemos que as bandeiras que hoje defendemos foram herdadas de gera\u00e7\u00f5es anteriores de homens e mulheres que deram, inclusive, suas vidas para v\u00ea-las realizadas. Esse compromisso \u00e9 ainda maior quando entendemos que as vitorias obtidas nas ruas, na luta social, digna, beligerante, atualmente s\u00e3o postas na beira do abismo do mercado por parte do governo em sua corrida desenfreada pela neoliberaliza\u00e7\u00e3o da economia nacional.<\/p>\n<p align=\"JUSTIFY\">Da mesma forma, os estudantes participantes do III Congresso da FEU\u2013Col\u00f4mbia possuem um firme compromisso em colaborar com a reconstru\u00e7\u00e3o do movimento estudantil secundarista, hist\u00f3rico pilar de sustenta\u00e7\u00e3o inestim\u00e1vel que, em diversos quadros e processos organizativos, alimenta n\u00e3o s\u00f3 o movimento universit\u00e1rio, mas tamb\u00e9m o movimento de local de moradia e o popular em geral. Uma educa\u00e7\u00e3o superior como a que propomos n\u00e3o ser\u00e1 poss\u00edvel sem pensar no conjunto do sistema educacional, abandonando as vis\u00f5es parciais e retornando \u00e0 profunda problem\u00e1tica da qualidade que hoje afligem o ensino fundamental e m\u00e9dio. Aos estudantes secundaristas, dizemos: N\u00e3o est\u00e3o sozinhos! Juntos construiremos a luta pela educa\u00e7\u00e3o para a Segunda e Definitiva Independ\u00eancia!<\/p>\n<p align=\"JUSTIFY\">Honrando a mem\u00f3ria de nossos m\u00e1rtires e dos m\u00e1rtires do conjunto do movimento social, irmanados solidariamente com os presos e perseguidos pol\u00edticos, diminuindo a dist\u00e2ncia atrav\u00e9s da luta e da esperan\u00e7a com os expatriados, desterrados e exilados, forjando a mais profunda unidade com o conjunto do movimento popular atrav\u00e9s da CONAP e da Marcha Patri\u00f3tica, processos irm\u00e3os e dos quais, orgulhosamente, somos participantes, declaramos mais uma vez: nossa milit\u00e2ncia na alegria, na esperan\u00e7a e no empenho em forjar a Nova Col\u00f4mbia, por avan\u00e7ar rumo \u00e0 P\u00e1tria Grande, por continuar o legado de Bol\u00edvar, Mart\u00ed, Artigas, Allende e todos os pensadores da emancipa\u00e7\u00e3o latino-americana.<\/p>\n<p align=\"JUSTIFY\">Seguimos sonhando, seguimos trabalhando! N\u00e3o tememos,n\u00e3o retrocedemos! Porque j\u00e1 iniciamos a constru\u00e7\u00e3o de uma nova educa\u00e7\u00e3o e um novo pa\u00eds, esse que realmente estar\u00e1 \u00e0 altura de nossos sonhos. Porque nossa luta \u00e9 contagiante e isso nos faz invenc\u00edveis. Estamos construindo uma greve c\u00edvico-nacional, esperando fortalecer a articula\u00e7\u00e3o do movimento social colombiano, esperando o despertar de um novo amanhecer. O amanhecer do dia em que a escurid\u00e3o nos evoque o sossego e n\u00e3o a morte e a tristeza que encolheram nossas vozes e nossas ideias.<\/p>\n<p align=\"JUSTIFY\">Otimistas pelo desenvolvimento deste espa\u00e7o. Esperan\u00e7osos pelo avan\u00e7o do movimento estudantil latino-americano. Atentos ao desenvolvimento da amea\u00e7a que se cerra sobre a educa\u00e7\u00e3o na Col\u00f4mbia. Acreditamos que \u00e9 clara a aposta das classes dominantes, por\u00e9m ainda mais clara \u00e9 a resposta do movimento estudantil. Devemos avan\u00e7ar nos processos de organiza\u00e7\u00e3o, devemos fortalecer nossas bandeiras program\u00e1ticas e devemos encher as ruas de beliger\u00e2ncia, rebeldia e irrever\u00eancia daqueles que avan\u00e7am para um futuro que n\u00e3o conhecem, por\u00e9m do qual est\u00e3o convencidos de que ser\u00e1 radicalmente distinto do atual: uma Universidade, num tipo de sociedade e que a figura central seja a humanidade e n\u00e3o a gan\u00e2ncia por parte daqueles que escrevem a hist\u00f3ria que nos nega. Hoje, n\u00f3s forjamos a hist\u00f3ria. Declaramos: que tremam os inimigos do povo, que tremam os senhores da morte e da mis\u00e9ria, que tremam as ruas colombianas. N\u00f3s estudantes dizemos: aqui, seguiremos e n\u00e3o descansaremos at\u00e9 recuperar tudo o que nos foi negado. Hoje dizemos e demonstramos que temos a estatura moral e pol\u00edtica que demanda o desafio de construir a Universidade para a Segunda e Definitiva Independ\u00eancia de uma Nova Col\u00f4mbia.<\/p>\n<p align=\"JUSTIFY\">VIVA A GREVE NACIONAL UNIVERSIT\u00c1RIA!<\/p>\n<p align=\"JUSTIFY\">VIVA FEDERA\u00c7\u00c3O DE ESTUDANTES UNIVERSIT\u00c1RIOS!<\/p>\n<p align=\"JUSTIFY\">VIVA AS ORGANIZA\u00c7\u00d5ES ESTUDANTIS DA CONAP E DA MARCHA PATRI\u00d3TICA!<\/p>\n<p align=\"JUSTIFY\">CONTRUINDO A GREVE C\u00cdVICO-NACIONAL!<\/p>\n<p align=\"JUSTIFY\">POR UMA EDUCA\u00c7\u00c3O PARA A SEGUNDA E DEFINITIVA INDEPEND\u00caNCIA!<\/p>\n<p align=\"CENTER\">Terceiro Congresso da Federa\u00e7\u00e3o de Estudantes Universit\u00e1rios FEU COLOMBIA, por uma Educa\u00e7\u00e3o para a Segunda e Definitiva Independ\u00eancia.<\/p>\n<p align=\"JUSTIFY\">17 de setembro de 2011.<\/p>\n<p>Tradu\u00e7\u00e3o: Maria Fernanda M. Scelza<\/p>\n","protected":false},"excerpt":{"rendered":"\n\n\nCr\u00e9dito: FEU\n\n\n\n\n\n\n\n\nFEU\n<a class=\"moretag\" href=\"https:\/\/pcb.org.br\/portal2\/1903\"> <\/a>","protected":false},"author":1,"featured_media":0,"comment_status":"open","ping_status":"open","sticky":false,"template":"","format":"standard","meta":{"jetpack_post_was_ever_published":false,"_jetpack_newsletter_access":"","_jetpack_dont_email_post_to_subs":false,"_jetpack_newsletter_tier_id":0,"_jetpack_memberships_contains_paywalled_content":false,"_jetpack_memberships_contains_paid_content":false,"footnotes":"","jetpack_publicize_message":"","jetpack_publicize_feature_enabled":true,"jetpack_social_post_already_shared":false,"jetpack_social_options":{"image_generator_settings":{"template":"highway","default_image_id":0,"font":"","enabled":false},"version":2}},"categories":[34],"tags":[],"class_list":["post-1903","post","type-post","status-publish","format-standard","hentry","category-c39-colombia"],"jetpack_publicize_connections":[],"jetpack_featured_media_url":"","jetpack_shortlink":"https:\/\/wp.me\/p659gw-uH","jetpack-related-posts":[],"jetpack_likes_enabled":true,"jetpack_sharing_enabled":true,"_links":{"self":[{"href":"https:\/\/pcb.org.br\/portal2\/wp-json\/wp\/v2\/posts\/1903","targetHints":{"allow":["GET"]}}],"collection":[{"href":"https:\/\/pcb.org.br\/portal2\/wp-json\/wp\/v2\/posts"}],"about":[{"href":"https:\/\/pcb.org.br\/portal2\/wp-json\/wp\/v2\/types\/post"}],"author":[{"embeddable":true,"href":"https:\/\/pcb.org.br\/portal2\/wp-json\/wp\/v2\/users\/1"}],"replies":[{"embeddable":true,"href":"https:\/\/pcb.org.br\/portal2\/wp-json\/wp\/v2\/comments?post=1903"}],"version-history":[{"count":0,"href":"https:\/\/pcb.org.br\/portal2\/wp-json\/wp\/v2\/posts\/1903\/revisions"}],"wp:attachment":[{"href":"https:\/\/pcb.org.br\/portal2\/wp-json\/wp\/v2\/media?parent=1903"}],"wp:term":[{"taxonomy":"category","embeddable":true,"href":"https:\/\/pcb.org.br\/portal2\/wp-json\/wp\/v2\/categories?post=1903"},{"taxonomy":"post_tag","embeddable":true,"href":"https:\/\/pcb.org.br\/portal2\/wp-json\/wp\/v2\/tags?post=1903"}],"curies":[{"name":"wp","href":"https:\/\/api.w.org\/{rel}","templated":true}]}}