{"id":19031,"date":"2018-03-14T20:41:00","date_gmt":"2018-03-14T23:41:00","guid":{"rendered":"https:\/\/pcb.org.br\/portal2\/?p=19031"},"modified":"2018-03-14T20:41:00","modified_gmt":"2018-03-14T23:41:00","slug":"assassinado-lider-que-denunciava-poluicao-da-hydro-no-para","status":"publish","type":"post","link":"https:\/\/pcb.org.br\/portal2\/19031","title":{"rendered":"Assassinado l\u00edder que denunciava polui\u00e7\u00e3o da Hydro no Par\u00e1"},"content":{"rendered":"<p><img decoding=\"async\" class=\"imagem\" title=\"imagem\" src=\"https:\/\/i1.wp.com\/jornalistaslivres.org\/wp-content\/uploads\/2018\/03\/Barcarena.jpg\" alt=\"imagem\" \/><!--more--><strong>Mais uma trag\u00e9dia anunciada! <\/strong><br \/>\n<strong>Assassinado l\u00edder que denunciava polui\u00e7\u00e3o da Hydro no Par\u00e1<\/strong><\/p>\n<p>Paulo S\u00e9rgio teve prote\u00e7\u00e3o negada pelo governo<\/p>\n<p><a href=\"https:\/\/jornalistaslivres.org\/2018\/03\/assassinado-lider-que-denunciava-poluicao-da-hydro-no-para\/\" target=\"_blank\" rel=\"noopener\">Jornalistas Livres<\/a><\/p>\n<p>Paulo S\u00e9rgio Almeida Nascimento, de 47 anos, foi morto com quatro tiros por volta de 3h30 desta segunda-feira (12). Ele era um dos representantes da Associa\u00e7\u00e3o dos Caboclos, ind\u00edgenas e Quilombolas da Amaz\u00f4nia (CAINQUIAMA) que desde 2017 cobrava da prefeitura de Barcarena, no Par\u00e1, se a empresa norueguesa Hydro possu\u00eda autoriza\u00e7\u00e3o para constru\u00e7\u00e3o das bacias de rejeito.<\/p>\n<p>A execu\u00e7\u00e3o, infelizmente, n\u00e3o surpreende. Em documento protocolado pelo 2\u00b0 promotor de Justi\u00e7a Militar, Armando Brasil Teixeira, em 19 de janeiro, foram pedidas \u201cgarantias de vida aos representantes da referida associa\u00e7\u00e3o\u201d diante das amea\u00e7as que estavam recebendo. Por\u00e9m, em 6 de fevereiro o pedido foi negado por Jeannot Jansen, ent\u00e3o Secret\u00e1rio de Estado de Seguran\u00e7a P\u00fablica e Defesa Social do Par\u00e1. No documento, Jansen cita programas de apoio e prote\u00e7\u00e3o, como o Provita, PPCAM e Programa de Prote\u00e7\u00e3o a Defensores de Direitos Humanos, aparentemente sugerindo que algum deles teria que ser buscado para tentar garantir a seguran\u00e7a dos representantes da associa\u00e7\u00e3o.<\/p>\n<p>Dias antes, mais especificamente no dia 1\u00b0, outro representante da CAINQUIAMA, Bosco Oliveira Martins J\u00fanior, com ajuda do advogado Ismael Moraes, tamb\u00e9m havia protocolado um pedido de prote\u00e7\u00e3o junto ao Governo de Jatene, o que tamb\u00e9m foi ignorado.<\/p>\n<p>Apesar do documento listar amea\u00e7as feitas via mensagens de WhatsApp e tamb\u00e9m relato de casos pessoais, que citam inclusive um capit\u00e3o da PM identificado como \u201cGama\u201d e outro militar identificado como Jos\u00e9, o parecer de Jeannot foi negativo, obrigando Bosco e sua fam\u00edlia a sa\u00edrem de Barcarena e se esconderem para sobreviver. Entre as amea\u00e7as h\u00e1 at\u00e9 mesmo uma recompensa no valor de R$ 40 mil por sua \u201ccaptura\u201d.<\/p>\n<p>Na pr\u00e1tica, os crimes contra Bosco seriam uma inven\u00e7\u00e3o para diminuir sua atua\u00e7\u00e3o na regi\u00e3o. O mesmo ocorre no despacho de Jansen, em que s\u00e3o listados dez Termos Circunstanciados de Ocorr\u00eancia (TCOs) e Boletins de Ocorr\u00eancias (BOs) principalmente sobre crimes ambientais e amea\u00e7as, que seriam, de acordo com o advogado Ismael Moraes, resultado da persegui\u00e7\u00e3o que o l\u00edder comunit\u00e1rio estaria recebendo e n\u00e3o ocorr\u00eancias de fato.<\/p>\n<p>Provid\u00eancias<\/p>\n<p>Ap\u00f3s a execu\u00e7\u00e3o de Paulo, o advogado Ismael Moraes informou que entrou em contato com a Procuradoria da Rep\u00fablica e ir\u00e1 solicitar que o caso seja investigado em esfera federal e n\u00e3o estadual, o que pode garantir uma investiga\u00e7\u00e3o mais profunda e correta sobre o caso.<\/p>\n<p>Novas evid\u00eancias de que a Hydro de fato vinha cometendo crimes ambientais por conta de sua atua\u00e7\u00e3o em Barcarena devem ser anunciadas nesta semana. O Instituto Evandro Chagas (IEC) informou que lan\u00e7a sua segunda nota t\u00e9cnica nos pr\u00f3ximos dias. Para a ag\u00eancia Reuters, o pesquisador Marcelo Lima, que participa das investiga\u00e7\u00f5es, adiantou que o novo documento deve trazer informa\u00e7\u00f5es sobre um novo duto que teria vazado efluentes no munic\u00edpio.<\/p>\n<p>A Hydro est\u00e1 sendo investigada por uma for\u00e7a-tarefa dos Minist\u00e9rios P\u00fablicos Estadual e Federal que vai apurar os vazamentos de res\u00edduos qu\u00edmicos nos igarap\u00e9s e rios da regi\u00e3o no m\u00eas passado, que provocaram fortes e graves danos ambientais \u00e0s popula\u00e7\u00f5es da regi\u00e3o de Barcarena.<\/p>\n<p>A polui\u00e7\u00e3o foi confirmada em fevereiro pelo Instituto Evandro Chagas (IEC) a partir de amostras de \u00e1gua coletadas em Barcarena, que apresentaram n\u00fameros elevados de diversas subst\u00e2ncias nocivas, como f\u00f3sforo, alum\u00ednio, nitrato e s\u00f3dio, al\u00e9m da eleva\u00e7\u00e3o da alcalinidade da \u00e1guas, atestando uma situa\u00e7\u00e3o de dano ambiental ao ecossistema local.<\/p>\n<p>Ainda de acordo com laudo, as popula\u00e7\u00f5es das tr\u00eas principais comunidades afetadas \u2013 Bom Futuro, Vila Nova e Burajuba \u2013 possuem, em sua maioria, po\u00e7os artesianos de baixa profundidade em casa, o que facilita a contamina\u00e7\u00e3o pelo res\u00edduo. Uma estimativa pr\u00e9via \u00e9 de que pelo menos 300 pessoas tenham sido afetadas pelos vazamentos recentes. Entre os principais danos causados pela contamina\u00e7\u00e3o, est\u00e3o problemas dermatol\u00f3gicos e g\u00e1stricos, al\u00e9m de poss\u00edveis danos respirat\u00f3rios.<\/p>\n<p>Outro dado alarmante levantado pelo IEC \u00e9 que h\u00e1 o \u201crisco eminente de novos vazamentos\u201d, j\u00e1 que o Par\u00e1 ainda vive o per\u00edodo de chuvas, o que facilita o transbordo das bacias de rejeitos.<\/p>\n<p>H\u00e1 meses, o advogado Ismael Moraes informava que mais de 20 bacias teriam sido constru\u00eddas na \u00e1rea para receberem rejeitos qu\u00edmicos estariam causando problemas ambientais. Com as chuvas dos \u00faltimos dias, as bacias ultrapassaram sua capacidade e n\u00e3o foram mais suficientes para conter as subst\u00e2ncias, em especial bauxita, podendo causar um grave quadro de contamina\u00e7\u00e3o na cidade.<\/p>\n<p>https:\/\/jornalistaslivres.org\/2018\/03\/assassinado-lider-que-denunciava-poluicao-da-hydro-no-para\/<\/p>\n","protected":false},"excerpt":{"rendered":"<a class=\"moretag\" href=\"https:\/\/pcb.org.br\/portal2\/19031\"> <\/a>","protected":false},"author":1,"featured_media":0,"comment_status":"closed","ping_status":"closed","sticky":false,"template":"","format":"standard","meta":{"jetpack_post_was_ever_published":false,"_jetpack_newsletter_access":"","_jetpack_dont_email_post_to_subs":false,"_jetpack_newsletter_tier_id":0,"_jetpack_memberships_contains_paywalled_content":false,"_jetpack_memberships_contains_paid_content":false,"footnotes":"","jetpack_publicize_message":"","jetpack_publicize_feature_enabled":true,"jetpack_social_post_already_shared":true,"jetpack_social_options":{"image_generator_settings":{"template":"highway","default_image_id":0,"font":"","enabled":false},"version":2}},"categories":[163,244],"tags":[227],"class_list":["post-19031","post","type-post","status-publish","format-standard","hentry","category-movimento-indigena","category-violencia","tag-5a"],"jetpack_publicize_connections":[],"jetpack_featured_media_url":"","jetpack_shortlink":"https:\/\/wp.me\/p659gw-4WX","jetpack-related-posts":[],"jetpack_likes_enabled":true,"jetpack_sharing_enabled":true,"_links":{"self":[{"href":"https:\/\/pcb.org.br\/portal2\/wp-json\/wp\/v2\/posts\/19031","targetHints":{"allow":["GET"]}}],"collection":[{"href":"https:\/\/pcb.org.br\/portal2\/wp-json\/wp\/v2\/posts"}],"about":[{"href":"https:\/\/pcb.org.br\/portal2\/wp-json\/wp\/v2\/types\/post"}],"author":[{"embeddable":true,"href":"https:\/\/pcb.org.br\/portal2\/wp-json\/wp\/v2\/users\/1"}],"replies":[{"embeddable":true,"href":"https:\/\/pcb.org.br\/portal2\/wp-json\/wp\/v2\/comments?post=19031"}],"version-history":[{"count":0,"href":"https:\/\/pcb.org.br\/portal2\/wp-json\/wp\/v2\/posts\/19031\/revisions"}],"wp:attachment":[{"href":"https:\/\/pcb.org.br\/portal2\/wp-json\/wp\/v2\/media?parent=19031"}],"wp:term":[{"taxonomy":"category","embeddable":true,"href":"https:\/\/pcb.org.br\/portal2\/wp-json\/wp\/v2\/categories?post=19031"},{"taxonomy":"post_tag","embeddable":true,"href":"https:\/\/pcb.org.br\/portal2\/wp-json\/wp\/v2\/tags?post=19031"}],"curies":[{"name":"wp","href":"https:\/\/api.w.org\/{rel}","templated":true}]}}