{"id":19062,"date":"2018-03-16T23:04:20","date_gmt":"2018-03-17T02:04:20","guid":{"rendered":"https:\/\/pcb.org.br\/portal2\/?p=19062"},"modified":"2018-03-16T23:05:42","modified_gmt":"2018-03-17T02:05:42","slug":"cerrado-berco-das-aguas-na-rota-devastadora-do-capital","status":"publish","type":"post","link":"https:\/\/pcb.org.br\/portal2\/19062","title":{"rendered":"Cerrado, ber\u00e7o das \u00e1guas, na rota devastadora do capital"},"content":{"rendered":"<p><img decoding=\"async\" class=\"imagem\" title=\"imagem\" src=\"https:\/\/i0.wp.com\/viverevangelizando.com.br\/wp-content\/uploads\/2017\/11\/1891835069.png?w=660\" alt=\"imagem\" \/><!--more--><a href=\"http:\/\/www.ihu.unisinos.br\/576989-cerrado-berco-das-aguas-na-rota-devastadora-do-capital\" target=\"_blank\" rel=\"noopener\">IHU<\/a><\/p>\n<p>O acesso \u00e0 \u00e1gua pot\u00e1vel, ao saneamento e \u00e0 boa gest\u00e3o dos ecossistemas de \u00e1gua doce s\u00e3o essenciais para a sa\u00fade humana, para a sustentabilidade ambiental e para a prosperidade econ\u00f4mica, de acordo com a Organiza\u00e7\u00e3o das Na\u00e7\u00f5es Unidas (ONU). Contudo, ao redor do mundo, as comunidades est\u00e3o sendo despojadas dos direitos comunit\u00e1rios \u00e0 terra e \u00e0 \u00e1gua, e os mais pobres, especialmente os povos negros, ind\u00edgenas, as mulheres e as crian\u00e7as, sofrem impactos desproporcionais que aumentam ainda mais sua vulnerabilidade.<\/p>\n<p>A reportagem \u00e9 publicada por semcerrado.org, 14-03-2018.<\/p>\n<p>A quest\u00e3o central n\u00e3o \u00e9 a escassez em seus termos gerais, e sim um processo de explora\u00e7\u00e3o intensa e apropria\u00e7\u00e3o de \u00e1guas, no qual o recurso vai perdendo seu car\u00e1ter de bem comum e se tornando mercadoria, um instrumento de acumula\u00e7\u00e3o que tem como pressuposto sua privatiza\u00e7\u00e3o. At\u00e9 os executivos do F\u00f3rum Econ\u00f4mico Mundial de Davos tiveram de reconhecer que a agropecu\u00e1ria em larga escala j\u00e1 \u00e9 a respons\u00e1vel pelo consumo de 70% de toda a \u00e1gua doce dispon\u00edvel no planeta.<\/p>\n<p>As hist\u00f3ricas desigualdades no campo foram aprofundadas pelo agroneg\u00f3cio, formando cidades-polo de alt\u00edssimo PIB per capita (que cresceram ao passo que o \u00eaxodo rural aumentava), por\u00e9m nas quais a concentra\u00e7\u00e3o de terra e de renda, o alto desemprego, a falta de moradia e o prec\u00e1rio acesso a servi\u00e7os p\u00fablicos deixam os novos trabalhadores rurais \u2013 grande parte dos quais expulsos de suas terras pelo avan\u00e7o de latif\u00fandios \u2013 amea\u00e7ados pela pobreza e pela falta de oportunidades em meio a trabalho sazonal, mal pagos e sem prote\u00e7\u00e3o social. O caso de Correntina, na Bahia, cidade que recentemente protagonizou um conflito por \u00e1gua com repercuss\u00f5es nacionais e internacionais, \u00e9 exemplar: ao mesmo tempo que tem um PIB per capita anual superior a R$ 25 mil, a pobreza atinge 45% da popula\u00e7\u00e3o rural do munic\u00edpio e 31,8% da popula\u00e7\u00e3o em geral; o \u00edndice de Gini \u00e9 de 0,927 (muito elevado) e os latif\u00fandios ocupam 75,35% da \u00e1rea total dos estabelecimentos rurais.<\/p>\n<p>http:\/\/www.ihu.unisinos.br\/576989-cerrado-berco-das-aguas-na-rota-devastadora-do-capital<\/p>\n","protected":false},"excerpt":{"rendered":"<a class=\"moretag\" href=\"https:\/\/pcb.org.br\/portal2\/19062\"> <\/a>","protected":false},"author":1,"featured_media":0,"comment_status":"closed","ping_status":"closed","sticky":false,"template":"","format":"standard","meta":{"jetpack_post_was_ever_published":false,"_jetpack_newsletter_access":"","_jetpack_dont_email_post_to_subs":false,"_jetpack_newsletter_tier_id":0,"_jetpack_memberships_contains_paywalled_content":false,"_jetpack_memberships_contains_paid_content":false,"footnotes":"","jetpack_publicize_message":"","jetpack_publicize_feature_enabled":true,"jetpack_social_post_already_shared":true,"jetpack_social_options":{"image_generator_settings":{"template":"highway","default_image_id":0,"font":"","enabled":false},"version":2}},"categories":[239],"tags":[227],"class_list":["post-19062","post","type-post","status-publish","format-standard","hentry","category-ambiental","tag-5a"],"jetpack_publicize_connections":[],"jetpack_featured_media_url":"","jetpack_shortlink":"https:\/\/wp.me\/p659gw-4Xs","jetpack-related-posts":[],"jetpack_likes_enabled":true,"jetpack_sharing_enabled":true,"_links":{"self":[{"href":"https:\/\/pcb.org.br\/portal2\/wp-json\/wp\/v2\/posts\/19062","targetHints":{"allow":["GET"]}}],"collection":[{"href":"https:\/\/pcb.org.br\/portal2\/wp-json\/wp\/v2\/posts"}],"about":[{"href":"https:\/\/pcb.org.br\/portal2\/wp-json\/wp\/v2\/types\/post"}],"author":[{"embeddable":true,"href":"https:\/\/pcb.org.br\/portal2\/wp-json\/wp\/v2\/users\/1"}],"replies":[{"embeddable":true,"href":"https:\/\/pcb.org.br\/portal2\/wp-json\/wp\/v2\/comments?post=19062"}],"version-history":[{"count":0,"href":"https:\/\/pcb.org.br\/portal2\/wp-json\/wp\/v2\/posts\/19062\/revisions"}],"wp:attachment":[{"href":"https:\/\/pcb.org.br\/portal2\/wp-json\/wp\/v2\/media?parent=19062"}],"wp:term":[{"taxonomy":"category","embeddable":true,"href":"https:\/\/pcb.org.br\/portal2\/wp-json\/wp\/v2\/categories?post=19062"},{"taxonomy":"post_tag","embeddable":true,"href":"https:\/\/pcb.org.br\/portal2\/wp-json\/wp\/v2\/tags?post=19062"}],"curies":[{"name":"wp","href":"https:\/\/api.w.org\/{rel}","templated":true}]}}