{"id":19120,"date":"2018-03-22T10:13:27","date_gmt":"2018-03-22T13:13:27","guid":{"rendered":"https:\/\/pcb.org.br\/portal2\/?p=19120"},"modified":"2018-03-22T10:13:27","modified_gmt":"2018-03-22T13:13:27","slug":"privatizacao-da-agua-leva-ao-colapso-da-saude","status":"publish","type":"post","link":"https:\/\/pcb.org.br\/portal2\/19120","title":{"rendered":"Privatiza\u00e7\u00e3o da \u00e1gua leva ao colapso da sa\u00fade"},"content":{"rendered":"<p><img data-recalc-dims=\"1\" decoding=\"async\" class=\"imagem\" title=\"Privatiza\u00e7\u00e3o da \u00e1gua leva ao colapso da sa\u00fade\" src=\"https:\/\/i0.wp.com\/www.terrasemmales.com.br\/wp-content\/uploads\/2015\/11\/JOKA6578-777.jpg?w=747&#038;ssl=1\" alt=\"Privatiza\u00e7\u00e3o da \u00e1gua leva ao colapso da sa\u00fade\" \/><!--more--><a href=\"https:\/\/www.terrasemmales.com.br\/privatizacao-da-agua-leva-ao-colapso-da-saude\/\" target=\"_blank\" rel=\"noopener\">TERRAsemmales<\/a><\/p>\n<p><em>Agroneg\u00f3cio e minera\u00e7\u00e3o se utilizam de grande quantidade de \u00e1gua, contaminam rios e negam acesso \u00e0 popula\u00e7\u00e3o desse recurso indispens\u00e1vel \u00e0 vida<\/em><\/p>\n<p>O direito humano \u00e0 \u00e1gua se traduz no acesso \u00e0 \u00e1gua limpa e segura para toda e qualquer pessoa, com a garantia de suas necessidades b\u00e1sicas. Reconhecido na Assembleia Geral da Organiza\u00e7\u00e3o das Na\u00e7\u00f5es Unidas, em 2010, o acesso \u00e0 \u00e1gua para todos(as) torna-se invi\u00e1vel devido ao processo de mercantiliza\u00e7\u00e3o imposto por grandes corpora\u00e7\u00f5es.<\/p>\n<p>O capital internacional se vale de estrat\u00e9gias extrativistas para intensificar o saque, a contamina\u00e7\u00e3o e explora\u00e7\u00e3o dos bens naturais de pa\u00edses perif\u00e9ricos, como a \u00e1gua. E, nesse processo, s\u00e3o in\u00fameras as consequ\u00eancias na sa\u00fade da popula\u00e7\u00e3o.<\/p>\n<p><strong>Agroneg\u00f3cio<\/strong><\/p>\n<p>Para Sandra Cantanhede, coordenadora do setor de sa\u00fade do Movimento dos Trabalhadores Sem Terra (MST) do Distrito Federal e do FAMA, uma das principais causas de morte no campo \u00e9 a contamina\u00e7\u00e3o da \u00e1gua pelo uso intensivo de agrot\u00f3xicos. \u201cO envenenamento da \u00e1gua pelo uso intenso de agrot\u00f3xicos em grandes produ\u00e7\u00f5es agr\u00edcolas de grileiros causa doen\u00e7as e \u00f3bitos que se devem a contamina\u00e7\u00e3o da \u00e1gua\u201d, afirma.<\/p>\n<p>As estrat\u00e9gias das comunidades e popula\u00e7\u00f5es frente \u00e0 contamina\u00e7\u00e3o da \u00e1gua e degrada\u00e7\u00e3o da terra se constroem por meio da produ\u00e7\u00e3o agroecol\u00f3gica, uso da medicina natural, tendo como ferramenta plantas medicinais, e inserindo esse debate no \u00e2mbito educacional.<\/p>\n<p><strong>Minera\u00e7\u00e3o<\/strong><\/p>\n<p>A viola\u00e7\u00e3o do direito humano \u00e0 \u00e1gua se intensifica no contexto de atividades de minera\u00e7\u00e3o. Segundo dados da Comiss\u00e3o Pastoral da Terra (CPT), os conflitos por \u00e1gua no Brasil cresceram 150% entre 2011 e 2016. Esse relat\u00f3rio apontou, ainda, que mais da metade dos problemas (51,7%) decorre da atividade mineradora.<\/p>\n<p>\u201cDentro de toda essa realidade de degrada\u00e7\u00e3o, quem est\u00e1 na ponta desses efeitos negativos s\u00e3o sempre as mulheres. Elas caminham mais para conseguir \u00e1gua, s\u00e3o sobrecarregadas de trabalho para cuidar dos convalescidos e tem mais dificuldade para cultivar alimentos\u201d, relata Camila, Movimento pela Soberania Popular na Minera\u00e7\u00e3o (MAM) da Bahia.<\/p>\n<p>Na atividade mineradora, a \u00e1gua \u00e9 utilizada para beneficiar o min\u00e9rio e, no caso dos minerodutos, para realizar o transporte mineral. Os danos \u00e0s comunidades e popula\u00e7\u00f5es pelo uso indiscriminado da \u00e1gua por mineradoras compete na restri\u00e7\u00e3o ao acesso \u00e0 \u00e1gua necess\u00e1ria para realiza\u00e7\u00e3o de atividades que garantem a vida, destrui\u00e7\u00e3o de nascentes e rios, fornecimento insuficiente por parte do poder p\u00fablico, aus\u00eancia de qualidade da \u00e1gua fornecida.<\/p>\n<p>Esses impactos envenenam e\u00a0 impedem o desenvolvimento de vidas saud\u00e1veis, uma produ\u00e7\u00e3o de alimentos que garanta a soberania alimentar e, para al\u00e9m disso, a contamina\u00e7\u00e3o e dissemina\u00e7\u00e3o de doen\u00e7as atreladas a essa l\u00f3gica amea\u00e7a as popula\u00e7\u00f5es e fortalece o desenvolvimento de grandes corpora\u00e7\u00f5es internacionais.<\/p>\n<p><em>Por Eduarda Souza, do MAM<\/em><\/p>\n<p><em>Foto: Joka Madruga<\/em><\/p>\n<blockquote class=\"wp-embedded-content\" data-secret=\"SH2VyNLTkX\"><p><a href=\"https:\/\/www.terrasemmales.com.br\/privatizacao-da-agua-leva-ao-colapso-da-saude\/\">Privatiza\u00e7\u00e3o da \u00e1gua leva ao colapso da sa\u00fade<\/a><\/p><\/blockquote>\n<p><iframe loading=\"lazy\" class=\"wp-embedded-content\" sandbox=\"allow-scripts\" security=\"restricted\" style=\"position: absolute; clip: rect(1px, 1px, 1px, 1px);\" src=\"https:\/\/www.terrasemmales.com.br\/privatizacao-da-agua-leva-ao-colapso-da-saude\/embed\/#?secret=SH2VyNLTkX\" data-secret=\"SH2VyNLTkX\" width=\"600\" height=\"338\" title=\"&#8220;Privatiza\u00e7\u00e3o da \u00e1gua leva ao colapso da sa\u00fade&#8221; &#8212; Terra Sem Males\" frameborder=\"0\" marginwidth=\"0\" marginheight=\"0\" scrolling=\"no\"><\/iframe><\/p>\n","protected":false},"excerpt":{"rendered":"<a class=\"moretag\" href=\"https:\/\/pcb.org.br\/portal2\/19120\"> <\/a>","protected":false},"author":1,"featured_media":0,"comment_status":"closed","ping_status":"closed","sticky":false,"template":"","format":"standard","meta":{"jetpack_post_was_ever_published":false,"_jetpack_newsletter_access":"","_jetpack_dont_email_post_to_subs":false,"_jetpack_newsletter_tier_id":0,"_jetpack_memberships_contains_paywalled_content":false,"_jetpack_memberships_contains_paid_content":false,"footnotes":"","jetpack_publicize_message":"","jetpack_publicize_feature_enabled":true,"jetpack_social_post_already_shared":true,"jetpack_social_options":{"image_generator_settings":{"template":"highway","default_image_id":0,"font":"","enabled":false},"version":2}},"categories":[105],"tags":[234],"class_list":["post-19120","post","type-post","status-publish","format-standard","hentry","category-c118-privatizacao","tag-6b"],"jetpack_publicize_connections":[],"jetpack_featured_media_url":"","jetpack_shortlink":"https:\/\/wp.me\/p659gw-4Yo","jetpack-related-posts":[],"jetpack_likes_enabled":true,"jetpack_sharing_enabled":true,"_links":{"self":[{"href":"https:\/\/pcb.org.br\/portal2\/wp-json\/wp\/v2\/posts\/19120","targetHints":{"allow":["GET"]}}],"collection":[{"href":"https:\/\/pcb.org.br\/portal2\/wp-json\/wp\/v2\/posts"}],"about":[{"href":"https:\/\/pcb.org.br\/portal2\/wp-json\/wp\/v2\/types\/post"}],"author":[{"embeddable":true,"href":"https:\/\/pcb.org.br\/portal2\/wp-json\/wp\/v2\/users\/1"}],"replies":[{"embeddable":true,"href":"https:\/\/pcb.org.br\/portal2\/wp-json\/wp\/v2\/comments?post=19120"}],"version-history":[{"count":0,"href":"https:\/\/pcb.org.br\/portal2\/wp-json\/wp\/v2\/posts\/19120\/revisions"}],"wp:attachment":[{"href":"https:\/\/pcb.org.br\/portal2\/wp-json\/wp\/v2\/media?parent=19120"}],"wp:term":[{"taxonomy":"category","embeddable":true,"href":"https:\/\/pcb.org.br\/portal2\/wp-json\/wp\/v2\/categories?post=19120"},{"taxonomy":"post_tag","embeddable":true,"href":"https:\/\/pcb.org.br\/portal2\/wp-json\/wp\/v2\/tags?post=19120"}],"curies":[{"name":"wp","href":"https:\/\/api.w.org\/{rel}","templated":true}]}}