{"id":1914,"date":"2011-09-30T21:14:36","date_gmt":"2011-09-30T21:14:36","guid":{"rendered":"http:\/\/pcb.org.br\/portal2\/?p=1914"},"modified":"2011-09-30T21:14:36","modified_gmt":"2011-09-30T21:14:36","slug":"nota-de-repudio-ao-governador-cid-gomes","status":"publish","type":"post","link":"https:\/\/pcb.org.br\/portal2\/1914","title":{"rendered":"Nota de Repudio ao Governador Cid Gomes"},"content":{"rendered":"\n<p style=\"text-align: justify; \">O Comit\u00ea Regional do Partido Comunista Brasileiro, vem prestar total apoio e solidariedade aos Professores e Professoras do Estado do Cear\u00e1 em Greve h\u00e1 mais de 50 dias,\u00a0 e\u00a0 vem denunciar e repudiar a forma truculenta com que o Governador Cid Gomes do PSB e o Presidente da Assembleia, Deputado Estadual Roberto Cl\u00e1udio, tamb\u00e9m do PSB, determinaram que o Batalh\u00e3o de Choque invadisse a Assembleia Legislativa e agredissem violentamente os Professores(as) que estavam ocupando as galerias da dita \u201cCasa do Povo\u201d, lutando pela garantia dos seus direitos.<\/p>\n<p style=\"text-align: justify; \">O Comit\u00ea Regional do Partido Comunista Brasileiro reafirma sua posi\u00e7\u00e3o em favor da continuidade da greve, por entender que ilegal \u00e9 o n\u00e3o cumprimento da Lei do Piso, a n\u00e3o garantia formal de concretiza\u00e7\u00e3o e implementa\u00e7\u00e3o do conjunto de propostas levantadas pelos docentes.<\/p>\n<p>O C.R. do PCB, ratifica que o Governo do Estado do Cear\u00e1 se nega a aprovar a Lei do Piso sob o discurso de falta de recursos financeiros suficientes, o que \u00e9 uma total inverdade, uma vez que este mesmo governo gasta R$ 623 milh\u00f5es para reforma do est\u00e1dio Castel\u00e3o, R$ 270 milh\u00f5es para constru\u00e7\u00e3o do Novo Centro de Conven\u00e7\u00f5es, R$ 150 milh\u00f5es (sendo que 105 milh\u00f5es de d\u00f3lares foram garantidos por um empr\u00e9stimo realizado pelo governo junto a um banco privado) para constru\u00e7\u00e3o do Aqu\u00e1rio, R$ 25 milh\u00f5es para compra de 150 picapes Hilux para o Programa Ronda do Quarteir\u00e3o, bem como tantas outras medidas que, apenas atestam, a total falta de compromisso com a classe trabalhadora cearense.<\/p>\n<p>A greve, as lutas, as ocupa\u00e7\u00f5es s\u00e3o a \u00fanica maneira de n\u00f3s, trabalhadores, conseguirmos romper com a l\u00f3gica subserviente dos governos com rela\u00e7\u00e3o \u00e0s grandes empresas, s\u00e3o as \u00fanicas maneiras de conseguirmos garantir nossas vit\u00f3rias!<\/p>\n<p>N\u00e3o confiamos em governos que tratam a classe trabalhadora como bandidos, e a nossa resposta \u00e9: CID. CRIME \u00c9 N\u00c3O PAGAR O PISO DOS PROFESSORES!<\/p>\n<p>Enquanto n\u00e3o garantida nossas pautas, n\u00f3s declaramos:<\/p>\n<li>\n<p>Nossa casa \u00e9 a Assembleia Legislativa (A Casa do Povo e para o povo).<\/p>\n<\/li>\n<li>\n<p>Nosso caminho s\u00e3o as ruas ocupadas.<\/p>\n<\/li>\n<li>\n<p>E o nosso banquete s\u00e3o as pautas garantidas, a vit\u00f3ria.<\/p>\n<\/li>\n<p style=\"text-align: right; \">\u201cMais um passo a frente, nenhum passo atr\u00e1s,<\/p>\n<p style=\"text-align: right; \">a nossa vit\u00f3ria \u00e9 a gente quem faz!\u201d<\/p>\n","protected":false},"excerpt":{"rendered":"\n\n\nCr\u00e9dito: Di\u00e1rio do Nordeste\n\n\n\n\n\n\n\n\nPCB Cear\u00e1\n<a class=\"moretag\" href=\"https:\/\/pcb.org.br\/portal2\/1914\"> <\/a>","protected":false},"author":1,"featured_media":0,"comment_status":"open","ping_status":"open","sticky":false,"template":"","format":"standard","meta":{"jetpack_post_was_ever_published":false,"_jetpack_newsletter_access":"","_jetpack_dont_email_post_to_subs":false,"_jetpack_newsletter_tier_id":0,"_jetpack_memberships_contains_paywalled_content":false,"_jetpack_memberships_contains_paid_content":false,"footnotes":"","jetpack_publicize_message":"","jetpack_publicize_feature_enabled":true,"jetpack_social_post_already_shared":false,"jetpack_social_options":{"image_generator_settings":{"template":"highway","default_image_id":0,"font":"","enabled":false},"version":2}},"categories":[56],"tags":[],"class_list":["post-1914","post","type-post","status-publish","format-standard","hentry","category-c67-greve"],"jetpack_publicize_connections":[],"jetpack_featured_media_url":"","jetpack_shortlink":"https:\/\/wp.me\/p659gw-uS","jetpack-related-posts":[],"jetpack_likes_enabled":true,"jetpack_sharing_enabled":true,"_links":{"self":[{"href":"https:\/\/pcb.org.br\/portal2\/wp-json\/wp\/v2\/posts\/1914","targetHints":{"allow":["GET"]}}],"collection":[{"href":"https:\/\/pcb.org.br\/portal2\/wp-json\/wp\/v2\/posts"}],"about":[{"href":"https:\/\/pcb.org.br\/portal2\/wp-json\/wp\/v2\/types\/post"}],"author":[{"embeddable":true,"href":"https:\/\/pcb.org.br\/portal2\/wp-json\/wp\/v2\/users\/1"}],"replies":[{"embeddable":true,"href":"https:\/\/pcb.org.br\/portal2\/wp-json\/wp\/v2\/comments?post=1914"}],"version-history":[{"count":0,"href":"https:\/\/pcb.org.br\/portal2\/wp-json\/wp\/v2\/posts\/1914\/revisions"}],"wp:attachment":[{"href":"https:\/\/pcb.org.br\/portal2\/wp-json\/wp\/v2\/media?parent=1914"}],"wp:term":[{"taxonomy":"category","embeddable":true,"href":"https:\/\/pcb.org.br\/portal2\/wp-json\/wp\/v2\/categories?post=1914"},{"taxonomy":"post_tag","embeddable":true,"href":"https:\/\/pcb.org.br\/portal2\/wp-json\/wp\/v2\/tags?post=1914"}],"curies":[{"name":"wp","href":"https:\/\/api.w.org\/{rel}","templated":true}]}}