{"id":19140,"date":"2018-03-23T22:08:14","date_gmt":"2018-03-24T01:08:14","guid":{"rendered":"https:\/\/pcb.org.br\/portal2\/?p=19140"},"modified":"2018-03-23T22:08:14","modified_gmt":"2018-03-24T01:08:14","slug":"aniversario-de-96-anos-do-pcb-e-lancamento-de-nova-sede-em-goias","status":"publish","type":"post","link":"https:\/\/pcb.org.br\/portal2\/19140","title":{"rendered":"Anivers\u00e1rio de 96 anos do PCB e lan\u00e7amento de nova sede em Goi\u00e1s"},"content":{"rendered":"<p><img decoding=\"async\" class=\"imagem\" title=\"Anivers\u00e1rio de 96 anos do PCB e lan\u00e7amento de nova sede em Goi\u00e1s\" src=\"https:\/\/lh3.googleusercontent.com\/axvnBv4r332noQQm3O9_LXHx8jddV0Fg4HBZl1MIo6CNlo0_4sa_1PvbFzebiQZCWX_EHeb7T2B4HipxUIJMHVOM2Lh6oKYoD888L2ocTMHpDcHkwl1tkaf-C0NSUCdnl9SaRPZYF9Snj6BPqFboqHAthRnLC489WA8-xQlDy5QfAIVykKQAVa1pW91e8_e51MUfrEpW-uS6Q4QKZUjRyxoPuVP0f-FrVfkr3JyVdZZOBcsyvnKt4hUdULpXqlOdtjTrPJgGuWEm3B8VM8wwRtJMeihlBbbSTRQ-IP_8qz0HiEs-SWceYvJTv8W-W-FMk2SHeRw5-EdwxJjdmqWet9Ljia-MsVNkDul1mrZCx0a4Lxpj0E0zDfzEWEaskgGDU05a83i9MbOQHk9NAkr5XSUViG6itUQWFNTauDRqGa2x_E6938RYnVHJSz6gK8CrI1a_pGdFN02k5m46aLInPDmYxY62gjCQqAROOPMRdnZxkFO2hwl88DNB5GJ8pzhXquDSQGBdHiozBaxPq8Ni7pPaSjV4UyIi6Zc0BXjBkzaVrVgM65OF89bdaEj8Idhfq1sIjAlnfJivRkqYRQCjTxxJymPYy3InQQ4zbx2H83EvZiIdqahqHlhRLRUbw_93e2GZqBitG3jcMSy_Wbbw0SuRAQca8RZZTg=w820-h312-no\" alt=\"Anivers\u00e1rio de 96 anos do PCB e lan\u00e7amento de nova sede em Goi\u00e1s\" \/><!--more--><\/p>\n<p>Neste dia 24 de mar\u00e7o o PCB-Partido Comunista Brasileiro celebra seus 96 anos de funda\u00e7\u00e3o e 18 anos de sua reorganiza\u00e7\u00e3o em Goi\u00e1s. A atra\u00e7\u00e3o principal desta comemora\u00e7\u00e3o \u00e9 o lan\u00e7amento da nova sede do partido, que agora funcionar\u00e1 no Centro de Goi\u00e2nia, ao lado da Pra\u00e7a do Bandeirante. Segundo o Secret\u00e1rio de Organiza\u00e7\u00e3o do Partido em Goi\u00e1s, Paulo Win\u00edcius &#8220;Maskote&#8221;, &#8220;O espa\u00e7o sediar\u00e1 tamb\u00e9m uma Escola de Forma\u00e7\u00e3o Pol\u00edtica, bem como coletivos de luta sindical, de juventude, da luta LGBT e feminista&#8221;.<\/p>\n<p>Segundo Maskote, &#8220;o PCB comp\u00f5e a chamada &#8220;Oposi\u00e7\u00e3o \u00e0 esquerda&#8221; na pol\u00edtica goiana e brasileira, ao lado de PSOl e PSTU, por n\u00e3o nos alinharmos nem com a direita (PSDB, DEM, PMDB&#8230;) e nem com a Esquerda que se amoldou \u00e0 ordem dominante (PT, PC do B&#8230;). Continuamos afirmando a atualidade da revolu\u00e7\u00e3o socialista e a indispens\u00e1vel derrubada do capitalismo&#8221;.<\/p>\n<p>O dirigente comunista reafirma que &#8221; o PCB, que em Goi\u00e1s j\u00e1 teve por tr\u00eas oportunidades candidatura pr\u00f3pria ao Governo Estadual &#8211; com Paulo Vilar em 1986 e com a professora Marta Jane em 2010 e 2014 -, aponta a necessidade de unidade do campo da esquerda socialista. &#8220;Estaremos na Coliga\u00e7\u00e3o Boulos-Guajajara para Presid\u00eancia da Rep\u00fablica, e em Goi\u00e1s apresentaremos nossos nomes para aprecia\u00e7\u00e3o das for\u00e7as de esquerda, sendo que o fundamental, mais que nomes, \u00e9 o programa pol\u00edtico, que enfrente as diversas candidaturas da direita : Z\u00e9 Eliton, Caiado e Daniel Vilela&#8221;.<\/p>\n<p><strong>Homenagem a militantes comunistas hist\u00f3ricos<\/strong><\/p>\n<p>Na ocasi\u00e3o o PCB ir\u00e1 tamb\u00e9m homenagear v\u00e1rios(as) militantes comunistas que constru\u00edram a hist\u00f3ria de lutas do Partido em Goi\u00e1s, sendo por isso presos e torturados pela Ditadura Militar. Ser\u00e3o entregues honrarias a 04 militantes que entregaram suas vidas, em diferentes momentos, desde a d\u00e9cada de 1940, \u00e0s lutas sociais em Goi\u00e1s, como o professor Horieste Gomes, Dirce Machado, Roberto Prateado, e tamb\u00e9m ao dirigente nacional Dinarco Reis Filho, que veio do Rio de Janeiro especificamente para essa atividade.<\/p>\n<p>Segundo Marta Jane, Secret\u00e1ria Pol\u00edtica do PCB e ex-vereadora por Goi\u00e2nia: &#8220;Tal atividade soma-se ao anivers\u00e1rio de 96 anos do PCB, o partido mais antigo do Brasil, onde\u00a0rendemos homenagem aqueles(as) que contribu\u00edram, de forma revolucion\u00e1ria, no campo e nas cidades, com as lutas do nosso povo por emancipa\u00e7\u00e3o!&#8221;<\/p>\n<p><strong>EVENTO : Inaugura\u00e7\u00e3o da sede do PCB e celebra\u00e7\u00e3o de seus 96 anos<\/strong><\/p>\n<p>DATA: 24 de Mar\u00e7o &#8211; S\u00e1bado<\/p>\n<p>Hor\u00e1rio : 9 horas<\/p>\n<p>LOCAL: Sede do PCB &#8211; Edif\u00edcio Moacir Telles 8\u00ba Andar Sala 810. Avenida Anhanguera n. 5110, cruzamento com Avenida Goi\u00e1s, em frente a esta\u00e7\u00e3o do Eixo Anhanguera<\/p>\n<p>Contatos PCB : Paulo Maskote 9 9344 9245<\/p>\n<p>Walmir Barbosa 9 9992 0605<\/p>\n","protected":false},"excerpt":{"rendered":"<a class=\"moretag\" href=\"https:\/\/pcb.org.br\/portal2\/19140\"> <\/a>","protected":false},"author":1,"featured_media":0,"comment_status":"closed","ping_status":"closed","sticky":false,"template":"","format":"standard","meta":{"jetpack_post_was_ever_published":false,"_jetpack_newsletter_access":"","_jetpack_dont_email_post_to_subs":false,"_jetpack_newsletter_tier_id":0,"_jetpack_memberships_contains_paywalled_content":false,"_jetpack_memberships_contains_paid_content":false,"footnotes":"","jetpack_publicize_message":"","jetpack_publicize_feature_enabled":true,"jetpack_social_post_already_shared":true,"jetpack_social_options":{"image_generator_settings":{"template":"highway","default_image_id":0,"font":"","enabled":false},"version":2}},"categories":[23],"tags":[225],"class_list":["post-19140","post","type-post","status-publish","format-standard","hentry","category-c29-organizacao","tag-4a"],"jetpack_publicize_connections":[],"jetpack_featured_media_url":"","jetpack_shortlink":"https:\/\/wp.me\/p659gw-4YI","jetpack-related-posts":[],"jetpack_likes_enabled":true,"jetpack_sharing_enabled":true,"_links":{"self":[{"href":"https:\/\/pcb.org.br\/portal2\/wp-json\/wp\/v2\/posts\/19140","targetHints":{"allow":["GET"]}}],"collection":[{"href":"https:\/\/pcb.org.br\/portal2\/wp-json\/wp\/v2\/posts"}],"about":[{"href":"https:\/\/pcb.org.br\/portal2\/wp-json\/wp\/v2\/types\/post"}],"author":[{"embeddable":true,"href":"https:\/\/pcb.org.br\/portal2\/wp-json\/wp\/v2\/users\/1"}],"replies":[{"embeddable":true,"href":"https:\/\/pcb.org.br\/portal2\/wp-json\/wp\/v2\/comments?post=19140"}],"version-history":[{"count":0,"href":"https:\/\/pcb.org.br\/portal2\/wp-json\/wp\/v2\/posts\/19140\/revisions"}],"wp:attachment":[{"href":"https:\/\/pcb.org.br\/portal2\/wp-json\/wp\/v2\/media?parent=19140"}],"wp:term":[{"taxonomy":"category","embeddable":true,"href":"https:\/\/pcb.org.br\/portal2\/wp-json\/wp\/v2\/categories?post=19140"},{"taxonomy":"post_tag","embeddable":true,"href":"https:\/\/pcb.org.br\/portal2\/wp-json\/wp\/v2\/tags?post=19140"}],"curies":[{"name":"wp","href":"https:\/\/api.w.org\/{rel}","templated":true}]}}