{"id":19147,"date":"2018-03-23T22:20:33","date_gmt":"2018-03-24T01:20:33","guid":{"rendered":"https:\/\/pcb.org.br\/portal2\/?p=19147"},"modified":"2018-03-23T22:20:33","modified_gmt":"2018-03-24T01:20:33","slug":"moradores-de-favelas-se-articulam-para-criar-a-comissao-popular-da-verdade-no-rio","status":"publish","type":"post","link":"https:\/\/pcb.org.br\/portal2\/19147","title":{"rendered":"Moradores de favelas se articulam para criar a Comiss\u00e3o Popular da Verdade no Rio"},"content":{"rendered":"<p><img decoding=\"async\" class=\"imagem\" title=\"Moradores de favelas se articulam para criar a Comiss\u00e3o Popular da Verdade no Ri\" src=\"https:\/\/i0.wp.com\/www.redebrasilatual.com.br\/cidadania\/2018\/03\/moradores-de-favelas-se-articulam-para-criar-a-comissao-popular-da-verdade-no-rio\/intervencao-militar-no-rio\/image_preview\" alt=\"Moradores de favelas se articulam para criar a Comiss\u00e3o Popular da Verdade no Ri\" \/><!--more-->Organiza\u00e7\u00e3o da comiss\u00e3o se mostra ainda mais urgente depois do assassinato da vereadora Marielle Franco<br \/>\npor Mariana Pitasse<\/p>\n<p><a href=\"https:\/\/www.brasildefato.com.br\/2018\/03\/21\/moradores-de-favelas-se-articulam-para-criar-a-comissao-popular-da-verdade-no-rio\/\" target=\"_blank\" rel=\"noopener\">Brasil de Fato<\/a>\u00a0\u2013 Com objetivo de acompanhar de perto e denunciar as viola\u00e7\u00f5es aos direitos humanos cometidas pelo Ex\u00e9rcito durante a interven\u00e7\u00e3o militar no Rio de Janeiro, est\u00e1 sendo articulada a cria\u00e7\u00e3o da Comiss\u00e3o Popular da Verdade. Seu\u00a0nome faz refer\u00eancia \u00e0 Comiss\u00e3o Nacional da Verdade, criada em 2011 para apurar viola\u00e7\u00f5es ocorridas na ditadura militar.<\/p>\n<p>A Comiss\u00e3o Popular tem sido constru\u00edda por moradores das favelas, movimentos populares, organiza\u00e7\u00f5es de direitos humanos, universidades, institui\u00e7\u00f5es de pesquisa e diversos mandatos parlamentares. Shirley Muriel, moradora da Rocinha e membro do Coletivo de Favelas, participa da constru\u00e7\u00e3o da Comiss\u00e3o. Para ela, esse \u00e9 um espa\u00e7o muito importante para que os mais pobres consigam sobreviver e resistir \u00e0 interven\u00e7\u00e3o militar no dia a dia.<\/p>\n<p>\u201cAntes a gente conseguia denunciar nos minist\u00e9rios e na\u00a0Defensoria\u00a0P\u00fablica, mas a gente n\u00e3o tinha uma organiza\u00e7\u00e3o com pessoas de outras favelas. Ent\u00e3o, a comiss\u00e3o vem com o prop\u00f3sito de unir for\u00e7as de v\u00e1rias organiza\u00e7\u00f5es para trabalhar pela seguran\u00e7a do povo\u201d, explica.<\/p>\n<p>Uma das maiores preocupa\u00e7\u00f5es de Shirley com a interven\u00e7\u00e3o \u00e9 o aumento da persegui\u00e7\u00e3o e restri\u00e7\u00e3o de liberdades aos moradores das favelas.<\/p>\n<p>\u201cCada dia estamos com mais medo. A Rocinha est\u00e1 passando por um processo de viol\u00eancia, j\u00e1 tivemos outras interven\u00e7\u00f5es l\u00e1 com o Ex\u00e9rcito e s\u00f3 piora a viol\u00eancia. Quando fazemos manifesta\u00e7\u00e3o no outro dia vem bomba, vem tiro, vem todo o processo de repress\u00e3o do estado em cima da gente. Estamos sendo controlados, estamos com medo. A morte da\u00a0Marielle\u00a0nos deixou com mais medo ainda\u201d, desabafa.<\/p>\n<p>A Comiss\u00e3o Popular da Verdade se re\u00fane justamente a partir da necessidade de construir um espa\u00e7o de den\u00fancia que n\u00e3o precise esperar\u00a0o\u00a0fim da interven\u00e7\u00e3o militar para come\u00e7ar a atuar, segundo\u00a0Fernanda\u00a0Pradal, professora de Direito da PUC-Rio e pesquisadora do N\u00facleo de Direitos Humanos,<\/p>\n<p>\u201cUma Comiss\u00e3o Popular da Verdade do tempo presente pode fazer frente ao aprofundamento da situa\u00e7\u00e3o de viola\u00e7\u00f5es sistem\u00e1ticas de direitos pelas for\u00e7as de seguran\u00e7a, ao afirmar que n\u00e3o haver\u00e1 silenciamento e imposi\u00e7\u00e3o de esquecimento sobre essas a\u00e7\u00f5es\u201d, explica.<\/p>\n<p>A Comiss\u00e3o Popular foi pensada em resposta \u00e0 declara\u00e7\u00e3o do general Eduardo Villas\u00a0B\u00f4as, que reivindicou \u201cgarantia aos militares para agir sem o risco de surgir uma nova Comiss\u00e3o da Verdade no futuro\u201d, como aconteceu 30 anos depois do fim da ditadura militar.\u00a0Sua organiza\u00e7\u00e3o se mostrou ainda mais urgente depois do assassinato da vereadora\u00a0Marielle\u00a0Franco, do PSOL.<\/p>\n<p>Segundo\u00a0Lucas Pedretti, militante do Coletivo Mem\u00f3ria, Verdade e Justi\u00e7a do Rio de Janeiro, o grupo tem se organizado na tentativa de criar uma unidade entre as frentes que est\u00e3o agindo para denunciar as amea\u00e7as aos direitos humanos no contexto de interven\u00e7\u00e3o militar.<\/p>\n<p>\u201cA morte da\u00a0Marielle\u00a0foi um acontecimento brutal e tr\u00e1gico, que pegou todo mundo de surpresa e, sem d\u00favida, muda muito a conjuntura. Estamos vendo um momento de radicaliza\u00e7\u00e3o da viol\u00eancia. Uma das coisas que temos clareza \u00e9 que se torna fundamental unificar as iniciativas, precisamos nos fortalecer ainda mais\u201d, afirma.<\/p>\n","protected":false},"excerpt":{"rendered":"<a class=\"moretag\" href=\"https:\/\/pcb.org.br\/portal2\/19147\"> <\/a>","protected":false},"author":1,"featured_media":0,"comment_status":"closed","ping_status":"closed","sticky":false,"template":"","format":"standard","meta":{"jetpack_post_was_ever_published":false,"_jetpack_newsletter_access":"","_jetpack_dont_email_post_to_subs":false,"_jetpack_newsletter_tier_id":0,"_jetpack_memberships_contains_paywalled_content":false,"_jetpack_memberships_contains_paid_content":false,"footnotes":"","jetpack_publicize_message":"","jetpack_publicize_feature_enabled":true,"jetpack_social_post_already_shared":true,"jetpack_social_options":{"image_generator_settings":{"template":"highway","default_image_id":0,"font":"","enabled":false},"version":2}},"categories":[244],"tags":[219],"class_list":["post-19147","post","type-post","status-publish","format-standard","hentry","category-violencia","tag-manchete"],"jetpack_publicize_connections":[],"jetpack_featured_media_url":"","jetpack_shortlink":"https:\/\/wp.me\/p659gw-4YP","jetpack-related-posts":[],"jetpack_likes_enabled":true,"jetpack_sharing_enabled":true,"_links":{"self":[{"href":"https:\/\/pcb.org.br\/portal2\/wp-json\/wp\/v2\/posts\/19147","targetHints":{"allow":["GET"]}}],"collection":[{"href":"https:\/\/pcb.org.br\/portal2\/wp-json\/wp\/v2\/posts"}],"about":[{"href":"https:\/\/pcb.org.br\/portal2\/wp-json\/wp\/v2\/types\/post"}],"author":[{"embeddable":true,"href":"https:\/\/pcb.org.br\/portal2\/wp-json\/wp\/v2\/users\/1"}],"replies":[{"embeddable":true,"href":"https:\/\/pcb.org.br\/portal2\/wp-json\/wp\/v2\/comments?post=19147"}],"version-history":[{"count":0,"href":"https:\/\/pcb.org.br\/portal2\/wp-json\/wp\/v2\/posts\/19147\/revisions"}],"wp:attachment":[{"href":"https:\/\/pcb.org.br\/portal2\/wp-json\/wp\/v2\/media?parent=19147"}],"wp:term":[{"taxonomy":"category","embeddable":true,"href":"https:\/\/pcb.org.br\/portal2\/wp-json\/wp\/v2\/categories?post=19147"},{"taxonomy":"post_tag","embeddable":true,"href":"https:\/\/pcb.org.br\/portal2\/wp-json\/wp\/v2\/tags?post=19147"}],"curies":[{"name":"wp","href":"https:\/\/api.w.org\/{rel}","templated":true}]}}