{"id":1915,"date":"2011-10-01T22:40:18","date_gmt":"2011-10-01T22:40:18","guid":{"rendered":"http:\/\/pcb.org.br\/portal2\/?p=1915"},"modified":"2011-10-01T22:40:18","modified_gmt":"2011-10-01T22:40:18","slug":"desafio-popular-em-massa-e-organizado-ao-imposto-de-capitacao","status":"publish","type":"post","link":"https:\/\/pcb.org.br\/portal2\/1915","title":{"rendered":"Desafio popular em massa e organizado ao imposto de capita\u00e7\u00e3o"},"content":{"rendered":"\n<p>Milhares de pessoas participaram ontem nas manifesta\u00e7\u00f5es organizadas em pelos sindicatos com orienta\u00e7\u00e3o de classe \u2013 em Atenas, Sal\u00f3nica e outras cidades gregas \u2013 contra o novo roubo fiscal que leva o povo \u00e0 bancarrota. Trabalhadores, desempregados, auto-empregados, estudantes, pensionistas reunidos pelos seus sindicatos, comit\u00e9s populares de vizinhan\u00e7a e organiza\u00e7\u00f5es de massa cumpriram a recusa organizada a pagar os impostos de capita\u00e7\u00e3o pela queima das notifica\u00e7\u00f5es de pagamento e exigiram que aqueles que criaram a crise fossem \u00e0 bancarrota \u2013 a plutocracia e seus representantes.<\/p>\n<p>Deve ser notado que na quinta-feira \u00e0 tarde a nova lei para a tributa\u00e7\u00e3o da propriedade foi aprovada no parlamento enquanto o governo est\u00e1 a pressionar em favor de um novo projecto de lei sobre tributa\u00e7\u00e3o a fim de servir a plutocracia. Na verdade, este imposto ser\u00e1 incorporado \u00e0 conta da electricidade, com a amea\u00e7a de que aqueles que n\u00e3o a pagarem ter\u00e3o a sua electricidade cortada. Al\u00e9m disso, as novas medidas predat\u00f3rias inclu\u00edram uma redu\u00e7\u00e3o do patamar livre de imposto para 5000 euros \u2013 o que significa que o patamar \u00e9 de um rendimento de 357 euros por m\u00eas, aboli\u00e7\u00e3o de dedu\u00e7\u00f5es fiscais (ex. despesas de arrendamento), aumentos de IVA, etc.<\/p>\n<p>Na sua declara\u00e7\u00e3o, o Gabinete de Imprensa do Comit\u00e9 Central do KKE observa: &#8220;A bancarrota descontrolada da fam\u00edlia popular \u00e9 uma realidade&#8221; e acrescenta: &#8220;O comportamento fiscal violento do governo \u00e9 mais uma pe\u00e7a de evid\u00eancia de que a ofensiva anti-povo n\u00e3o \u00e9 tempor\u00e1ria e ser\u00e1 escalada sem uma data de finaliza\u00e7\u00e3o. Os pensionistas pobres com 400 euros por m\u00eas est\u00e3o a ser convocados a pagar impostos, pessoas que tentam sobreviver com rendimentos mais baixos do que a linha oficial de pobreza. Os trabalhadores devem possuir apenas o b\u00e1sico, simplesmente para serem capazes de apresentar-se outra vez ao trabalho. Todo o resto deve ser retornado aos industriais, aos banqueiros, aos propriet\u00e1rios de navios&#8230;<\/p>\n<p>Ao mesmo tempo, o governo, ap\u00f3s uma redu\u00e7\u00e3o provocat\u00f3ria das taxas de imposto sobre os lucros do grande capital, est\u00e1 a estudar novos cortes na sua fiscalidade. Ele j\u00e1 anunciou zonas especiais \u2013 para\u00edsos fiscais para o capital, onde a tributa\u00e7\u00e3o de lucros ser\u00e1 reduzida ainda mais e onde n\u00e3o haver\u00e1 negocia\u00e7\u00e3o de acordos colectivos de trabalho. Esta linha pol\u00edtica \u00e9 o caminho \u00fanico para os monop\u00f3lios. O caminho \u00fanico para o povo \u00e9 de a crise ser paga pelo grande capital, o qual hoje contribui com menos de 2,8 mil milh\u00f5es de euros de impostos por ano, quando o imposto de rendimento geral \u00e9 de mis de 50 mil milh\u00f5es de euros. Os propriet\u00e1rios de navios, bancos e industriais devem ser tributados substancialmente e directamente.<\/p>\n<p>A \u00fanica obriga\u00e7\u00e3o que o povo tem \u00e9 levantar a sua cabe\u00e7a, combater pelos seus direitos. Toda pessoa consciente dos estratos populares tem a responsabilidade de se recusar a pagar os injustos impostos de capita\u00e7\u00e3o, impedir a implementa\u00e7\u00e3o das medidas b\u00e1rbaras. Tomar parte na luta da classe trabalhadores organizada nos lugares de trabalhos e bairros populares de modo a que uma forte alian\u00e7a popular seja formada por trabalhadores, auto-empregados na cidade e zonas rurais, juventude, mulheres para o derrube do poder dos monop\u00f3lios, retirada da UE com poder do povo.<\/p>\n<p>A actividade para o derrube da linha pol\u00edtica b\u00e1rbara continua com a prepara\u00e7\u00e3o da greve no sector p\u00fablico e antigas empresas estatais em 5 de Outubro e de uma greve geral \u00e0 escala nacional em 19 de Outubro.<\/p>\n<p>29\/Setembro\/2011 <strong>O original encontra-se em\u00a0<a href=\"http:\/\/inter.kke.gr\/News\/news2011\/2011-09-29-info\" target=\"_blank\">http:\/\/inter.kke.gr\/News\/news2011\/2011-09-29-info<\/a> <\/strong><\/p>\n<p><strong>Esta not\u00edcia encontra-se em\u00a0<a href=\"http:\/\/resistir.info\/\" target=\"_blank\">http:\/\/resistir.info\/<\/a> .<\/strong><\/p>\n","protected":false},"excerpt":{"rendered":"\n\n\nCr\u00e9dito: Resistir.info\n\n\n\n\n\n\n\n\nKKE\n<a class=\"moretag\" href=\"https:\/\/pcb.org.br\/portal2\/1915\"> <\/a>","protected":false},"author":1,"featured_media":0,"comment_status":"open","ping_status":"open","sticky":false,"template":"","format":"standard","meta":{"jetpack_post_was_ever_published":false,"_jetpack_newsletter_access":"","_jetpack_dont_email_post_to_subs":false,"_jetpack_newsletter_tier_id":0,"_jetpack_memberships_contains_paywalled_content":false,"_jetpack_memberships_contains_paid_content":false,"footnotes":"","jetpack_publicize_message":"","jetpack_publicize_feature_enabled":true,"jetpack_social_post_already_shared":false,"jetpack_social_options":{"image_generator_settings":{"template":"highway","default_image_id":0,"font":"","enabled":false},"version":2}},"categories":[37],"tags":[],"class_list":["post-1915","post","type-post","status-publish","format-standard","hentry","category-c42-comunistas"],"jetpack_publicize_connections":[],"jetpack_featured_media_url":"","jetpack_shortlink":"https:\/\/wp.me\/p659gw-uT","jetpack-related-posts":[],"jetpack_likes_enabled":true,"jetpack_sharing_enabled":true,"_links":{"self":[{"href":"https:\/\/pcb.org.br\/portal2\/wp-json\/wp\/v2\/posts\/1915","targetHints":{"allow":["GET"]}}],"collection":[{"href":"https:\/\/pcb.org.br\/portal2\/wp-json\/wp\/v2\/posts"}],"about":[{"href":"https:\/\/pcb.org.br\/portal2\/wp-json\/wp\/v2\/types\/post"}],"author":[{"embeddable":true,"href":"https:\/\/pcb.org.br\/portal2\/wp-json\/wp\/v2\/users\/1"}],"replies":[{"embeddable":true,"href":"https:\/\/pcb.org.br\/portal2\/wp-json\/wp\/v2\/comments?post=1915"}],"version-history":[{"count":0,"href":"https:\/\/pcb.org.br\/portal2\/wp-json\/wp\/v2\/posts\/1915\/revisions"}],"wp:attachment":[{"href":"https:\/\/pcb.org.br\/portal2\/wp-json\/wp\/v2\/media?parent=1915"}],"wp:term":[{"taxonomy":"category","embeddable":true,"href":"https:\/\/pcb.org.br\/portal2\/wp-json\/wp\/v2\/categories?post=1915"},{"taxonomy":"post_tag","embeddable":true,"href":"https:\/\/pcb.org.br\/portal2\/wp-json\/wp\/v2\/tags?post=1915"}],"curies":[{"name":"wp","href":"https:\/\/api.w.org\/{rel}","templated":true}]}}