{"id":19186,"date":"2018-03-28T05:14:40","date_gmt":"2018-03-28T08:14:40","guid":{"rendered":"https:\/\/pcb.org.br\/portal2\/?p=19186"},"modified":"2018-04-02T19:49:47","modified_gmt":"2018-04-02T22:49:47","slug":"pcb-condena-as-acoes-protofascistas-contra-a-caravana-de-lula","status":"publish","type":"post","link":"https:\/\/pcb.org.br\/portal2\/19186","title":{"rendered":"PCB condena as a\u00e7\u00f5es protofascistas contra a caravana de Lula"},"content":{"rendered":"<p><img decoding=\"async\" class=\"imagem\" title=\"PCB condena as a\u00e7\u00f5es protofascistas contra a caravana de Lula\" src=\"https:\/\/i0.wp.com\/www.causaoperaria.org.br\/wp-content\/uploads\/2017\/05\/fora-galinhas-verdes.gif\" alt=\"PCB condena as a\u00e7\u00f5es protofascistas contra a caravana de Lula\" \/><!--more-->O Partido Comunista Brasileiro (PCB) manifesta seu rep\u00fadio e indigna\u00e7\u00e3o contra as hordas protofascistas que, com \u00f3dio e viol\u00eancia, v\u00eam atacando a caravana de Lula e do Partido dos Trabalhadores na regi\u00e3o Sul do pa\u00eds. Essas mil\u00edcias parafascistas, alimentadas pelas for\u00e7as que deram o golpe em 2016 no Brasil e que incluem simpatizantes do candidato Jair Bolsonaro, integrantes do MBL e de outros grupos de extrema-direita, buscam espalhar o terror n\u00e3o apenas contra a caravana de Lula, mas contra todo e qualquer direito de manifesta\u00e7\u00e3o democr\u00e1tica.<\/p>\n<p>O Brasil inteiro \u00e9 testemunha das agress\u00f5es f\u00edsicas e da utiliza\u00e7\u00e3o de chicotes contra mulheres e manifestantes em geral, inclusive ferindo v\u00e1rios deles; lan\u00e7amento de pedras, ovos, tiros e roj\u00f5es contra os \u00f4nibus da caravana, al\u00e9m da utiliza\u00e7\u00e3o de carros, camionetas e tratores agr\u00edcolas para obstruir o caminho da manifesta\u00e7\u00e3o. Tudo isso acontece, na maioria das vezes, sob os olhares complacentes da Pol\u00edcia, cuja a\u00e7\u00e3o \u00e9 truculenta contra manifesta\u00e7\u00f5es pac\u00edficas da esquerda, mas se mostra passiva, conivente e c\u00famplice em rela\u00e7\u00e3o \u00e0 viol\u00eancia da direita.<\/p>\n<p>O PCB compreende que essas a\u00e7\u00f5es tamb\u00e9m fazem parte de uma escalada conservadora no pa\u00eds, por meio da qual grupos parafascistas est\u00e3o cada vez mais ousados e agressivos n\u00e3o apenas contra a caravana de Lula, mas especialmente contra todos aqueles que lutam pelas liberdades democr\u00e1ticas e o socialismo no Brasil. A experi\u00eancia hist\u00f3rica nos ensina que \u00e9 fundamental a mais ampla condena\u00e7\u00e3o a essas a\u00e7\u00f5es da extrema direita por todas as for\u00e7as de esquerda. O PCB n\u00e3o apoia a candidatura do PT \u00e0 presid\u00eancia, mas defende o direito de Lula ser candidato e o direito democr\u00e1tico de manifesta\u00e7\u00e3o pol\u00edtica dos militantes do Partido dos Trabalhadores. Hoje essas a\u00e7\u00f5es se voltam contra o PT, amanh\u00e3 poder\u00e3o se voltar contra a esquerda mais consequente. Ali\u00e1s, a execu\u00e7\u00e3o da Vereadora Marielle Franco, do PSOL, \u00e9 prova de que as liberdades democr\u00e1ticas est\u00e3o seriamente amea\u00e7adas no Brasil de hoje.<\/p>\n<p>Ressaltamos que n\u00e3o se pode tratar o fascismo com flores, boas maneiras ou apelos ao bom senso. As mil\u00edcias fascistas e nazistas de Mussolini e Hitler tamb\u00e9m come\u00e7aram assim e depois passaram a queimar sedes sindicais, dos partidos comunistas, socialistas e dos anarquistas, levando o mundo \u00e0 barb\u00e1rie. Portanto, n\u00e3o basta se lamentar ou denunciar esses atos: \u00e9 fundamental reagir mais corajosamente a essas a\u00e7\u00f5es para desestimular e neutralizar os grupos protofascistas ainda no nascedouro.<\/p>\n<p><strong>Nenhum passo atr\u00e1s! Agir sem medo para derrotar o fascismo!<\/strong><\/p>\n<p><strong>Secretariado Pol\u00edtico Nacional do Partido Comunista Brasileiro &#8211; PCB<\/strong><\/p>\n","protected":false},"excerpt":{"rendered":"<a class=\"moretag\" href=\"https:\/\/pcb.org.br\/portal2\/19186\"> <\/a>","protected":false},"author":1,"featured_media":0,"comment_status":"closed","ping_status":"closed","sticky":false,"template":"","format":"standard","meta":{"jetpack_post_was_ever_published":false,"_jetpack_newsletter_access":"","_jetpack_dont_email_post_to_subs":false,"_jetpack_newsletter_tier_id":0,"_jetpack_memberships_contains_paywalled_content":false,"_jetpack_memberships_contains_paid_content":false,"footnotes":"","jetpack_publicize_message":"","jetpack_publicize_feature_enabled":true,"jetpack_social_post_already_shared":true,"jetpack_social_options":{"image_generator_settings":{"template":"highway","default_image_id":0,"font":"","enabled":false},"version":2}},"categories":[26],"tags":[221,246],"class_list":["post-19186","post","type-post","status-publish","format-standard","hentry","category-c25-notas-politicas-do-pcb","tag-2a","tag-np"],"jetpack_publicize_connections":[],"jetpack_featured_media_url":"","jetpack_shortlink":"https:\/\/wp.me\/p659gw-4Zs","jetpack-related-posts":[],"jetpack_likes_enabled":true,"jetpack_sharing_enabled":true,"_links":{"self":[{"href":"https:\/\/pcb.org.br\/portal2\/wp-json\/wp\/v2\/posts\/19186","targetHints":{"allow":["GET"]}}],"collection":[{"href":"https:\/\/pcb.org.br\/portal2\/wp-json\/wp\/v2\/posts"}],"about":[{"href":"https:\/\/pcb.org.br\/portal2\/wp-json\/wp\/v2\/types\/post"}],"author":[{"embeddable":true,"href":"https:\/\/pcb.org.br\/portal2\/wp-json\/wp\/v2\/users\/1"}],"replies":[{"embeddable":true,"href":"https:\/\/pcb.org.br\/portal2\/wp-json\/wp\/v2\/comments?post=19186"}],"version-history":[{"count":0,"href":"https:\/\/pcb.org.br\/portal2\/wp-json\/wp\/v2\/posts\/19186\/revisions"}],"wp:attachment":[{"href":"https:\/\/pcb.org.br\/portal2\/wp-json\/wp\/v2\/media?parent=19186"}],"wp:term":[{"taxonomy":"category","embeddable":true,"href":"https:\/\/pcb.org.br\/portal2\/wp-json\/wp\/v2\/categories?post=19186"},{"taxonomy":"post_tag","embeddable":true,"href":"https:\/\/pcb.org.br\/portal2\/wp-json\/wp\/v2\/tags?post=19186"}],"curies":[{"name":"wp","href":"https:\/\/api.w.org\/{rel}","templated":true}]}}