{"id":19199,"date":"2018-03-28T16:10:42","date_gmt":"2018-03-28T19:10:42","guid":{"rendered":"https:\/\/pcb.org.br\/portal2\/?p=19199"},"modified":"2018-03-28T16:10:42","modified_gmt":"2018-03-28T19:10:42","slug":"professores-de-cubatao-enfrentam-desmonte-da-educacao-no-municipio","status":"publish","type":"post","link":"https:\/\/pcb.org.br\/portal2\/19199","title":{"rendered":"Professores de Cubat\u00e3o enfrentam desmonte da educa\u00e7\u00e3o no munic\u00edpio"},"content":{"rendered":"<p><img decoding=\"async\" class=\"imagem\" title=\"imagem\" src=\"https:\/\/lh3.googleusercontent.com\/pynlaJE-fkXM6QXfeYvyEdHqm06OqbJAQwAsk1geTNKG_T7sJdUVAgAt4VctrSmQDTAp9tCiOqPk45ynhWteGsw_8a43QhgqxisMv6CHdiarUnczk5H5Cbd3Bf3M6YRTs95phBbSfqMF-ckOurKl1OMm2foIWOnhOExtPy1r3tUU_DjDbZGX2wwWE0YPP0Ebb14Ng8NeeRJyoQv5hwyNjrIeetVQxLKvWxVevhPUS7V8OQCdYT9HRaGKXx2rDOfazoxDFxK7LYzS_DvfFfDa-1TrE1nGkl0oYXk0e4cAozCnUKwtFMAv6MRrwRkmvS4SCLoRz0mOrjZ1kn84Yw_sU2ME0sQQN19g891QShUWV9ag-tWfANUBAkXrc41XnLCY6TIsu1dsYNEpOsQFK-eFiTTQ_rPaiK0eatg3qJVTir-y-gb8s77B0yjmNSVGM_nel_KUlQYsQmFxA0wWdVybc5l6aGcNFUpNO-iTwnt_XGqQ9mZamXlqakm6ojWQOaqyfL4Y6JRZSBAisGmgeeclFBzfmMvlQW3_g8RHBG3yisZoYgq72zGBr3y7IJWbezOVAFyNMtyPC0mZwkvMux-Ti5yB9H4YQfm9LIGNfpYGdCC2rA5LBN47-cgf7kh-M9ZudzGEpPUsQdPJtbwk0Z3qkNMxK-aWpwhugw=w960-h720-no\" alt=\"imagem\" \/><!--more-->Prefeito Ademario Oliveira (PSDB) declara guerra aos professores: \u201cQuem n\u00e3o estiver satisfeito com sal\u00e1rio e jornada aqui, que fa\u00e7a outro concurso ou outra faculdade\u201d<\/p>\n<p>Nesta quinta-feira (27\/03) os professores da rede municipal de educa\u00e7\u00e3o da cidade de Cubat\u00e3o \/ SP entraram greve por 48 horas. Al\u00e9m de reivindicar melhores condi\u00e7\u00f5es de trabalho nas unidades escolares, os professores lutam pela revoga\u00e7\u00e3o de dois decretos expedidos pela administra\u00e7\u00e3o municipal em dezembro de 2017 (10696\/2017 e 10697\/2017), que ampliam a quantidade de alunos por sala de aula e modificam o entendimento da composi\u00e7\u00e3o da jornada de trabalho dos docentes, respectivamente. Na pr\u00e1tica, esses decretos causaram superlota\u00e7\u00e3o em salas de aula de v\u00e1rias escolas e o consequente fechamento de outras, e tamb\u00e9m redu\u00e7\u00e3o salarial dos professores. Nos casos mais graves, a redu\u00e7\u00e3o salarial no m\u00eas de fevereiro chegou a 50% do sal\u00e1rio.<\/p>\n<p>No inicio de fevereiro, depois de v\u00e1rias manifesta\u00e7\u00f5es acontecidas durante o processo de atribui\u00e7\u00e3o de aulas, o secret\u00e1rio de educa\u00e7\u00e3o e vice-prefeito de Cubat\u00e3o, Pedro de S\u00e1 (PTB), se comprometeu publicamente a alterar os decretos, algo que ele havia prometido fazer ainda em dezembro em reuni\u00e3o com o sindicato e representantes da categoria, e abrir discuss\u00e3o com a categoria a fim de encontrar solu\u00e7\u00f5es para a situa\u00e7\u00e3o ca\u00f3tica em que se encontra a educa\u00e7\u00e3o no munic\u00edpio. Desconsiderando o compromisso assumido publicamente, amplamente divulgado nas redes sociais e na m\u00eddia jornal\u00edstica, sob a desculpa de que o sindicato havia judicializado a quest\u00e3o, n\u00e3o s\u00f3 manteve os decretos como tamb\u00e9m aplicou seus efeitos nos sal\u00e1rios dos docentes. Ainda em fevereiro, os professores fizeram uma greve de 48 horas em protesto e sequer foram recebidos pela gest\u00e3o de Ademario (PSDB).<\/p>\n<p>Diante disso, os professores aprovaram em assembleia um calend\u00e1rio de lutas contra as medidas em vigor e marcaram outra paralisa\u00e7\u00e3o de 48 horas nestes dias 27 e 28 de mar\u00e7o, data que marca exatamente 1 ano da agress\u00e3o empreendida pela mesma administra\u00e7\u00e3o contra os servidores municipais em greve, na qual a pol\u00edcia militar atatcou com bombas e balas de borracha.<\/p>\n<p>Nesta quinta tamb\u00e9m foi depositado o sal\u00e1rio dos professores. Para surpresa geral, os sal\u00e1rios de fevereiro tamb\u00e9m vieram com uma grande redu\u00e7\u00e3o, na ordem de 25% para os professores do ensino fundamental II. A alega\u00e7\u00e3o da administra\u00e7\u00e3o \u00e9 de que as aulas retornaram apenas em meados de fevereiro e por isso, com a interpreta\u00e7\u00e3o vigente da jornada docente, as amplia\u00e7\u00f5es de jornada seriam v\u00e1lidas apenas para os 15 dias finais do m\u00eas.<\/p>\n<p>Inconformados com tal atitude da administra\u00e7\u00e3o, uma vez que extrapola o pr\u00f3prio decreto 10697, os professores decidiram ocupar a secretaria de educa\u00e7\u00e3o, que fica dentro do pa\u00e7o municipal. Foi na reuni\u00e3o que se sucedeu \u00e0 ocupa\u00e7\u00e3o, \u00fanica maneira pela qual o prefeito atendeu aos docentes, que Ademario Oliveira disse que os insatisfeitos e infelizes com as medidas da administra\u00e7\u00e3o municipal deveriam fazer outros concursos ou fazer outras faculdades.\u00a0\u00a0Em ocasi\u00e3o anterior, o mesmo Ademario, numa inaugura\u00e7\u00e3o de uma escola rec\u00e9m reformada (por uma das ind\u00fastrias da cidade) j\u00e1 havia afirmado que a porta da rua era serventia da casa para professores descontentes. Al\u00e9m disso, afirmou que um projeto de lei j\u00e1 estava pronto para ser encaminhado \u00e0 C\u00e2mara de Vereadores para a contrata\u00e7\u00e3o de 200 professores tempor\u00e1rios, com sal\u00e1rios reduzidos, a fim de substituir os efetivos que desistissem da amplia\u00e7\u00e3o de jornada.<\/p>\n<p>Com essas afirma\u00e7\u00f5es, e principalmente com as medidas que a administra\u00e7\u00e3o PSDB em Cubat\u00e3o vem tomando desde que assumiu, fica clara a disposi\u00e7\u00e3o de desmontar completamente a educa\u00e7\u00e3o em Cubat\u00e3o. Os professores e professoras da rede municipal, mais do que nunca, precisam da solidariedade militante de todos aqueles que defendem uma educa\u00e7\u00e3o p\u00fablica, laica e gratuita.<\/p>\n<p>TODO APOIO AOS PROFESSORES DE CUBAT\u00c3O!<\/p>\n<p>CONTRA O DESMONTE DA EDUCA\u00c7\u00c3O PROMOVIDO PELO PSDB!<\/p>\n<p>FORA ADEMARIO! FORA PSDB!<\/p>\n<p>Comiss\u00e3o de Lutas dos Servidores de Cubat\u00e3o<\/p>\n","protected":false},"excerpt":{"rendered":"<a class=\"moretag\" href=\"https:\/\/pcb.org.br\/portal2\/19199\"> <\/a>","protected":false},"author":1,"featured_media":0,"comment_status":"closed","ping_status":"closed","sticky":false,"template":"","format":"standard","meta":{"jetpack_post_was_ever_published":false,"_jetpack_newsletter_access":"","_jetpack_dont_email_post_to_subs":false,"_jetpack_newsletter_tier_id":0,"_jetpack_memberships_contains_paywalled_content":false,"_jetpack_memberships_contains_paid_content":false,"footnotes":"","jetpack_publicize_message":"","jetpack_publicize_feature_enabled":true,"jetpack_social_post_already_shared":true,"jetpack_social_options":{"image_generator_settings":{"template":"highway","default_image_id":0,"font":"","enabled":false},"version":2}},"categories":[56],"tags":[227],"class_list":["post-19199","post","type-post","status-publish","format-standard","hentry","category-c67-greve","tag-5a"],"jetpack_publicize_connections":[],"jetpack_featured_media_url":"","jetpack_shortlink":"https:\/\/wp.me\/p659gw-4ZF","jetpack-related-posts":[],"jetpack_likes_enabled":true,"jetpack_sharing_enabled":true,"_links":{"self":[{"href":"https:\/\/pcb.org.br\/portal2\/wp-json\/wp\/v2\/posts\/19199","targetHints":{"allow":["GET"]}}],"collection":[{"href":"https:\/\/pcb.org.br\/portal2\/wp-json\/wp\/v2\/posts"}],"about":[{"href":"https:\/\/pcb.org.br\/portal2\/wp-json\/wp\/v2\/types\/post"}],"author":[{"embeddable":true,"href":"https:\/\/pcb.org.br\/portal2\/wp-json\/wp\/v2\/users\/1"}],"replies":[{"embeddable":true,"href":"https:\/\/pcb.org.br\/portal2\/wp-json\/wp\/v2\/comments?post=19199"}],"version-history":[{"count":0,"href":"https:\/\/pcb.org.br\/portal2\/wp-json\/wp\/v2\/posts\/19199\/revisions"}],"wp:attachment":[{"href":"https:\/\/pcb.org.br\/portal2\/wp-json\/wp\/v2\/media?parent=19199"}],"wp:term":[{"taxonomy":"category","embeddable":true,"href":"https:\/\/pcb.org.br\/portal2\/wp-json\/wp\/v2\/categories?post=19199"},{"taxonomy":"post_tag","embeddable":true,"href":"https:\/\/pcb.org.br\/portal2\/wp-json\/wp\/v2\/tags?post=19199"}],"curies":[{"name":"wp","href":"https:\/\/api.w.org\/{rel}","templated":true}]}}