{"id":19218,"date":"2018-03-31T02:29:22","date_gmt":"2018-03-31T05:29:22","guid":{"rendered":"https:\/\/pcb.org.br\/portal2\/?p=19218"},"modified":"2018-03-31T02:29:22","modified_gmt":"2018-03-31T05:29:22","slug":"as-mulheres-no-parlamento-cubano","status":"publish","type":"post","link":"https:\/\/pcb.org.br\/portal2\/19218","title":{"rendered":"As mulheres no Parlamento cubano"},"content":{"rendered":"<p><img data-recalc-dims=\"1\" decoding=\"async\" class=\"imagem\" title=\"imagem\" src=\"https:\/\/i0.wp.com\/www.odiario.info\/b2-img\/Cuba_mulheresdeputadas.jpg?w=747&#038;ssl=1\" alt=\"imagem\" \/><!--more--><a href=\"https:\/\/www.odiario.info\/as-mulheres-no-parlamento-cubano\/\" target=\"_blank\" rel=\"noopener\">ODiario.info<\/a><\/p>\n<p>Numa altura em que os grandes media do capitalismo fingem promover os direitos da mulher, diminui a presen\u00e7a de mulheres no seio dos \u00f3rg\u00e3os legislativos de numerosos pa\u00edses. Mas o Parlamento cubano, com 53,22%, ocupa o segundo lugar mundial no que diz respeito \u00e0 participa\u00e7\u00e3o feminina.<\/p>\n<p>Quando, em 1993, Fidel analisava a composi\u00e7\u00e3o da Assembleia Nacional do Poder Popular (ANPP) e a participa\u00e7\u00e3o de um n\u00famero crescente de diplomados universit\u00e1rios, de negros, de mesti\u00e7os e de mulheres\u2026retirava a conclus\u00e3o de que essa constata\u00e7\u00e3o testemunhava o \u00abgigantesco avan\u00e7o do nosso povo no decurso destes anos de Revolu\u00e7\u00e3o\u00bb e representava igualmente \u00abo modo como a desigualdade e a discrimina\u00e7\u00e3o tinham desaparecido do nosso pa\u00eds\u00bb.<\/p>\n<p>Desde ent\u00e3o cada um destes sectores viu aumentar o seu n\u00famero de lugares no Parlamento, n\u00e3o apenas com o simples objectivo de respeitar quotas de representatividade, mas pelo facto do valor e da forma\u00e7\u00e3o dos candidatos que, em resultado dessas caracter\u00edsticas foram eleitos pelo povo.<br \/>\nDe entre os 605 deputados eleitos a 11 de Mar\u00e7o 53,22% s\u00e3o mulheres, o que faz do Parlamento cubano o segundo mundial com mais forte participa\u00e7\u00e3o feminina, apenas ultrapassado pelo Ruanda com 61,3%.<br \/>\nO panorama internacional n\u00e3o \u00e9, em contrapartida, muito encorajador, se se tomarem em conta os dados recentemente publicados pela Uni\u00e3o interparlamentar (UIP), um organismo que inclui os \u00f3rg\u00e3os legislativos de 178 pa\u00edses.<\/p>\n<p>Segundo as estat\u00edsticas a participa\u00e7\u00e3o das mulheres nos parlamentos estagnou praticamente entre 2016 e 2017, aumentando apenas 0,1%.<\/p>\n<p>\u00c9 verdade que no decurso do ano passado os lugares ocupados por mulheres a n\u00edvel mundial atingiram os 23,4%, quando se verifica uma taxa record de participa\u00e7\u00e3o de mulheres nas elei\u00e7\u00f5es e um n\u00famero mais elevado de lugares do que nos per\u00edodos anteriores, com 27,1%. Mas o saldo entre a entrada e a sa\u00edda de mulheres deputadas n\u00e3o foi favor\u00e1vel e impediu que haja um maior n\u00famero de mulheres deputadas em exerc\u00edcio com mandatos alargados.<\/p>\n<p>No continente americano, por exemplo, verificou-se em 2017 um aumento de 0,3% na representa\u00e7\u00e3o parlamentar feminina, embora as mulheres ocupem 28,4% dos lugares. Argentina (38,1%), Equador (38%) e Chile (22,6%) alcan\u00e7aram os melhores n\u00edveis.<\/p>\n<p>\u00c9 \u00fatil sublinhar que desde 2013 o Parlamento cubano, no decurso da 8\u00aa legislatura cujo mandato expira em Abril, tem uma representa\u00e7\u00e3o feminina de 48,86%.<\/p>\n<p>Nos dias de hoje, a marcha emancipadora da mulher cubana, para al\u00e9m de ser maiorit\u00e1ria na Assembleia Nacional, tem ainda contas a ajustar em termos de equidade e de autonomiza\u00e7\u00e3o e tem ainda de acabar com velhos preconceitos.<\/p>\n<p>Mas ningu\u00e9m poder\u00e1 p\u00f4r em d\u00favida a certeza de Fidel de que \u00abao longo destes anos dif\u00edceis n\u00e3o houve uma \u00fanica tarefa econ\u00f3mica, social e pol\u00edtica, n\u00e3o houve um \u00fanico sucesso cient\u00edfico, cultural e desportivo, n\u00e3o houve contributo para a defesa do nosso povo e da soberania da nossa P\u00e1tria que n\u00e3o tenha contado com a presen\u00e7a invariavelmente entusi\u00e1stica e patri\u00f3tica da mulher cubana\u00bb.<\/p>\n<p>Sobre as 322 mulheres deputadas<\/p>\n<p>55,59 % s\u00e3o delegadas de base<br \/>\n87,5 % t\u00eam um n\u00edvel de estudos superiores<br \/>\n66,14% s\u00e3o eleitas pela primeira vez<br \/>\n13,66 % t\u00eam entre 18 e 35 anos. A m\u00e9dia de idades das mulheres deputadas, tal como a do conjunto do Parlamento, \u00e9 de 49 anos, enquanto a mais jovem de entre elas tem 19 anos<br \/>\n24,5 % (79) pertencem aos \u00f3rg\u00e3os do Poder popular: 37 s\u00e3o presidentes de um Conselho popular, o que significa que se encontram em liga\u00e7\u00e3o directa como o povo<br \/>\n51,8 % s\u00e3o negras e mesti\u00e7as<br \/>\n6,8 % s\u00e3o dirigentes de uma organiza\u00e7\u00e3o de massas e 5,2 % de uma organiza\u00e7\u00e3o politica<br \/>\n15,8 % trabalham na produ\u00e7\u00e3o e nos servi\u00e7os<br \/>\n3,10 % pertencem ao sector campon\u00eas e cooperativo<br \/>\n17,7 % trabalham nos sectores da sa\u00fade e da educa\u00e7\u00e3o<br \/>\n3,72 % dedicam-se \u00e0 investiga\u00e7\u00e3o.<\/p>\n<p>Fonte: http:\/\/fr.granma.cu\/cuba\/2018-03-21\/les-femmes-au-parlement<\/p>\n<p>https:\/\/www.odiario.info\/as-mulheres-no-parlamento-cubano\/<\/p>\n","protected":false},"excerpt":{"rendered":"<a class=\"moretag\" href=\"https:\/\/pcb.org.br\/portal2\/19218\"> <\/a>","protected":false},"author":1,"featured_media":0,"comment_status":"closed","ping_status":"closed","sticky":false,"template":"","format":"standard","meta":{"jetpack_post_was_ever_published":false,"_jetpack_newsletter_access":"","_jetpack_dont_email_post_to_subs":false,"_jetpack_newsletter_tier_id":0,"_jetpack_memberships_contains_paywalled_content":false,"_jetpack_memberships_contains_paid_content":false,"footnotes":"","jetpack_publicize_message":"","jetpack_publicize_feature_enabled":true,"jetpack_social_post_already_shared":true,"jetpack_social_options":{"image_generator_settings":{"template":"highway","default_image_id":0,"font":"","enabled":false},"version":2}},"categories":[47],"tags":[223],"class_list":["post-19218","post","type-post","status-publish","format-standard","hentry","category-c57-revolucao-cubana","tag-3a"],"jetpack_publicize_connections":[],"jetpack_featured_media_url":"","jetpack_shortlink":"https:\/\/wp.me\/p659gw-4ZY","jetpack-related-posts":[],"jetpack_likes_enabled":true,"jetpack_sharing_enabled":true,"_links":{"self":[{"href":"https:\/\/pcb.org.br\/portal2\/wp-json\/wp\/v2\/posts\/19218","targetHints":{"allow":["GET"]}}],"collection":[{"href":"https:\/\/pcb.org.br\/portal2\/wp-json\/wp\/v2\/posts"}],"about":[{"href":"https:\/\/pcb.org.br\/portal2\/wp-json\/wp\/v2\/types\/post"}],"author":[{"embeddable":true,"href":"https:\/\/pcb.org.br\/portal2\/wp-json\/wp\/v2\/users\/1"}],"replies":[{"embeddable":true,"href":"https:\/\/pcb.org.br\/portal2\/wp-json\/wp\/v2\/comments?post=19218"}],"version-history":[{"count":0,"href":"https:\/\/pcb.org.br\/portal2\/wp-json\/wp\/v2\/posts\/19218\/revisions"}],"wp:attachment":[{"href":"https:\/\/pcb.org.br\/portal2\/wp-json\/wp\/v2\/media?parent=19218"}],"wp:term":[{"taxonomy":"category","embeddable":true,"href":"https:\/\/pcb.org.br\/portal2\/wp-json\/wp\/v2\/categories?post=19218"},{"taxonomy":"post_tag","embeddable":true,"href":"https:\/\/pcb.org.br\/portal2\/wp-json\/wp\/v2\/tags?post=19218"}],"curies":[{"name":"wp","href":"https:\/\/api.w.org\/{rel}","templated":true}]}}