{"id":19235,"date":"2018-04-02T05:10:37","date_gmt":"2018-04-02T08:10:37","guid":{"rendered":"https:\/\/pcb.org.br\/portal2\/?p=19235"},"modified":"2018-04-08T12:05:23","modified_gmt":"2018-04-08T15:05:23","slug":"unidade-para-resistir-ousadia-para-avancar","status":"publish","type":"post","link":"https:\/\/pcb.org.br\/portal2\/19235","title":{"rendered":"Unidade para resistir, ousadia para avan\u00e7ar!"},"content":{"rendered":"<p><img decoding=\"async\" class=\"imagem\" title=\"imagem\" src=\"https:\/\/i0.wp.com\/ujc.org.br\/wp-content\/uploads\/2015\/12\/DSC_0147.jpg?fit=3000%2C2000\" alt=\"imagem\" \/><!--more-->No dia 29\/03, quinta feira passada, realizou-se a abertura do VIII Congresso da Uni\u00e3o da Juventude Comunista, no sal\u00e3o nobre do Instituto de Filosofia e Ci\u00eancias Sociais da UFRJ, no Rio de Janeiro. O evento contou com a participa\u00e7\u00e3o animada da milit\u00e2ncia da UJC e de convidados que fizeram parte da mesa, como a delega\u00e7\u00e3o do PSOL, representada pelo Vereador Tarc\u00edsio Motta, o Deputado Federal Glauber Braga e o pr\u00e9 candidato a Presidente da Rep\u00fablica Guilherme Boulos, l\u00edder do MTST e da Frente Povo Sem Medo; dirigentes do PCB, como o Secret\u00e1rio Geral Edmilson Costa e Heitor C\u00e9sar, representantes dos Coletivos Ana Montenegro, Minervino de Oliveira, LGBT Comunista e da Unidade Classista; delega\u00e7\u00f5es internacionais das juventudes comunistas do KKE, PC da Venezuela, da Argentina, dentre muitas outras representa\u00e7\u00f5es de organiza\u00e7\u00f5es pol\u00edticas e sociais amigas.<\/p>\n<p>Transcrevemos abaixo a fala do camarada Lu\u00eds Fernandes, secret\u00e1rio pol\u00edtico nacional da UJC \u00e9 membro do Comit\u00ea Central do PCB, que apresentou as principais preocupa\u00e7\u00f5es do Partido e da UJC no momento extremamente delicado da conjuntura pol\u00edtica nacional, apontando, ao mesmo tempo, as perspectivas dos comunistas para o enfrentamento aos retrocessos e ao fascismo e para que avancemos nas lutas em defesa das liberdades democr\u00e1ticas e dos direitos da juventude e da classe trabalhadora no Brasil e no mundo.<\/p>\n<p>&#8220;Estimados camaradas,<br \/>\nDelegadas e delegados do VIII Congresso da UJC,<br \/>\nDelegados Internacionais,<br \/>\nFor\u00e7as pol\u00edticas aliadas,<br \/>\nCamaradas do comit\u00ea central do PCB,<\/p>\n<p>Recebam a mais fraterna e revolucion\u00e1ria sauda\u00e7\u00e3o. Bem vindos ao VIII Congresso Nacional da UJC! Bem vindos ao congresso que, certamente, marcar\u00e1 o in\u00edcio de um novo patamar na organiza\u00e7\u00e3o dos comunistas brasileiros e seu elo com o movimento juvenil e popular.<\/p>\n<p>Depois de mobilizarmos 5 mil jovens militantes de todo pa\u00eds, realizadas as etapas de n\u00facleo, municipais e estaduais, n\u00f3s podemos afirma que, al\u00e9m de muita luta e resist\u00eancia, em nossa organiza\u00e7\u00e3o tamb\u00e9m h\u00e1 muito debate, reflex\u00e3o e democracia interna.<\/p>\n<p>Camaradas, na avalia\u00e7\u00e3o da coordena\u00e7\u00e3o nacional da UJC, amparada pelo comit\u00ea central do PCB, depois de um trabalho de d\u00e9cadas, completamos um primeiro objetivo na organiza\u00e7\u00e3o da juventude comunista. Trata-se de uma juventude nacional, presente em 24 Estados de nosso pa\u00eds em todas as regi\u00f5es. Trata-se de uma juventude combativa presente nas principais lutas da juventude brasileira; trata-se de uma juventude internacionalista, solid\u00e1ria a todos os povos em luta, anti-imperialista e membra ativa da Federa\u00e7\u00e3o Mundial das Juventudes Democr\u00e1ticas; por fim, trata-se de uma for\u00e7a nacional relevante no movimento estudantil universit\u00e1rio e secundarista.<\/p>\n<p>Avan\u00e7amos muito no movimento universit\u00e1rio no \u00faltimo tri\u00eanio, nacionalizamos nosso trabalho de secundaristas e come\u00e7amos trabalhos em escolas t\u00e9cnicas. Tivemos frut\u00edferas experi\u00eancias no movimento cultural, em favelas e na constru\u00e7\u00e3o dos Territ\u00f3rios Sem Medo, nos marcos da nossa participa\u00e7\u00e3o na Frente Povo Sem Medo.<\/p>\n<p>Esse trabalho foi constru\u00eddo por diversas gera\u00e7\u00f5es. Somos filhos de 1917, 1922, 1935, da resist\u00eancia \u00e0 ditadura militar e ao liquidacionismo de nosso partido. Somos a gera\u00e7\u00e3o de comunistas que luta e formula uma estrat\u00e9gica revolucion\u00e1ria em um per\u00edodo de retrocessos, mas que, principalmente, tenta reconstruir o elo dos comunistas com o movimento popular e a classe oper\u00e1ria.<\/p>\n<p>Camaradas,<\/p>\n<p>A crise sist\u00eamica do capitalismo e o acirramento das disputas interimperialistas no mundo fazem emergir a base material para o fortalecimento de sa\u00eddas reacion\u00e1rias, de extrema direita ou fascistas neste cen\u00e1rio. Ap\u00f3s um ciclo de expans\u00e3o e intensifica\u00e7\u00e3o da internacionaliza\u00e7\u00e3o do capitalismo brasileiro, vivemos um per\u00edodo de estagna\u00e7\u00e3o, aprofundamento da depend\u00eancia aos centros imperialistas e disputas no interior da burguesia.<\/p>\n<p>A crise sist\u00eamica do capitalismo, por se estender por longos per\u00edodos de quedas, estagna\u00e7\u00e3o e baixo crescimento, traz consequ\u00eancias nefastas para a juventude e os trabalhadores: desemprego, fome, aumento das taxas de explora\u00e7\u00e3o, viol\u00eancia urbana, aumento da repress\u00e3o do Estado burgu\u00eas e progressiva limita\u00e7\u00e3o \u00e0s liberdades democr\u00e1ticas.<\/p>\n<p>Camaradas,<\/p>\n<p>No Brasil, fomos a juventude de esquerda que mais cresceu quantitativa e qualitativamente no \u00faltimo per\u00edodo, fruto do amadurecimento estrat\u00e9gico do nosso partido, coer\u00eancia pol\u00edtica e preparo dos nossos quadros. Devemos ter dimens\u00e3o que os dez \u00faltimos anos de crescimento de nossa organiza\u00e7\u00e3o se deu numa conjuntura de relativa liberdade de organiza\u00e7\u00e3o, com a expans\u00e3o, mesmo que precarizada, do ensino superior. Neste per\u00edodo, ocupamos um espa\u00e7o importante \u00e0 esquerda de cr\u00edtica ao reformismo e a pol\u00edtica de concilia\u00e7\u00e3o representada pelos governos do PT.<\/p>\n<p>No entanto, conforme indicamos em nossas teses, h\u00e1 uma mudan\u00e7a qualitativa nas lutas de classes ap\u00f3s o golpe de 2016 e o aprofundamento da inser\u00e7\u00e3o subalterna do capitalismo brasileiro na economia mundial. Tamb\u00e9m identificamos a amplia\u00e7\u00e3o de uma base material e ideol\u00f3gica para a a\u00e7\u00e3o de organiza\u00e7\u00f5es de extrema direita no pa\u00eds. A extrema direita sintetiza os tra\u00e7os mais arcaicos do capitalismo de passado colonial brasileiro: o racismo, o radicalismo neoliberal, o entreguismo, o golpismo, a intoler\u00e2ncia e o fundamentalismo religioso. Nesse sentido, devemos ser, juntamente com um bloco de for\u00e7as populares, vanguarda no processo de constru\u00e7\u00e3o de unidade da juventude contra os ataques da burguesia e do imperialismo.<\/p>\n<p>Camaradas!<\/p>\n<p>Ao chegarmos a esse diagn\u00f3stico t\u00e3o comum entre as organiza\u00e7\u00f5es populares no Brasil, incorremos no risco de cairmos em dois perigosos desvios em nossa linha pol\u00edtica. O primeiro \u00e9 um desvio muito combatido na hist\u00f3ria recente do nosso partido: o oportunismo reformista. O oportunismo reformista nesta conjuntura se concentra basicamente nas ilus\u00f5es institucionalistas de que, num momento de crise de legitimidade do Estado burgu\u00eas brasileiro e de ataques diretos aos trabalhadores, o principal calend\u00e1rio a seguir seria o da acomoda\u00e7\u00e3o das resist\u00eancias populares ao terreno institucional. O reformismo tamb\u00e9m pode inviabilizar a mais ampla unidade do movimento popular e da juventude nos processos de resist\u00eancia. N\u00f3s, revolucion\u00e1rios, devemos assumir a dianteira do processo de unidade combativa da juventude e classe trabalhadora.<\/p>\n<p>O segundo cuidado que teremos que ter na aplica\u00e7\u00e3o de nossa linha pol\u00edtica \u00e9 o com o esquerdismo, t\u00edpico da consci\u00eancia pequeno burguesa. A principal caracter\u00edstica do esquerdismo nesta conjuntura \u00e9 a n\u00e3o compreens\u00e3o da atual correla\u00e7\u00e3o de for\u00e7as. O esquerdismo minimiza o crescimento da extrema direita em nosso pa\u00eds,\u00a0 isola-se politicamente e socialmente em nome de um purismo e imp\u00f5e uma agenda de paralisia interna nas organiza\u00e7\u00f5es. O inimigo a ser combatido \u00e9 o seu companheiro de entidade, movimento ou partido.<\/p>\n<p>Camaradas!<\/p>\n<p>Lutar pelo socialismo\/comunismo em nosso pa\u00eds implica na tarefa urgente de contribuirmos para a efetiva unidade de todas as for\u00e7as sociais e pol\u00edticas que se coloquem na contram\u00e3o da ordem dominante. Mas n\u00e3o nos enganemos: dentro desta ampla unidade de resist\u00eancia, deveremos forjar um polo popular, anticapitalista e anti-imperialista, a fim de garantir a independ\u00eancia e a efetiva unidade de a\u00e7\u00e3o na resist\u00eancia.<\/p>\n<p>Camaradas!<\/p>\n<p>Lutar pelo socialismo\/comunismo na atualidade \u00e9 n\u00e3o rebaixarmos nossa estrat\u00e9gia revolucion\u00e1ria. Devemos potencializar a inser\u00e7\u00e3o de nossa organiza\u00e7\u00e3o no seio dos movimentos populares e de juventude para sermos uma das for\u00e7as dirigentes do processo de resist\u00eancia e contraofensiva socialista. Ser uma for\u00e7a dirigente nada tem a ver com arrog\u00e2ncia, auto proclama\u00e7\u00e3o e distanciamento do cotidiano do povo trabalhador. Ser uma for\u00e7a dirigente \u00e9 expressarmos uma parte da rica tradi\u00e7\u00e3o de luta do povo brasileiro; \u00e9 termos, mesmo sendo jovens, a paci\u00eancia revolucion\u00e1ria, sabendo trabalhar em frente e unidade, sem escondermos nossas posi\u00e7\u00f5es e reais prop\u00f3sitos.<\/p>\n<p>Camaradas!<\/p>\n<p>Lutar pelo socialismo\/comunismo \u00e9 reafirmar criativamente a atualidade da organiza\u00e7\u00e3o leninista juvenil. No \u00faltimo per\u00edodo, n\u00e3o h\u00e1 uma cidade com a UJC organizada que n\u00e3o tenha um n\u00facleo de a\u00e7\u00e3o. Temos que consolidar nosso sistema de organiza\u00e7\u00f5es, aprimorar nossos mecanismos de assist\u00eancia e comunica\u00e7\u00e3o, a disciplina militante, desenvolvendo maior capacidade de centraliza\u00e7\u00e3o de nossas a\u00e7\u00f5es nacionais, sem preju\u00edzo das particularidades locais e regionais.<\/p>\n<p>Camaradas!<\/p>\n<p>Vivemos um per\u00edodo de interse\u00e7\u00e3o de ciclos, no Brasil e na Am\u00e9rica Latina, com o enfraquecimento das heterog\u00eaneas experi\u00eancias progressistas e, no caso brasileiro, do governo de concilia\u00e7\u00e3o petista, que tanto desarmou nossa classe para a luta contra os seus inimigos.\u00a0 \u00c9 normal, pela pr\u00f3pria complexidade de nossa realidade, termos posi\u00e7\u00f5es pontuais distintas. O debate faz parte e \u00e9 extremamente positivo. O congresso serve para isso, tenham paci\u00eancia, camaradagem e vejam esse processo como um rico momento de s\u00edntese para a constru\u00e7\u00e3o de nossa pol\u00edtica.<\/p>\n<p>Camaradas!<\/p>\n<p>Sabemos, para preocupa\u00e7\u00e3o de nossos inimigos e advers\u00e1rios, que a ascens\u00e3o da extrema direita e do fascismo refor\u00e7a a atualidade de uma organiza\u00e7\u00e3o comunista. Aprendamos com a experi\u00eancia do \u00faltimo s\u00e9culo. As frentes amplas s\u00f3 foram adiante e obtiveram sucesso, quando tinham no seu interior organiza\u00e7\u00f5es revolucion\u00e1rias e comunistas dispostas a levar at\u00e9 as \u00faltimas consequ\u00eancias a luta antifascista. Nesse sentido, refor\u00e7a-se nossa responsabilidade de manter e ampliar nossa unidade e la\u00e7os com a juventude trabalhadora.<\/p>\n<p>Camaradas!<\/p>\n<p>Orgulhemo-nos de nossa hist\u00f3ria: entre erros e acertos, n\u00f3s combatemos em 1935, n\u00f3s ajudamos a levar o Brasil a lutar contra o nazifascismo na segunda guerra mundial, n\u00f3s desenvolvemos a leitura e a t\u00e1tica mais acertada no combate \u00e0 ditadura empresarial-militar de 1964. N\u00e3o somos covardes nem aventureiros, mas sabemos enfrentar o inimigo.<\/p>\n<p>Camaradas!<\/p>\n<p>Mais do que uma mera resist\u00eancia, temos que ajudar a formar um bloco de for\u00e7as sociais e pol\u00edticas que tenha uma perspectiva de futuro. Cada jovem deste pa\u00eds deve saber que, com a UJC, ele ter\u00e1 um instrumento para resistir, mas, mais do que isso, ele poder\u00e1 participar da constru\u00e7\u00e3o de uma contraofensiva anticapitalista e anti-imperialista t\u00e3o necess\u00e1ria para a manuten\u00e7\u00e3o da humanidade.<\/p>\n<p>Por fim, camaradas, queremos saudar a decis\u00e3o do comit\u00ea central do PCB em apoiar a candidatura de Guilherme Boulos e Sonia Guajajara, juntamente com o PSOL. Uma candidatura que n\u00e3o se resumir\u00e1 \u00e0 importante luta eleitoral, mas ser\u00e1 express\u00e3o de uma ampla alian\u00e7a social, capaz de contribuir para a t\u00e3o necess\u00e1ria reconstru\u00e7\u00e3o do movimento popular e oper\u00e1rio no Brasil, como alternativa ao projeto de concilia\u00e7\u00e3o de classes.&#8221;<\/p>\n","protected":false},"excerpt":{"rendered":"<a class=\"moretag\" href=\"https:\/\/pcb.org.br\/portal2\/19235\"> <\/a>","protected":false},"author":1,"featured_media":0,"comment_status":"closed","ping_status":"closed","sticky":false,"template":"","format":"standard","meta":{"jetpack_post_was_ever_published":false,"_jetpack_newsletter_access":"","_jetpack_dont_email_post_to_subs":false,"_jetpack_newsletter_tier_id":0,"_jetpack_memberships_contains_paywalled_content":false,"_jetpack_memberships_contains_paid_content":false,"footnotes":"","jetpack_publicize_message":"","jetpack_publicize_feature_enabled":true,"jetpack_social_post_already_shared":true,"jetpack_social_options":{"image_generator_settings":{"template":"highway","default_image_id":0,"font":"","enabled":false},"version":2}},"categories":[27],"tags":[221,247],"class_list":["post-19235","post","type-post","status-publish","format-standard","hentry","category-c27-ujc","tag-2a","tag-jd"],"jetpack_publicize_connections":[],"jetpack_featured_media_url":"","jetpack_shortlink":"https:\/\/wp.me\/p659gw-50f","jetpack-related-posts":[],"jetpack_likes_enabled":true,"jetpack_sharing_enabled":true,"_links":{"self":[{"href":"https:\/\/pcb.org.br\/portal2\/wp-json\/wp\/v2\/posts\/19235","targetHints":{"allow":["GET"]}}],"collection":[{"href":"https:\/\/pcb.org.br\/portal2\/wp-json\/wp\/v2\/posts"}],"about":[{"href":"https:\/\/pcb.org.br\/portal2\/wp-json\/wp\/v2\/types\/post"}],"author":[{"embeddable":true,"href":"https:\/\/pcb.org.br\/portal2\/wp-json\/wp\/v2\/users\/1"}],"replies":[{"embeddable":true,"href":"https:\/\/pcb.org.br\/portal2\/wp-json\/wp\/v2\/comments?post=19235"}],"version-history":[{"count":0,"href":"https:\/\/pcb.org.br\/portal2\/wp-json\/wp\/v2\/posts\/19235\/revisions"}],"wp:attachment":[{"href":"https:\/\/pcb.org.br\/portal2\/wp-json\/wp\/v2\/media?parent=19235"}],"wp:term":[{"taxonomy":"category","embeddable":true,"href":"https:\/\/pcb.org.br\/portal2\/wp-json\/wp\/v2\/categories?post=19235"},{"taxonomy":"post_tag","embeddable":true,"href":"https:\/\/pcb.org.br\/portal2\/wp-json\/wp\/v2\/tags?post=19235"}],"curies":[{"name":"wp","href":"https:\/\/api.w.org\/{rel}","templated":true}]}}