{"id":19271,"date":"2018-04-05T19:04:21","date_gmt":"2018-04-05T22:04:21","guid":{"rendered":"https:\/\/pcb.org.br\/portal2\/?p=19271"},"modified":"2018-04-05T19:04:21","modified_gmt":"2018-04-05T22:04:21","slug":"cuba-condena-ameacas-e-agressao-dos-eua-contra-a-venezuela","status":"publish","type":"post","link":"https:\/\/pcb.org.br\/portal2\/19271","title":{"rendered":"Cuba condena amea\u00e7as e agress\u00e3o dos EUA contra a Venezuela"},"content":{"rendered":"<p><img decoding=\"async\" class=\"imagem\" title=\"imagem\" src=\"https:\/\/i0.wp.com\/prensalatina.com.br\/images\/2018\/abril\/05\/1Movimiento-de-Pases-No-Al.jpg\" alt=\"imagem\" \/><!--more-->Por Antonio Rond\u00f3n Garc\u00eda<\/p>\n<p>Bak\u00fa, 5 abr (<a href=\"http:\/\/prensalatina.com.br\/index.php?o=rn&amp;id=15280\" target=\"_blank\" rel=\"noopener\">Prensa Latina<\/a>)<\/p>\n<p>Cuba recha\u00e7ou a amea\u00e7a militar, a hostilidade e a agress\u00e3o econ\u00f4mica dos Estados Unidos contra a Venezuela, durante a reuni\u00e3o ministerial do Movimento de Pa\u00edses N\u00e3o Alinhados (Mnoal), nesta capital.<br \/>\n&#8220;Consideramos as medidas coercitivas unilaterais, injustas e arbitr\u00e1rias e a inger\u00eancia externa contra o processo bolivariano que amea\u00e7am a paz e o di\u00e1logo entre venezuelanos, com prop\u00f3sitos desestabilizadores&#8221;, denunciou o vice-chanceler cubano Abelardo Moreno.<\/p>\n<p>O chefe da delega\u00e7\u00e3o cubana no XVIII encontro ministerial do Mnoal indicou que, para esta organiza\u00e7\u00e3o, \u00e9 inaceit\u00e1vel a amea\u00e7a de interven\u00e7\u00e3o militar ou de destrui\u00e7\u00e3o de qualquer de seus Estados membros.<\/p>\n<p>Moreno denunciou que, enquanto Cuba fortalece os la\u00e7os de colabora\u00e7\u00e3o com o resto do mundo, o governo estadunidense recrudesce seu criminoso bloqueio econ\u00f4mico, comercial e financeiro contra seu pa\u00eds, inclu\u00edda a dimens\u00e3o extraterritorial, apontou.<\/p>\n<p>&#8220;Washington imp\u00f4s novos obst\u00e1culos \u00e0s limitadas possibilidades de seu empresariado para comerciar e investir em Cuba, e restri\u00e7\u00f5es adicionais \u00e0s viagens de seus cidad\u00e3os, ao mesmo tempo em que emprega uma ret\u00f3rica contra Cuba digna da Guerra Fria&#8221;, lamentou o diplomata.<\/p>\n<p>&#8220;O Mnoal continua sendo o principal foro de acordo dos pa\u00edses do Hemisf\u00e9rio Sul e, apesar do complexo palco internacional, mant\u00e9m seu ativismo nos principais processos em curso nas diferentes sedes multilaterais&#8221;, destacou o vice-ministro das Rela\u00e7\u00f5es Exteriores.<\/p>\n<p>&#8220;A erradica\u00e7\u00e3o da fome, a pobreza e a exclus\u00e3o social continuam como um objetivo central&#8221;, destacou Moreno, que assiste \u00e0 reuni\u00e3o ministerial nesta capital, na costa do mar Caspio, que ser\u00e1 sede da c\u00fapula do Mnoal no pr\u00f3ximo ano.<\/p>\n<p>&#8220;N\u00e3o podemos nos permitir viver em um mundo onde 155 milh\u00f5es de crian\u00e7as menores de cinco anos sofrem atrasos no crescimento e milhares de milh\u00f5es de pessoas s\u00e3o empurradas ao desemprego e a pobreza extrema&#8221;, afirmou.<\/p>\n<p>&#8220;Enquanto a Agenda 2030 para o Desenvolvimento Sustent\u00e1vel carece de meios concretos de aplica\u00e7\u00e3o por falta de vontade pol\u00edtica e ego\u00edsmo dos pa\u00edses industrializados, as despesas militares globais superam 1,7 bilh\u00f5es de d\u00f3lares que incluem a moderniza\u00e7\u00e3o de armas nucleares&#8221;, destacou.<\/p>\n<p>&#8220;Assim, recha\u00e7amos a manipula\u00e7\u00e3o, politiza\u00e7\u00e3o e falsa moral no tratamento dos direitos humanos&#8221;, indicou o vice-chanceler cubano.<\/p>\n<p>&#8220;A maquinaria das Na\u00e7\u00f5es Unidas foi incapaz de promover e garantir a realiza\u00e7\u00e3o dos direitos humanos para todos, sobre a base do respeito e apego aos princ\u00edpios de universalidade, imparcialidade, objetividade e n\u00e3o seletividade&#8221;, observou Moreno.<\/p>\n<p>&#8220;Recha\u00e7amos a utiliza\u00e7\u00e3o de conceitos como &#8216;soberania limitada&#8217;, &#8216;interven\u00e7\u00e3o humanit\u00e1ria&#8217;, &#8216;guerra preventiva&#8217; ou &#8216;responsabilidade de proteger&#8217;, pois podem servir a interesse mesquinhos de um pa\u00eds ou grupo de pa\u00edses&#8221;, declarou o diplomata caribenho.<\/p>\n<p>&#8220;Isso pode ser empregue para violar a soberania e a integridade territorial, para apoderar dos recursos e mutilar a independ\u00eancia de nossos pa\u00edses&#8221;, denunciou.<\/p>\n<p>oda\/to\/bj<\/p>\n<p>http:\/\/prensalatina.com.br\/index.php?o=rn&#038;id=15280<\/p>\n","protected":false},"excerpt":{"rendered":"<a class=\"moretag\" href=\"https:\/\/pcb.org.br\/portal2\/19271\"> <\/a>","protected":false},"author":1,"featured_media":0,"comment_status":"closed","ping_status":"closed","sticky":false,"template":"","format":"standard","meta":{"jetpack_post_was_ever_published":false,"_jetpack_newsletter_access":"","_jetpack_dont_email_post_to_subs":false,"_jetpack_newsletter_tier_id":0,"_jetpack_memberships_contains_paywalled_content":false,"_jetpack_memberships_contains_paid_content":false,"footnotes":"","jetpack_publicize_message":"","jetpack_publicize_feature_enabled":true,"jetpack_social_post_already_shared":true,"jetpack_social_options":{"image_generator_settings":{"template":"highway","default_image_id":0,"font":"","enabled":false},"version":2}},"categories":[38,71],"tags":[226],"class_list":["post-19271","post","type-post","status-publish","format-standard","hentry","category-c43-imperialismo","category-c84-solidariedade","tag-4b"],"jetpack_publicize_connections":[],"jetpack_featured_media_url":"","jetpack_shortlink":"https:\/\/wp.me\/p659gw-50P","jetpack-related-posts":[],"jetpack_likes_enabled":true,"jetpack_sharing_enabled":true,"_links":{"self":[{"href":"https:\/\/pcb.org.br\/portal2\/wp-json\/wp\/v2\/posts\/19271","targetHints":{"allow":["GET"]}}],"collection":[{"href":"https:\/\/pcb.org.br\/portal2\/wp-json\/wp\/v2\/posts"}],"about":[{"href":"https:\/\/pcb.org.br\/portal2\/wp-json\/wp\/v2\/types\/post"}],"author":[{"embeddable":true,"href":"https:\/\/pcb.org.br\/portal2\/wp-json\/wp\/v2\/users\/1"}],"replies":[{"embeddable":true,"href":"https:\/\/pcb.org.br\/portal2\/wp-json\/wp\/v2\/comments?post=19271"}],"version-history":[{"count":0,"href":"https:\/\/pcb.org.br\/portal2\/wp-json\/wp\/v2\/posts\/19271\/revisions"}],"wp:attachment":[{"href":"https:\/\/pcb.org.br\/portal2\/wp-json\/wp\/v2\/media?parent=19271"}],"wp:term":[{"taxonomy":"category","embeddable":true,"href":"https:\/\/pcb.org.br\/portal2\/wp-json\/wp\/v2\/categories?post=19271"},{"taxonomy":"post_tag","embeddable":true,"href":"https:\/\/pcb.org.br\/portal2\/wp-json\/wp\/v2\/tags?post=19271"}],"curies":[{"name":"wp","href":"https:\/\/api.w.org\/{rel}","templated":true}]}}