{"id":19277,"date":"2018-04-05T19:31:52","date_gmt":"2018-04-05T22:31:52","guid":{"rendered":"https:\/\/pcb.org.br\/portal2\/?p=19277"},"modified":"2018-04-05T19:31:52","modified_gmt":"2018-04-05T22:31:52","slug":"o-capitalismo-e-violencia","status":"publish","type":"post","link":"https:\/\/pcb.org.br\/portal2\/19277","title":{"rendered":"O capitalismo \u00e9 viol\u00eancia"},"content":{"rendered":"<p><img data-recalc-dims=\"1\" decoding=\"async\" class=\"imagem\" title=\"imagem\" src=\"https:\/\/i0.wp.com\/images.haarets.co.il\/image\/upload\/w_2082%2Ch_1210%2Cx_96%2Cy_151%2Cc_crop%2Cg_north_west\/w_857%2Ch_482%2Cq_auto%2Cc_fill%2Cf_auto\/fl_any_format.preserve_transparency.progressive%3Anone\/v1522592518\/1.5963999.224828637.jpg?w=747&#038;ssl=1\" alt=\"imagem\" \/><!--more-->Di\u00e1rio Liberdade<\/p>\n<p>Palestina, Donbass, Catalunha, Col\u00f4mbia. A comunica\u00e7\u00e3o social d\u00e1 voz ao agressor e absolve a viol\u00eancia exercida pelos Estados implicados. Contra a opress\u00e3o, os povos conservam o direito \u00e0 insurrei\u00e7\u00e3o.<\/p>\n<p>H\u00e1 cerca de dois meses, entrevistei um palestino que passou parte da juventude nos c\u00e1rceres israelenses por lan\u00e7ar pedras e coquet\u00e9is molotov contra tanques. Um dia, o ex\u00e9rcito ocupante cercou-lhe a casa e arrastou-o para a pris\u00e3o. Teve melhor sorte que um dos seus companheiros abatido a tiro. Aos 13 anos, foi torturado e atirado para uma cela cheia de baratas e ratazanas.<\/p>\n<p>H\u00e1 uns anos, o jornalista Jorge Enrique Botero desvendou a vida de Solangie, uma destemida guerrilheira colombiana que foi uma das vozes da Cadena Radial Bolivariana, emissora clandestina das FARC. A m\u00e3e era dona de um bordel numa aldeia no meio da selva e o padrasto tentara viol\u00e1-la v\u00e1rias vezes. Uma noite, esperou-o na cama e esfaqueou-o. Depois de desenhar mapas para a guerrilha e de fazer parte da rede de vigil\u00e2ncia, a guerrilha acedeu aos sucessivos pedidos de Solangie para nela ingressar. Naquela altura explicava que, para muitas mulheres, as FARC n\u00e3o eram uma op\u00e7\u00e3o. Era a \u00fanica via para fugir de uma vida miser\u00e1vel num bordel ou para evitar de receber pancada do marido.<\/p>\n<p>Para muitos, no Leste da Ucr\u00e2nia, a \u00fanica op\u00e7\u00e3o foi pegar em armas para se defenderem das agress\u00f5es fascistas caracterizadas sobretudo pelo anticomunismo e pela febre antirrussa. Em Odessa, em maio de 2014, foram assassinados 46 antifascistas na Casa dos Sindicatos (1), num contexto em que milhares de mulheres e homens entregues \u00e0 sua pr\u00f3pria sorte se armavam para se defenderem da orgia de viol\u00eancia patrocinada por Washington e Berlim.<\/p>\n<p>Entretanto, ficamos sabendo esta semana que o Minist\u00e9rio P\u00fablico alem\u00e3o pede a extradi\u00e7\u00e3o do presidente catal\u00e3o, que estava exilado em Bruxelas, para Madri, que o persegue por organizar um referendo. Isto dias depois de os tribunais espanh\u00f3is ordenarem a pris\u00e3o de v\u00e1rios deputados independentistas catal\u00e3es, que se juntam ao conjunto de centenas de presos pol\u00edticos espalhados por v\u00e1rias pris\u00f5es de Espanha. A repress\u00e3o desatada contra os independentistas da Catalunha motivou, ali\u00e1s, afirma\u00e7\u00f5es contundentes do l\u00edder patriota basco Arnaldo Otegi: \u00abCom as decis\u00f5es adotadas na Catalunha, o Estado est\u00e1 transmitindo aos independentistas a mensagem de que \u00e9 imposs\u00edvel alcan\u00e7ar uma rep\u00fablica catal\u00e3, galega, can\u00e1ria ou basca pelas vias pac\u00edficas e democr\u00e1ticas\u00bb, declarou o coordenador-geral do partido EH Bildu antes de reafirmar a sua aposta, ainda assim, por essas mesmas vias.<\/p>\n<p>Destas quatro hist\u00f3rias, boa parte dos \u00f3rg\u00e3os de comunica\u00e7\u00e3o social tratou de dar voz ao agressor e de desqualificar o agredido. Agora que o ex\u00e9rcito de Israel acaba de cometer um massacre em Gaza, ningu\u00e9m exige a expuls\u00e3o de diplomatas israelenses. Na Col\u00f4mbia, de onde n\u00e3o chegava mais do que not\u00edcias de atentados das FARC, sem nunca se falar dos assassinatos de sindicalistas, camponeses e militantes de esquerda, a guerrilha calou as armas e a imprensa continua sem noticiar a viol\u00eancia promovida pela oligarquia. J\u00e1 para n\u00e3o falar da resist\u00eancia antifascista nas autoproclamadas rep\u00fablicas independentes, no Leste da Ucr\u00e2nia, na regi\u00e3o da bacia do rio Don, conhecida como Donbass. Para ela, a imprensa tratou de inventar o r\u00f3tulo de pr\u00f3-russo.<\/p>\n<p>No caso da Catalunha, onde a viol\u00eancia continua a ser monop\u00f3lio absoluto do Estado espanhol, argumenta-se com o imp\u00e9rio da legisla\u00e7\u00e3o como se os regimes fascistas n\u00e3o tivessem tamb\u00e9m eles as suas leis e constitui\u00e7\u00f5es. Que o direito \u00e9 apenas outra forma de exercer a for\u00e7a e a viol\u00eancia outra forma de fazer pol\u00edtica, s\u00e3o princ\u00edpios b\u00e1sicos do capitalismo.<\/p>\n<p>Por todo o mundo, e crescentemente na Europa, a fascistiza\u00e7\u00e3o dos Estados, a que alguns preferem chamar autoritarismo ou populismo, cresce a passos largos para defender um sistema cada vez mais incapaz de sustar a crise em que se encontra e de esconder o seu car\u00e1ter violento.<\/p>\n<p>Foi em Abril que os militares e o povo portugu\u00eas derrotaram o imp\u00e9rio da lei e da viol\u00eancia fascistas para encetar um per\u00edodo que todavia \u00e9 uma espinha encravada na garganta de alguns. Num dos mais bonitos textos escritos em portugu\u00eas, a nossa Constitui\u00e7\u00e3o \u00abreconhece o direito dos povos \u00e0 autodetermina\u00e7\u00e3o e independ\u00eancia e ao desenvolvimento, bem como o direito \u00e0 insurrei\u00e7\u00e3o contra todas as formas de opress\u00e3o\u00bb.<\/p>\n<p>Para uma reportagem mais completa do massacre de Odessa, no pr\u00f3prio dia do acontecimento, ver \u00ab<a href=\"https:\/\/www.rt.com\/news\/156592-odessa-activists-burnt-alive\/\" target=\"_blank\" rel=\"noopener\">Odessa slaughter: how vicious mob burnt anti-govt activists alive<\/a>\u00bb,\u00a0<em>RT News<\/em>\u00a0(3 de Maio de 2014).<\/p>\n<p>Fonte:\u00a0<a href=\"https:\/\/www.abrilabril.pt\/internacional\/o-capitalismo-e-violencia\" target=\"_blank\" rel=\"noopener\">Abril Abril<\/a><\/p>\n","protected":false},"excerpt":{"rendered":"<a class=\"moretag\" href=\"https:\/\/pcb.org.br\/portal2\/19277\"> <\/a>","protected":false},"author":1,"featured_media":0,"comment_status":"closed","ping_status":"closed","sticky":false,"template":"","format":"standard","meta":{"jetpack_post_was_ever_published":false,"_jetpack_newsletter_access":"","_jetpack_dont_email_post_to_subs":false,"_jetpack_newsletter_tier_id":0,"_jetpack_memberships_contains_paywalled_content":false,"_jetpack_memberships_contains_paid_content":false,"footnotes":"","jetpack_publicize_message":"","jetpack_publicize_feature_enabled":true,"jetpack_social_post_already_shared":true,"jetpack_social_options":{"image_generator_settings":{"template":"highway","default_image_id":0,"font":"","enabled":false},"version":2}},"categories":[38],"tags":[224],"class_list":["post-19277","post","type-post","status-publish","format-standard","hentry","category-c43-imperialismo","tag-3b"],"jetpack_publicize_connections":[],"jetpack_featured_media_url":"","jetpack_shortlink":"https:\/\/wp.me\/p659gw-50V","jetpack-related-posts":[],"jetpack_likes_enabled":true,"jetpack_sharing_enabled":true,"_links":{"self":[{"href":"https:\/\/pcb.org.br\/portal2\/wp-json\/wp\/v2\/posts\/19277","targetHints":{"allow":["GET"]}}],"collection":[{"href":"https:\/\/pcb.org.br\/portal2\/wp-json\/wp\/v2\/posts"}],"about":[{"href":"https:\/\/pcb.org.br\/portal2\/wp-json\/wp\/v2\/types\/post"}],"author":[{"embeddable":true,"href":"https:\/\/pcb.org.br\/portal2\/wp-json\/wp\/v2\/users\/1"}],"replies":[{"embeddable":true,"href":"https:\/\/pcb.org.br\/portal2\/wp-json\/wp\/v2\/comments?post=19277"}],"version-history":[{"count":0,"href":"https:\/\/pcb.org.br\/portal2\/wp-json\/wp\/v2\/posts\/19277\/revisions"}],"wp:attachment":[{"href":"https:\/\/pcb.org.br\/portal2\/wp-json\/wp\/v2\/media?parent=19277"}],"wp:term":[{"taxonomy":"category","embeddable":true,"href":"https:\/\/pcb.org.br\/portal2\/wp-json\/wp\/v2\/categories?post=19277"},{"taxonomy":"post_tag","embeddable":true,"href":"https:\/\/pcb.org.br\/portal2\/wp-json\/wp\/v2\/tags?post=19277"}],"curies":[{"name":"wp","href":"https:\/\/api.w.org\/{rel}","templated":true}]}}