{"id":1928,"date":"2011-10-04T23:01:13","date_gmt":"2011-10-04T23:01:13","guid":{"rendered":"http:\/\/pcb.org.br\/portal2\/?p=1928"},"modified":"2011-10-04T23:01:13","modified_gmt":"2011-10-04T23:01:13","slug":"colombia-congreso-nacional-de-terras-territorios-e-soberanias","status":"publish","type":"post","link":"https:\/\/pcb.org.br\/portal2\/1928","title":{"rendered":"Col\u00f4mbia: Congreso Nacional de Terras, Territ\u00f3rios e Soberanias"},"content":{"rendered":"\n<p>La ex parlamentaria del congreso Colombiano Piedad C\u00f3rdoba invita a la gran movilizaci\u00f3n hacia Cajamarca (Tolima) el d\u00eda 4 de octubre donde las comunidades realizaran un acto simb\u00f3lico y se leer\u00e1n la conclusiones del Congreso Nacional de Tierras, Territorios y Soberan\u00edas.<\/p>\n<p><a href=\"https:\/\/notiagen.wordpress.com\/2011\/10\/02\/piedad-cordoba-en-el-congreso-nacional-de-tierras-territorios-y-soberanias\/\" target=\"_blank\">Ver v\u00eddeo&#8230;<\/a><\/p>\n<p><strong>Vivencia del Congreso<\/strong><\/p>\n<p>Representantes de Popayan, Antioquia y Buenaventura nos demuestran la sinton\u00eda de todos y todas las participantes del congreso Nacional de Tierras, Territorios y Soberan\u00edas. \u00abPorque esta tierra es nuestra el territorio lo construimos los Pueblos\u00bb.<\/p>\n<p><a href=\"https:\/\/notiagen.wordpress.com\/2011\/10\/02\/vivencia-del-congreso\/\" target=\"_blank\">Ver v\u00eddeo&#8230;<\/a><\/p>\n<p><strong>Movilizaci\u00f3n y ordenamiento territorial propio se discute en el Congreso de Tierras<\/strong><\/p>\n<p>Miles de personas congregadas en el Congreso de Tierras, Territorios y Soberan\u00edas, en la ciudad de Cali, hicieron una caracterizaci\u00f3n de los problemas que afrontan las comunidades rurales y urbanas de Colombia. Lo que han llamado las leyes del despojo, las agresiones y amenazas a las organizaciones populares, la imposici\u00f3n de megaproyectos mineros y agroindustriales y la militarizaci\u00f3n, son, seg\u00fan los participantes, las principales caracter\u00edsticas del conflicto territorial del pa\u00eds y motores de la guerra.<\/p>\n<p><a href=\"https:\/\/notiagen.wordpress.com\/2011\/10\/02\/movilizacion-y-ordenamiento-territorial-propio-se-discute-en-el-congreso-de-tierras\/\" target=\"_blank\">Leer m\u00e1s&#8230;<\/a><\/p>\n<p><strong>Creando El Mandato de los Territorios Urbanos<\/strong><\/p>\n<p>Durante el Congreso de Tierras, Territorios y Soberan\u00edas, los participantes de Tierras Y Territorios Urbanos dicen que han visto constantemente atacado el territorio urbano por los problemas de privatizaci\u00f3n de servicios p\u00fablicos, los precarios niveles de salud y educaci\u00f3n, los Planes de Ordenamiento Territorial que han despojado a los pueblos de sus comunidades y la inversi\u00f3n de capital financiero en nuestro pa\u00eds.<\/p>\n<p><a href=\"https:\/\/notiagen.wordpress.com\/2011\/10\/02\/creando-el-mandato-de-los-territorios-urbanos\/\" target=\"_blank\">Leer m\u00e1s&#8230;<\/a><\/p>\n<p><strong>Nari\u00f1o propone paro c\u00edvico nacional minero energ\u00e9tico<\/strong><\/p>\n<p>Con una significativa participaci\u00f3n de m\u00e1s de seiscientas personas del departamento de Nari\u00f1o, situado al sur de Colombia, representantes de organizaciones sociales campesinas, estudiantiles, afrodescendientes, de mujeres e ind\u00edgenas, el departamento de Nari\u00f1o asiste al Primer Congreso Nacional de Tierras, Territorios y Soberan\u00edas, cuya sede es la ciudad de Cali y que culminar\u00e1 en el municipio de Cajamarca, Tolima, el 4 de octubre de 2011.<\/p>\n<p><a href=\"https:\/\/notiagen.wordpress.com\/2011\/10\/01\/narino-propone-paro-civico-nacional-minero-energetico\/\" target=\"_blank\">Leer m\u00e1s&#8230;<\/a><\/p>\n<p><strong>La tenencia y el despojo de las tierras. Primer tema de debate en el Congreso de Cali<\/strong><\/p>\n<p>La tenencia y el despojo de la tierra fueron los aspectos que debati\u00f3 la primera mesa de trabajo del Congreso, en el d\u00eda inicial de discusiones. Mandatar es luchar por la liberaci\u00f3n de los territorios y el poder de los pueblos, dijeron las personas que deliberaban, mientras se negaron a reconocer las leyes y pol\u00edticas impuestas por el gobierno.<\/p>\n<p><a href=\"https:\/\/notiagen.wordpress.com\/2011\/10\/01\/la-tenencia-y-el-despojo-de-las-tierras-primer-tema-de-debate-en-el-congreso-de-cali\/\" target=\"_blank\">Leer m\u00e1s&#8230;<\/a><\/p>\n<p><strong>Debaten en Colombia sobre tenencia de tierras y defensa de territorios ancestrales<\/strong><\/p>\n<p>Un grupo de al menos 15 mil personas, en su mayor\u00eda ind\u00edgenas, campesinos y afrodescendientes de Colombia, inauguraron este viernes en Cali (suroeste)\u00a0 un congreso nacional sobre tierras y defensa de territorios ancestrales de las minor\u00edas \u00e9tnicas del pa\u00eds suramericano. En el encuentro tambi\u00e9n se discute sobre la distribuci\u00f3n y preservaci\u00f3n de los recursos naturales.<\/p>\n<p><a href=\"http:\/\/congresodetierrasyterritorios.elalimentoesvital.com\/index.php?option=com_content&amp;view=article&amp;id=74:debaten-en-colombia-sobre-tenencia-de-tierras-y-defensa-de-territorios-ancestrales&amp;catid=15&amp;Itemid=121\" target=\"_blank\">Leer m\u00e1s&#8230;<\/a><\/p>\n<p><strong>Primer d\u00eda del Congreso Nacional de Tierras, Territorio y Soberan\u00eda<\/strong><\/p>\n<p>El primero de Octubre de 2011 empezaron las deliberaciones del congreso nacional de tierras , territorios y soberan\u00edas que desde el d\u00eda de 30 de septiembre se desarrolla en la Universidad del Valle en la ciudad de Cali.<\/p>\n<p><a href=\"https:\/\/notiagen.wordpress.com\/2011\/10\/01\/primer-dia-del-congreso-nacional-de-tierras-territorio-y-soberania\/#more-2342\" target=\"_blank\">Ver v\u00eddeo&#8230;<\/a><\/p>\n<p><strong>El Congreso de Tierra,Territorio y Soberan\u00eda en im\u00e1genes<\/strong><\/p>\n<p>El Congreso durante la llegada de los asistentes y sus dem\u00e1s participantes y el momento de la inauguraci\u00f3n<\/p>\n<p>Primer d\u00eda (30 de septiembre)<\/p>\n<p>llegada e instalaci\u00f3n<\/p>\n<p><a href=\"https:\/\/notiagen.wordpress.com\/2011\/10\/01\/el-congreso-de-tierra-y-territorio-en-imagenes\/\" target=\"_blank\">Ver galer\u00eda fotogr\u00e1fica&#8230;<\/a><\/p>\n<p><strong>\u201cA deliberar y tomar decisiones sobre nuestros territorios\u201d<\/strong><\/p>\n<p>Este 30 de septiembre llegaron aproximadamente 15 mil personas provenientes del suroccidente colombiano y and\u00e9n pac\u00edfico (Choc\u00f3 Biogeogr\u00e1fico, Valle, Cauca); centro del pa\u00eds (Cundinamarca, Boyac\u00e1 y Tolima); Magdalena Medio, sur de Bol\u00edvar, sur y regi\u00f3n amaz\u00f3nica (Putumayo, Caquet\u00e1).<\/p>\n<p><a href=\"http:\/\/congresodetierrasyterritorios.elalimentoesvital.com\/index.php?option=com_content&amp;view=article&amp;id=75:a-deliberar-y-tomar-decisiones-sobre-nuestros-territorios&amp;catid=15&amp;Itemid=121\" target=\"_blank\">Leer m\u00e1s&#8230;<\/a><\/p>\n<p><strong>Entrevista en Telesur. Debaten en Colombia sobre tenencia de tierras y defensa de territorios ancestrales<\/strong><\/p>\n<p>Un grupo de al menos 15 mil personas, en su mayor\u00eda ind\u00edgenas, campesinos y afrodescendientes de Colombia, inauguraron este viernes en Cali (suroeste)\u00a0 un congreso nacional sobre tierras y defensa de territorios ancestrales de las minor\u00edas \u00e9tnicas del pa\u00eds suramericano. En el encuentro tambi\u00e9n se discute sobre la distribuci\u00f3n y preservaci\u00f3n de los recursos naturales.<\/p>\n<p><a href=\"http:\/\/www.telesurtv.net\/secciones\/noticias\/98417-NN\/debaten-en-colombia-sobre-tenencia-de-tierras-y-defensa-de-territorios-ancestrales\/\" target=\"_blank\">Ver entrevista&#8230;<\/a><\/p>\n<p><strong>Acto de instalaci\u00f3n pol\u00edtica. \u00abLa tierra no se vende, se libera y se defiende\u00bb<\/strong><\/p>\n<p>Mujeres, ni\u00f1as y ni\u00f1os, estudiantes,ind\u00edgenas, campesinos, afrodescendientes,pobladores urbanos, miembros de organizaciones sociales, comunitarias y sindicales est\u00e1n cumpliendo la cita en la universidad del Valle (Cali) para construir mandatos que apunten a la soluci\u00f3n de las problem\u00e1ticas locales, regionales y nacionales, en pro de la transformaci\u00f3n por un nuevo pa\u00eds.<\/p>\n<p><a href=\"https:\/\/notiagen.wordpress.com\/2011\/10\/01\/congreso-de-tierras-territorios-y-soberanias-acto-de-instalacion-politica-%C2%ABla-tierra-no-se-vende-se-libera-y-se-defiende%C2%BB\/\" target=\"_blank\">Leer m\u00e1s&#8230;<\/a><\/p>\n<p><strong>Miles de colombianos se concentran para el congreso sobre tierras en Colombia<\/strong><\/p>\n<p>Al menos 15.000 ind\u00edgenas, campesinos y afrodescendientes de Colombia llegaron hoy a la ciudad suroccidental de Cali para celebrar un congreso nacional sobre tierras y defensa de territorios ancestrales de las minor\u00edas \u00e9tnicas del pa\u00eds.<\/p>\n<p><a href=\"http:\/\/congresodetierrasyterritorios.elalimentoesvital.com\/index.php?option=com_content&amp;view=article&amp;id=73:miles-de-colombianos-se-concentran-para-el-congreso-sobre-tierras-en-colombia&amp;catid=15&amp;Itemid=121\" target=\"_blank\">Leer m\u00e1s&#8230;<\/a><\/p>\n<p><strong>Llegada a la Universidad del Valle de las diferentes comunidades al Congreso<\/strong><\/p>\n<p>Llegada a Jamundi de las comunidades del sur occidente colombiano y la salida hacia Cali al campus de la Universidad del Valle donde se encontraron con mas de 15 mil congresistas para debatir estos 3 d\u00edas para luego salir hacia Cajamarca.<\/p>\n<p><a href=\"https:\/\/notiagen.wordpress.com\/2011\/10\/01\/llegada-a-la-universidad-del-valle-de-las-diferentes-comunidades-al-congreso\/\" target=\"_blank\">Ver v\u00eddeo&#8230;<\/a><\/p>\n<p><strong>Chivas para arribar, tulpas para calentarse, bastones para proteger. Tres d\u00edas en la Univalle para los pueblos organizados<\/strong><\/p>\n<p>Desde el viernes 30 de septiembre de 2011 empez\u00f3 en la Universidad del Valle, instituci\u00f3n p\u00fablica con sede en la ciudad de Cali, el Congreso de Tierras, Territorios y Soberan\u00edas, espacio de encuentro de m\u00faltiples organizaciones campesinas, ind\u00edgenas, estudiantiles y de barrios populares y donde colectivamente plantean alternativas en vista a solucionar sus principales problem\u00e1ticas con respecto a tierras, territorios y autonom\u00eda como grupos humanos.<\/p>\n<p><a href=\"https:\/\/notiagen.wordpress.com\/\" target=\"_blank\">Leer m\u00e1s&#8230;<\/a><\/p>\n<p><strong>En Cali. Todo listo para el inicio del CNTTyS<\/strong><\/p>\n<p>Hoy jueves 29 de septiembre de 2011, a las 10 de la ma\u00f1ana, en el Centro Cultural de la ciudad de Cali, departamento del Valle del Cauca,\u00a0 se adelant\u00f3 una rueda de prensa convocada por el Congreso de los Pueblos, la Red Frente a la Gran Miner\u00eda Transnacional \u2014Reclame\u2014 y el Movimiento de V\u00edctimas de Cr\u00edmenes de Estado \u2014Movice\u2014.<\/p>\n<p><a href=\"http:\/\/congresodetierrasyterritorios.elalimentoesvital.com\/index.php?option=com_content&amp;view=article&amp;id=72:en-cali-todo-listo-para-el-inicio-del-congreso-de-tierras-territorios-y-soberanias&amp;catid=15&amp;Itemid=121\" target=\"_blank\">Leer m\u00e1s&#8230;<\/a><\/p>\n<p>Entradas recientes en\u00a0<a href=\"http:\/\/notiagen.wordpress.com\/\" target=\"_blank\">http:\/\/notiagen.wordpress.com\/<\/a><\/p>\n","protected":false},"excerpt":{"rendered":"\n\n\nCr\u00e9dito: PCB\n\n\n\n\n\n\n\n\nPiedad C\u00f3rdoba en el congreso Nacional de Tierras, Territorios y Soberan\u00edas\n<a class=\"moretag\" href=\"https:\/\/pcb.org.br\/portal2\/1928\"> <\/a>","protected":false},"author":1,"featured_media":0,"comment_status":"open","ping_status":"open","sticky":false,"template":"","format":"standard","meta":{"jetpack_post_was_ever_published":false,"_jetpack_newsletter_access":"","_jetpack_dont_email_post_to_subs":false,"_jetpack_newsletter_tier_id":0,"_jetpack_memberships_contains_paywalled_content":false,"_jetpack_memberships_contains_paid_content":false,"footnotes":"","jetpack_publicize_message":"","jetpack_publicize_feature_enabled":true,"jetpack_social_post_already_shared":false,"jetpack_social_options":{"image_generator_settings":{"template":"highway","default_image_id":0,"font":"","enabled":false},"version":2}},"categories":[34],"tags":[],"class_list":["post-1928","post","type-post","status-publish","format-standard","hentry","category-c39-colombia"],"jetpack_publicize_connections":[],"jetpack_featured_media_url":"","jetpack_shortlink":"https:\/\/wp.me\/p659gw-v6","jetpack-related-posts":[],"jetpack_likes_enabled":true,"jetpack_sharing_enabled":true,"_links":{"self":[{"href":"https:\/\/pcb.org.br\/portal2\/wp-json\/wp\/v2\/posts\/1928","targetHints":{"allow":["GET"]}}],"collection":[{"href":"https:\/\/pcb.org.br\/portal2\/wp-json\/wp\/v2\/posts"}],"about":[{"href":"https:\/\/pcb.org.br\/portal2\/wp-json\/wp\/v2\/types\/post"}],"author":[{"embeddable":true,"href":"https:\/\/pcb.org.br\/portal2\/wp-json\/wp\/v2\/users\/1"}],"replies":[{"embeddable":true,"href":"https:\/\/pcb.org.br\/portal2\/wp-json\/wp\/v2\/comments?post=1928"}],"version-history":[{"count":0,"href":"https:\/\/pcb.org.br\/portal2\/wp-json\/wp\/v2\/posts\/1928\/revisions"}],"wp:attachment":[{"href":"https:\/\/pcb.org.br\/portal2\/wp-json\/wp\/v2\/media?parent=1928"}],"wp:term":[{"taxonomy":"category","embeddable":true,"href":"https:\/\/pcb.org.br\/portal2\/wp-json\/wp\/v2\/categories?post=1928"},{"taxonomy":"post_tag","embeddable":true,"href":"https:\/\/pcb.org.br\/portal2\/wp-json\/wp\/v2\/tags?post=1928"}],"curies":[{"name":"wp","href":"https:\/\/api.w.org\/{rel}","templated":true}]}}