{"id":193,"date":"2008-10-03T08:40:13","date_gmt":"2008-10-03T08:40:13","guid":{"rendered":"http:\/\/pcb.org.br\/portal2\/?p=193"},"modified":"2008-10-03T08:40:13","modified_gmt":"2008-10-03T08:40:13","slug":"honduras-resolucao-do-encontro-da-esquerda-de-honduras","status":"publish","type":"post","link":"https:\/\/pcb.org.br\/portal2\/193","title":{"rendered":"HONDURAS: Resolu\u00e7\u00e3o do Encontro da Esquerda de Honduras"},"content":{"rendered":"\n<p>Seguindo o caminho dos nossos her\u00f3is nacionais Lempira, Moraz\u00e1n, Caba\u00f1as, Valle, Herrera, assim como o pensamento e a\u00e7\u00e3o de latino-americanistas como Bol\u00edvar, San Mart\u00edn, Artigas, Sucre e Mart\u00ed, precursores do antiimperialismo, n\u00f3s, as organiza\u00e7\u00f5es que subscrevemos este comunicado, marcamos presen\u00e7a na data comemorativa da nossa independ\u00eancia da Espanha para manifestar ao Povo Hondurenho e aos demais povos do mundo o nosso compromisso de continuar lutando por uma Segunda e verdadeira Independ\u00eancia p\u00e1tria, que suponha a Liberta\u00e7\u00e3o Nacional das ataduras que submetem o nosso pa\u00eds \u00e0 domina\u00e7\u00e3o do Imp\u00e9rio dos Estados Unidos e dos atuais oligarcas, que se op\u00f5em ao m\u00ednimo progresso social das classes despossu\u00eddas e a qualquer transforma\u00e7\u00e3o que n\u00e3o resulte em seu pr\u00f3prio benef\u00edcio.<\/p>\n<p>Neste 15 de setembro, a Am\u00e9rica Latina e Honduras atravessam uma conjuntura caracterizada pelo seguinte:<\/p>\n<p>1.  Povos latino-americanos como Bol\u00edvia, Venezuela, Nicar\u00e1gua, t\u00eam desafiado a pot\u00eancia imperial, defendendo seus recursos naturais e investindo as riquezas que estes geram em servi\u00e7os para os seus povos. Estes pa\u00edses, junto \u00e0 irm\u00e3 Rep\u00fablica de Cuba, formaram a Alternativa Bolivariana das Am\u00e9ricas (ALBA), como um projeto latino-americano oposto ao dos Estados Unidos de pilhagem e explora\u00e7\u00e3o dos nossos recursos, denominado ALCA-TLC, o qual \u00e9 apoiado pela classe dominante servil e lacaia, entranhada no tradicionalismo pol\u00edtico e nas organiza\u00e7\u00f5es de c\u00fapula da grande empresa privada.<\/p>\n<p>2.  O Estado de Honduras, por decis\u00e3o do governo do Presidente Manuel Zelaya Rosales, aderiu \u00e0 ALBA, comprometendo-se para que seus recursos beneficiem os setores sociais mais pobres do campo e da cidade, atrav\u00e9s da aplica\u00e7\u00e3o de projetos sociais e econ\u00f4micos em termos de produ\u00e7\u00e3o, moradia, educa\u00e7\u00e3o, sa\u00fade, obras p\u00fablicas e energia; decis\u00e3o que apoiamos na medida em que esses recursos sejam investidos pelo Estado no setor social da economia para beneficiar diretamente o Povo Hondurenho.<\/p>\n<p>3.  Os herdeiros dos que fuzilaram Moraz\u00e1n, e que continuam opondo-se \u00e0 unidade dos povos latino-americanos frente \u00e0 pot\u00eancia imperial, s\u00e3o os que se op\u00f5em para que o Povo seja beneficiado pelos projetos unit\u00e1rios e integracionistas do continente, como a ALBA e a UNASUR. Tamb\u00e9m se op\u00f5em \u00e0 solidariedade que deve haver entre os povos e governos legitimamente eleitos, dizendo que \u00e9 &#8220;suar a febre alheia&#8221;, como a Bol\u00edvia, hoje amea\u00e7ada por um processo de Golpe de Estado, no qual participa o Departamento de Estado dos Estados Unidos, cujo Embaixador foi merecidamente expulso desse pa\u00eds.<\/p>\n<p>4.  Neste sentido, respaldamos a decis\u00e3o do governo do Presidente Zelaya de atrasar a entrega de credenciais ao novo Embaixador gringo, em demonstra\u00e7\u00e3o de solidariedade ao Povo e ao governo da Bol\u00edvia, e al\u00e9m do mais, reivindicamos que avance para a revoga\u00e7\u00e3o dos Tratados Militares estabelecidos entre Honduras e os Estados Unidos, assim como a expuls\u00e3o e n\u00e3o instala\u00e7\u00e3o de bases militares norte-americanas em qualquer parte do territ\u00f3rio hondurenho.<\/p>\n<p>5.  Condenamos a hipocrisia e o cinismo dos grandes empres\u00e1rios e seus porta-vozes pol\u00edticos, que hoje dizem estar defendendo os migrantes hondurenhos de uma prov\u00e1vel repres\u00e1lia do governo gringo ante a ades\u00e3o de Honduras \u00e0 ALBA. Estes mesmos setores s\u00e3o os que os expulsaram do pa\u00eds com suas pol\u00edticas de livre com\u00e9rcio, quebraram a produ\u00e7\u00e3o nacional e nos converteram em consumidores dependentes das mercadorias estrangeiras. S\u00e3o os mesmos que paralisaram e revogaram a reforma agr\u00e1ria, privando os camponeses do acesso \u00e0 terra, atentando contra a soberania alimentar, e com isso, obrigando-os a emigrar para o estrangeiro.<\/p>\n<p>6. Fazemos um chamado \u00e0s organiza\u00e7\u00f5es oper\u00e1rias, camponesas, aos professores e estudantes e ao Povo hondurenho em geral a reivindicar nesta conjuntura:<\/p>\n<p>\u2022 a aprova\u00e7\u00e3o sem demoras da ALBA, por parte do Congresso Nacional; \u2022 o investimento dos recursos da ALBA para impulsionar um forte setor social da economia; \u2022 que todos os combust\u00edveis sejam adquiridos atrav\u00e9s da PETROCARIBE, excluindo as transnacionais da cadeia de armazenamento, transporte e distribui\u00e7\u00e3o, e que os recursos financeiros originados nessa opera\u00e7\u00e3o se destinem \u00e0 nacionaliza\u00e7\u00e3o da energia el\u00e9trica e \u00e0s telecomunica\u00e7\u00f5es, assim como \u00e0 gradativa nacionaliza\u00e7\u00e3o dos setores estrat\u00e9gicos da economia.<\/p>\n<p>7. Finalmente, lutemos pela unidade dos Povos da Am\u00e9rica Central, o que \u00e9 distinto da fus\u00e3o de capitais que praticam a oligarquia e o imp\u00e9rio.<\/p>\n<p>Tegucigalpa, M.D.C. setembro de 2008<\/p>\n<p>BLOCO POPULAR Encontro da Esquerda de Honduras<\/p>\n","protected":false},"excerpt":{"rendered":"Setembro 2008\nPor nossa segunda independ\u00eancia\nCondenamos a subservi\u00eancia das oligarquias com o imp\u00e9rio gringo\nH\u00e1 187 anos, nossos her\u00f3is lutaram e conquistaram a nossa independ\u00eancia da Espanha. Por\u00e9m, esta proeza n\u00e3o se converteu numa Liberta\u00e7\u00e3o Nacional para o povo centro-americano, porque deixou intactas as estruturas econ\u00f4micas, sociais e pol\u00edticas da oligarquia local, respons\u00e1vel, junto ao imperialismo ingl\u00eas, pela posterior desuni\u00e3o da Am\u00e9rica Central.\nHoje em dia, os herdeiros dessa mesma oligarquia corrupta, parasit\u00e1ria e exploradora s\u00e3o os que det\u00eam o poder e mant\u00eam nosso povo em condi\u00e7\u00f5es degradantes e desumanas de mis\u00e9ria e domina\u00e7\u00e3o, aplicando um capitalismo neoliberal que converte em mercadorias o ser humano, os recursos naturais, os servi\u00e7os p\u00fablicos e inclusive a pol\u00edtica, violando os direitos humanos mais elementares de hondurenhos e hondurenhas.\n<a class=\"moretag\" href=\"https:\/\/pcb.org.br\/portal2\/193\"> <\/a>","protected":false},"author":1,"featured_media":0,"comment_status":"open","ping_status":"open","sticky":false,"template":"","format":"standard","meta":{"jetpack_post_was_ever_published":false,"_jetpack_newsletter_access":"","_jetpack_dont_email_post_to_subs":false,"_jetpack_newsletter_tier_id":0,"_jetpack_memberships_contains_paywalled_content":false,"_jetpack_memberships_contains_paid_content":false,"footnotes":"","jetpack_publicize_message":"","jetpack_publicize_feature_enabled":true,"jetpack_social_post_already_shared":false,"jetpack_social_options":{"image_generator_settings":{"template":"highway","default_image_id":0,"font":"","enabled":false},"version":2}},"categories":[30],"tags":[],"class_list":["post-193","post","type-post","status-publish","format-standard","hentry","category-c38-honduras"],"jetpack_publicize_connections":[],"jetpack_featured_media_url":"","jetpack_shortlink":"https:\/\/wp.me\/p659gw-37","jetpack-related-posts":[],"jetpack_likes_enabled":true,"jetpack_sharing_enabled":true,"_links":{"self":[{"href":"https:\/\/pcb.org.br\/portal2\/wp-json\/wp\/v2\/posts\/193","targetHints":{"allow":["GET"]}}],"collection":[{"href":"https:\/\/pcb.org.br\/portal2\/wp-json\/wp\/v2\/posts"}],"about":[{"href":"https:\/\/pcb.org.br\/portal2\/wp-json\/wp\/v2\/types\/post"}],"author":[{"embeddable":true,"href":"https:\/\/pcb.org.br\/portal2\/wp-json\/wp\/v2\/users\/1"}],"replies":[{"embeddable":true,"href":"https:\/\/pcb.org.br\/portal2\/wp-json\/wp\/v2\/comments?post=193"}],"version-history":[{"count":0,"href":"https:\/\/pcb.org.br\/portal2\/wp-json\/wp\/v2\/posts\/193\/revisions"}],"wp:attachment":[{"href":"https:\/\/pcb.org.br\/portal2\/wp-json\/wp\/v2\/media?parent=193"}],"wp:term":[{"taxonomy":"category","embeddable":true,"href":"https:\/\/pcb.org.br\/portal2\/wp-json\/wp\/v2\/categories?post=193"},{"taxonomy":"post_tag","embeddable":true,"href":"https:\/\/pcb.org.br\/portal2\/wp-json\/wp\/v2\/tags?post=193"}],"curies":[{"name":"wp","href":"https:\/\/api.w.org\/{rel}","templated":true}]}}