{"id":1934,"date":"2011-10-07T00:16:36","date_gmt":"2011-10-07T00:16:36","guid":{"rendered":"http:\/\/pcb.org.br\/portal2\/?p=1934"},"modified":"2011-10-07T00:16:36","modified_gmt":"2011-10-07T00:16:36","slug":"video-em-solidariedade-a-julian-conrado","status":"publish","type":"post","link":"https:\/\/pcb.org.br\/portal2\/1934","title":{"rendered":"V\u00eddeo em Solidariedade a Julian Conrado:"},"content":{"rendered":"\n<p><a href=\"http:\/\/www.youtube.com\/watch?v=9IxUyDW4R5c&amp;feature=channel_video_title\" target=\"_blank\"><strong>http:\/\/www.youtube.com\/watch?v=9IxUyDW4R5c&amp;feature=channel_video_title<\/strong><\/a><\/p>\n<p><em><strong>Novo VIDEO para difundir, em solidariedade a Juli\u00e1n Conrado. Por respeito pela Conven\u00e7\u00e3o de Genebra corresponde que a Venezuela outorgue asilo a Juli\u00e1n Conrado ou o remeta a um 3\u00ba pa\u00eds neutro<\/strong><\/em><\/p>\n<p><strong>Para Que N\u00e3o Se Cale o Cantor, Canarias, NUEVO VIDEO<\/strong><\/p>\n<p>NOVO v\u00eddeo que acaba de ser realizado para sua difus\u00e3o em solidariedade com o Cantor Juli\u00e1n Conrado:<\/p>\n<p><a href=\"http:\/\/www.youtube.com\/watch?v=9IxUyDW4R5c&amp;feature=channel_video_title\" target=\"_blank\"><strong>http:\/\/www.youtube.com\/watch?v=9IxUyDW4R5c&amp;feature=channel_video_title<\/strong><\/a><\/p>\n<p>O cantor Juli\u00e1n Conrado foi detido em 31 de maio em territ\u00f3rio venezuelano por uma a\u00e7\u00e3o conjunta das for\u00e7as repressivas colombianas e venezuelanas. Corre risco de ser entregue ilegalmente ao regime colombiano, regime que j\u00e1 assassinou, por torturas, 7 presos pol\u00edticos, somente nos 6 primeiros meses do ano 2011.<\/p>\n<p>O cantor est\u00e1 gravemente enfermo e solicitou Asilo por evidentes motivos de persegui\u00e7\u00e3o pol\u00edtica, al\u00e9m de humanit\u00e1rios. Tanto a Conven\u00e7\u00e3o de Genebra, como a Conven\u00e7\u00e3o Contra a Tortura, entre outras conven\u00e7\u00f5es de Direitos Humanos, assim como as pr\u00f3prias leis da constitui\u00e7\u00e3o venezuelana, impedem de entreg\u00e1-lo \u00e0 Col\u00f4mbia.<\/p>\n<p>Em 27 de setembro de 2011, completam-se 4 meses desta deten\u00e7\u00e3o muito significativa, porque para al\u00e9m do homem, encarceraram a um Cantor dos povos, e porque mais al\u00e9m do Cantor preso, a deten\u00e7\u00e3o p\u00f5e em relevo o tema das entregas de perseguidos pol\u00edticos ao regime colombiano, e o nefasto alinhamento \u00e0s pol\u00edticas de ca\u00e7a humana impostas pelos EUA com suas esp\u00farias listas.<\/p>\n<p>J\u00e1 em abril de 2011, foi entregue ilegalmente ao regime colombiano o jornalista e sobrevivente do genoc\u00eddio pol\u00edtico contra a Uni\u00e3o Patri\u00f3tica na Col\u00f4mbia, Joaqu\u00edn P\u00e9rez Becerra. O jornalista foi entregue por autoridades venezuelanas que violaram a constitui\u00e7\u00e3o venezuelana e todos os Direitos Humanos dizendo que cumpriam uma ordem da Interpol; quando todos sabem que at\u00e9 as circulares da Interpol exigem uma tramita\u00e7\u00e3o legal e se revogam por motivos de &#8220;persegui\u00e7\u00e3o pol\u00edtica&#8221;, como reza o pr\u00f3prio artigo 3 do regulamento da Interpol relativo a esses tramites.<\/p>\n<p>Para impedir a entrega do Cantor Juli\u00e1n Conrado necessitamos conhecer esta realidade, e manifestar a solidariedade dos povos. As entregas de perseguidos pol\u00edticos a um regime torturador como o colombiano, n\u00e3o s\u00f3 contraria os Direitos Humanos, a Conven\u00e7\u00e3o Contra a Tortura, mas tamb\u00e9m a \u00e9tica do processo que muitos temos apoiado na Venezuela, como esperan\u00e7a de mudan\u00e7a para uma sociedade mais justa.<\/p>\n<p><strong>Conhe\u00e7a o cantor neste VIDEO: <a href=\"http:\/\/www.dailymotion.com\/video\/xjfbwi_julian-conrado-habla-y-canta_news\" target=\"_blank\">http:\/\/www.dailymotion.com\/video\/xjfbwi_julian-conrado-habla-y-canta_news<\/a><\/strong><\/p>\n<p><strong>\u00c1UDIO &#8211; v\u00eddeo do cantor Juli\u00e1n Conrado, setembro de 2011, desde a pris\u00e3o: fala sobre sua luta e situa\u00e7\u00e3o atual de deten\u00e7\u00e3o na Venezuela.<\/strong><\/p>\n<p><strong><a href=\"http:\/\/www.youtube.com\/watch?v=I5-ZJunC2ps&amp;noredirect=1\" target=\"_blank\">http:\/\/www.youtube.com\/watch?v=I5-ZJunC2ps&amp;noredirect=1<\/a><\/strong><\/p>\n","protected":false},"excerpt":{"rendered":"\n\n\nCr\u00e9dito: ABP\n\n\n\n\n\n\n\n\nQue a Venezuela outorgue-lhe asilo ou o remeta a um 3\u00ba pa\u00eds neutro!\n<a class=\"moretag\" href=\"https:\/\/pcb.org.br\/portal2\/1934\"> <\/a>","protected":false},"author":1,"featured_media":0,"comment_status":"open","ping_status":"open","sticky":false,"template":"","format":"standard","meta":{"jetpack_post_was_ever_published":false,"_jetpack_newsletter_access":"","_jetpack_dont_email_post_to_subs":false,"_jetpack_newsletter_tier_id":0,"_jetpack_memberships_contains_paywalled_content":false,"_jetpack_memberships_contains_paid_content":false,"footnotes":"","jetpack_publicize_message":"","jetpack_publicize_feature_enabled":true,"jetpack_social_post_already_shared":false,"jetpack_social_options":{"image_generator_settings":{"template":"highway","default_image_id":0,"font":"","enabled":false},"version":2}},"categories":[34],"tags":[],"class_list":["post-1934","post","type-post","status-publish","format-standard","hentry","category-c39-colombia"],"jetpack_publicize_connections":[],"jetpack_featured_media_url":"","jetpack_shortlink":"https:\/\/wp.me\/p659gw-vc","jetpack-related-posts":[],"jetpack_likes_enabled":true,"jetpack_sharing_enabled":true,"_links":{"self":[{"href":"https:\/\/pcb.org.br\/portal2\/wp-json\/wp\/v2\/posts\/1934","targetHints":{"allow":["GET"]}}],"collection":[{"href":"https:\/\/pcb.org.br\/portal2\/wp-json\/wp\/v2\/posts"}],"about":[{"href":"https:\/\/pcb.org.br\/portal2\/wp-json\/wp\/v2\/types\/post"}],"author":[{"embeddable":true,"href":"https:\/\/pcb.org.br\/portal2\/wp-json\/wp\/v2\/users\/1"}],"replies":[{"embeddable":true,"href":"https:\/\/pcb.org.br\/portal2\/wp-json\/wp\/v2\/comments?post=1934"}],"version-history":[{"count":0,"href":"https:\/\/pcb.org.br\/portal2\/wp-json\/wp\/v2\/posts\/1934\/revisions"}],"wp:attachment":[{"href":"https:\/\/pcb.org.br\/portal2\/wp-json\/wp\/v2\/media?parent=1934"}],"wp:term":[{"taxonomy":"category","embeddable":true,"href":"https:\/\/pcb.org.br\/portal2\/wp-json\/wp\/v2\/categories?post=1934"},{"taxonomy":"post_tag","embeddable":true,"href":"https:\/\/pcb.org.br\/portal2\/wp-json\/wp\/v2\/tags?post=1934"}],"curies":[{"name":"wp","href":"https:\/\/api.w.org\/{rel}","templated":true}]}}