{"id":1939,"date":"2011-10-07T17:52:15","date_gmt":"2011-10-07T17:52:15","guid":{"rendered":"http:\/\/pcb.org.br\/portal2\/?p=1939"},"modified":"2011-10-07T17:52:15","modified_gmt":"2011-10-07T17:52:15","slug":"dilma-o-patriotismo-e-o-alinhamento-com-o-imperialismo","status":"publish","type":"post","link":"https:\/\/pcb.org.br\/portal2\/1939","title":{"rendered":"DILMA, O PATRIOTISMO E O ALINHAMENTO COM O IMPERIALISMO"},"content":{"rendered":"\n<p><em>Ap\u00f3s o discurso da presidente Dilma na abertura da Assembl\u00e9ia da ONU, sua linha de aproxima\u00e7\u00e3o e colabora\u00e7\u00e3o com o imperialismo ficou expl\u00edcita, \u00e9 oportuna a publica\u00e7\u00e3o desde texto da Esquerda Marxista que j\u00e1 expunha a via de afago entre Dilma e Obama.<\/em><\/p>\n<p>Passou o 7 de setembro e passou junto em Bras\u00edlia uma marcha contra a corrup\u00e7\u00e3o. Dez mil, vinte mil pessoas juntaram-se, passaram e sumiram. Como poeira em um vendaval. A imprensa, depois de anos calada sobre as falcatruas de todos os governos burgueses, ocupa o seu \u201cpapel\u201d de guardi\u00e3 mor e vestal da Rep\u00fablica, investigando todos os alfinetes e tamb\u00e9m os contratos, empregados e outros \u201cdeslizes\u201d dos ministros. E estes, uma vez que caem regularmente, s\u00e3o esquecidos e tamb\u00e9m passam como a poeira levantada pelo vendaval que logo depois se levanta para soprar mais e mais forte.<\/p>\n<p>Sim, \u00e9 preciso dizer em voz alta e clara: s\u00e3o uma vergonha todos esses roubos. Vergonhas que sempre existiram, mas n\u00e3o precisariam existir. A sua origem \u00e9 clara: a propriedade privada dos meios de produ\u00e7\u00e3o e o assalto ao Estado, aos recursos acumulados com os impostos, \u00e9 o assalto \u00e0s empresas estatais.<\/p>\n<table border=\"0\" width=\"200\" align=\"left\">\n<tbody>\n<tr>\n<td width=\"170\" bgcolor=\"#f1f1f1\"><img data-recalc-dims=\"1\" decoding=\"async\" src=\"https:\/\/i0.wp.com\/www.marxismo.org.br\/uploads\/224092011092348.jpg?w=170\" border=\"0\" alt=\"imagem\"  align=\"left\" \/><em>Cr\u00e9dito: <a href=\"http:\/\/www.marxismo.org.br\" target=\"_blank\">EM<\/a><\/em><\/td>\n<td><\/td>\n<\/tr>\n<tr>\n<td><\/td>\n<td><\/td>\n<\/tr>\n<\/tbody>\n<\/table>\n<p>Agora \u00e9 a espera do tempo e da vez de privatizarem o Banco do Brasil e Petrobras, as \u201cj\u00f3ias\u201d da coroa que sobraram &#8211; j\u00e1 foram as el\u00e9tricas, as telef\u00f4nicas, os aeroportos e portos est\u00e3o aguardando o tiro de miseric\u00f3rdia. A Vale do Rio Doce foi vendida por um pre\u00e7o bem menor que o lucro por ela obtido em dois anos depois de sua venda.<\/p>\n<p>Enquanto esperam fazem neg\u00f3cios: os contratos de empreiteiras para constru\u00e7\u00e3o de usinas, de estradas, de gin\u00e1sios para a Olimp\u00edada, de est\u00e1dios para a Copa do mundo. E o Ministro Orlando Silva \u201ccanta\u201d para os oper\u00e1rios pedindo o seu \u201cpatriotismo\u201d na hora em que est\u00e3o em greve. Pois \u00e9, em pleno m\u00eas da \u201cp\u00e1tria\u201d os oper\u00e1rios entram em greve por medidas bem prosaicas: querem seguran\u00e7a no trabalho, querem ganhar um pouco mais.<\/p>\n<p>Patriotismo? Como assim? Estamos em uma guerra e os oper\u00e1rios precisam morrer para defender a p\u00e1tria? Nada disso, trata-se simplesmente de um Ministro e dirigente<\/p>\n<p>do PCdoB que passou para o lado do capitalismo e agora defende o seu lado: o capital contra o trabalho e usa o apelo ao patriotismo como cortina de fuma\u00e7a.<\/p>\n<p>Ah, esta Copa que n\u00e3o chega! Faltam mil dias e Dilma vai a uma cerim\u00f4nia com o novo governador de Minas, Anastasia e o antigo, A\u00e9cio Neves. Do lado de fora, uma cena que lembra a ditadura militar da qual um dia Dilma foi v\u00edtima: a Pol\u00edcia Militar joga bombas nos professores em greve. Foi demais at\u00e9 para a nossa Dilma: ela recebe no aeroporto, depois da cerim\u00f4nia, uma comiss\u00e3o de professores. Mas, da reuni\u00e3o, nenhuma promessa concreta, nada para resolver o problema dos professores que exigem apenas que&#8230;se cumpra a lei, que paguem o que a lei diz que deve ser pago. E tudo isso depois que v\u00e1rios governadores entraram no STF para dizer que a lei n\u00e3o valia, o STF declarou que valia sim, que existe um piso nacional para os professores. Os governadores dos Estados n\u00e3o pagam, os professores entram em greve, s\u00e3o espionados e apanham da PM. Bela cena, digna da ditadura militar.<\/p>\n<p>Ali\u00e1s, os trabalhadores come\u00e7am a fazer greves em todos os cantos do pa\u00eds, seja nos canteiros de obras de est\u00e1dios e de usinas, seja nas f\u00e1bricas, professores em Minas e no Rio, bombeiros no Rio, servidores de universidades federais, os trabalhadores do correio enquanto o governo se cala, ou fala bobagem como falou o Ministro do PCdoB.<\/p>\n<p>E Dilma, quando n\u00e3o est\u00e1 demitindo algum Ministro que foi pego com a m\u00e3o na botija, est\u00e1 fazendo atos com governadores do PSDB ou escrevendo cartinhas para o Obama.<\/p>\n<p>Sim, Dilma j\u00e1 pediu para que todos os trabalhadores das estatais \u201cmoderem\u201d suas reivindica\u00e7\u00f5es. O Ministro pede patriotismo.<\/p>\n<p>E a infla\u00e7\u00e3o volta. A perspectiva de crise ronda o mundo. Greves e manifesta\u00e7\u00f5es explodem na It\u00e1lia, na Espanha, na Gr\u00e9cia, em Israel, voltam no Egito. E o Brasil ainda est\u00e1 \u00e9 bem calmo nesta situa\u00e7\u00e3o toda. Patriotismo? Calma? E quem paga as contas no<\/p>\n<p>final do m\u00eas, e quem vai consolar a fam\u00edlia cujo pai morreu na obra do est\u00e1dio? Nem os gols da sele\u00e7\u00e3o de futebol, que, ali\u00e1s, continua jogando mal.<\/p>\n<p>Mas jogando mal mesmo est\u00e1 o PT que em seu congresso passou longe dos problemas do pa\u00eds. Enquanto as greves aumentam, enquanto Dilma se aproxima do<\/p>\n<p>PSDB e afaga Obama e o imperialismo, o congresso do PT diz que tudo vai bem e continuamos no rumo certo. Rumo certo? Depois das coliga\u00e7\u00f5es com o PMDB e outros<\/p>\n<p>partidos burgueses, que est\u00e3o dando em todos estes esc\u00e2ndalos, agora se abre caminho para coliga\u00e7\u00e3o com Kassab (o prefeito de SP) e Bornhausen e Cia e por baixo do pano uma coliga\u00e7\u00e3o informal com A\u00e9cio e Anastasia em Minas (sim, estes mesmos, estes que jogam bombas em professores).<\/p>\n<p>Nesta situa\u00e7\u00e3o, a Esquerda Marxista sa\u00fada o posicionamento da CUT em defesa das greves e contra a repress\u00e3o, contra a desonera\u00e7\u00e3o da folha de pagamentos. Mas este<\/p>\n<p>posicionamento tem que traduzir-se em um plano de lutas concreto. Frente ao aumento da infla\u00e7\u00e3o j\u00e1 passa da hora de retomar a exig\u00eancia do \u201cgatilho\u201d salarial (corre\u00e7\u00e3o autom\u00e1tica de sal\u00e1rios). Isso permitiria unificar todas as lutas e abrir caminho para a satisfa\u00e7\u00e3o das reivindica\u00e7\u00f5es no combate por um governo sem patr\u00f5es, apoiado na CUT, MST e nas organiza\u00e7\u00f5es populares. Esse governo s\u00f3 pode ser um Governo Socialista dos Trabalhadores.<\/p>\n<p>Fonte:\u00a0<a href=\"http:\/\/www.marxismo.org.br\/index.php?pg=artigos_detalhar&amp;artigo=855\">http:\/\/www.marxismo.org.br\/index.php?pg=artigos_detalhar&amp;artigo=855<\/a><\/p>\n<hr \/>\n<p><span style=\"text-decoration: underline;\"><strong>Nota dos Editores:<\/strong> <\/span><\/p>\n<p>Temos identidade com a an\u00e1lise que os camaradas da Esquerda Marxista fazem neste texto. Tamb\u00e9m defendemos a cria\u00e7\u00e3o de condi\u00e7\u00f5es para um governo de transi\u00e7\u00e3o ao socialismo. Mas, no entender do PCB, a frente anticapitalista deve ter como principal eixo as organiza\u00e7\u00f5es revolucion\u00e1rias e n\u00e3o os movimentos populares. Estes devem ser parte importante da frente, mas n\u00e3o sua dire\u00e7\u00e3o.<\/p>\n","protected":false},"excerpt":{"rendered":"\n\n\n\n\n\n\n\n\n\n\n\nEsquerda Marxista\n<a class=\"moretag\" href=\"https:\/\/pcb.org.br\/portal2\/1939\"> <\/a>","protected":false},"author":1,"featured_media":0,"comment_status":"open","ping_status":"open","sticky":false,"template":"","format":"standard","meta":{"jetpack_post_was_ever_published":false,"_jetpack_newsletter_access":"","_jetpack_dont_email_post_to_subs":false,"_jetpack_newsletter_tier_id":0,"_jetpack_memberships_contains_paywalled_content":false,"_jetpack_memberships_contains_paid_content":false,"footnotes":"","jetpack_publicize_message":"","jetpack_publicize_feature_enabled":true,"jetpack_social_post_already_shared":false,"jetpack_social_options":{"image_generator_settings":{"template":"highway","default_image_id":0,"font":"","enabled":false},"version":2}},"categories":[54],"tags":[],"class_list":["post-1939","post","type-post","status-publish","format-standard","hentry","category-c65-lulismo"],"jetpack_publicize_connections":[],"jetpack_featured_media_url":"","jetpack_shortlink":"https:\/\/wp.me\/p659gw-vh","jetpack-related-posts":[],"jetpack_likes_enabled":true,"jetpack_sharing_enabled":true,"_links":{"self":[{"href":"https:\/\/pcb.org.br\/portal2\/wp-json\/wp\/v2\/posts\/1939","targetHints":{"allow":["GET"]}}],"collection":[{"href":"https:\/\/pcb.org.br\/portal2\/wp-json\/wp\/v2\/posts"}],"about":[{"href":"https:\/\/pcb.org.br\/portal2\/wp-json\/wp\/v2\/types\/post"}],"author":[{"embeddable":true,"href":"https:\/\/pcb.org.br\/portal2\/wp-json\/wp\/v2\/users\/1"}],"replies":[{"embeddable":true,"href":"https:\/\/pcb.org.br\/portal2\/wp-json\/wp\/v2\/comments?post=1939"}],"version-history":[{"count":0,"href":"https:\/\/pcb.org.br\/portal2\/wp-json\/wp\/v2\/posts\/1939\/revisions"}],"wp:attachment":[{"href":"https:\/\/pcb.org.br\/portal2\/wp-json\/wp\/v2\/media?parent=1939"}],"wp:term":[{"taxonomy":"category","embeddable":true,"href":"https:\/\/pcb.org.br\/portal2\/wp-json\/wp\/v2\/categories?post=1939"},{"taxonomy":"post_tag","embeddable":true,"href":"https:\/\/pcb.org.br\/portal2\/wp-json\/wp\/v2\/tags?post=1939"}],"curies":[{"name":"wp","href":"https:\/\/api.w.org\/{rel}","templated":true}]}}