{"id":1941,"date":"2011-10-07T18:10:48","date_gmt":"2011-10-07T18:10:48","guid":{"rendered":"http:\/\/pcb.org.br\/portal2\/?p=1941"},"modified":"2011-10-07T18:10:48","modified_gmt":"2011-10-07T18:10:48","slug":"fragata-brasileira-fara-patrulhas-no-libano","status":"publish","type":"post","link":"https:\/\/pcb.org.br\/portal2\/1941","title":{"rendered":"Fragata brasileira far\u00e1 patrulhas no L\u00edbano"},"content":{"rendered":"\n<p>Navio da Marinha participar\u00e1 de miss\u00e3o de paz da ONU para auxiliar no controle das fronteiras e evitar a entrada ilegal de armas no pa\u00eds \u00e1rabe<\/p>\n<p>A fragata F-45\u00a0<em>Uni\u00e3o<\/em>, da Marinha do Brasil, parte na quinta-feira, 6, da Base Naval de Mocangu\u00ea, em Niter\u00f3i, levando 300 militares para<a href=\"http:\/\/www.naval.com.br\/blog\/2011\/10\/05\/fragata-brasileira-fara-patrulhas-no-libano\/\" target=\"_blank\" rel=\"nofollow\">participar<\/a> da For\u00e7a-Tarefa Naval das Na\u00e7\u00f5es Unidas no L\u00edbano. A miss\u00e3o \u00e9 complexa: garantir a paz e a seguran\u00e7a no sul do pa\u00eds e \u201cauxiliar no controle das fronteiras de modo a evitar a entrada ilegal de armas e materiais correlatos\u201d, de acordo com o almirante S\u00e1vio Nogueira, comandante da For\u00e7a de Superf\u00edcie.<\/p>\n<p>Fonte:\u00a0<a href=\"http:\/\/www.naval.com.br\/blog\/2011\/10\/05\/fragata-brasileira-fara-patrulhas-no-libano\/\">http:\/\/www.naval.com.br\/blog\/2011\/10\/05\/fragata-brasileira-fara-patrulhas-no-libano\/<\/a><\/p>\n<p>\u00a0<\/p>\n<p><strong><span style=\"text-decoration: underline;\">Nota dos Editores:<\/span><\/strong><\/p>\n<p><strong>BRASIL AJUDA ISRAEL A INVADIR NOVAMENTE O SUL DO L\u00cdBANO:<\/strong><\/p>\n<p>Lembram-se da tentativa de Israel de ocupar o sul do L\u00edbano h\u00e1 poucos anos atr\u00e1s? As for\u00e7as bem armadas israelenses n\u00e3o conseguiram entrar 30 km no territ\u00f3rio liban\u00eas. Foi a primeira grande derrota militar do expansionismo sionista. O Hezbollah p\u00f4s para fugir as tropas invasoras. Agora, o &#8220;progressista&#8221; governo brasileiro, na obsess\u00e3o por uma cadeira no Conselho de Seguran\u00e7a da ONU e para fazer m\u00e9dia com as grandes pot\u00eancias imperialistas manda uma fragata para impedir que o Hezbollah se defenda para que, desta vez, as tropas sionistas n\u00e3o tenham que sair correndo!<\/p>\n<hr \/>\n<p>Leiam este excelente artigo do jornalista e escritor Duarte Pereira:<\/p>\n<p><strong> N\u00e3o pode ser livre um povo que ajuda a oprimir outros povos<\/strong><\/p>\n<p>Duarte Pereira*<\/p>\n<p>Nos \u00faltimos anos, as grandes pot\u00eancias imperialistas, manipulando as Na\u00e7\u00f5es Unidas, j\u00e1 agrediram e devastaram sucessivamente o Afeganist\u00e3o, o Iraque e a L\u00edbia. Concentram agora seus esfor\u00e7os propagand\u00edsticos, diplom\u00e1ticos e militares contra a S\u00edria e o Paquist\u00e3o, intensificando o cerco ao Ir\u00e3. Enquanto isso, conciliam com as escandalosas viola\u00e7\u00f5es aos direitos humanos perpetradas impunemente pelos governos da Ar\u00e1bia Saudita, do Bahrein ou do I\u00eamen.<\/p>\n<p>A conduta do governo brasileiro tem sido contradit\u00f3ria. Absteve-se na vota\u00e7\u00e3o de resolu\u00e7\u00e3o do Conselho de Seguran\u00e7a das Na\u00e7\u00f5es Unidas que condenava hipocritamente a repress\u00e3o na S\u00edria. Mas acaba de enviar fragata da Marinha do Brasil para participar da For\u00e7a Tarefa Naval das Na\u00e7\u00f5es Unidas no L\u00edbano, com a miss\u00e3o de \u201cauxiliar no controle das fronteiras de modo a evitar a entrada ilegal de armas e materiais correlatos\u201d no sul do pa\u00eds, onde est\u00e3o concentradas as for\u00e7as armadas do Hezbollah, que tiveram papel decisivo na resist\u00eancia \u00e0 \u00faltima tentativa de invas\u00e3o do pa\u00eds pelo Estado de Israel.<\/p>\n<p>Em face da interven\u00e7\u00e3o de for\u00e7as armadas do Brasil no Haiti e agora no L\u00edbano, ainda que sob a bandeira das Na\u00e7\u00f5es Unidas, mas de fato a pedido dos Estados Unidos, da Gr\u00e3-Bretanha e da Fran\u00e7a, \u00e9 preciso insistir que n\u00e3o pode ser livre um povo que ajuda a oprimir outros povos.<\/p>\n<p>*Duarte Pereira \u00e9 jornalista e escrito<\/p>\n","protected":false},"excerpt":{"rendered":"\n\n\nCr\u00e9dito: Naval\n\n\n\n\n\n\n\n\nRoberto Godoy, de O Estado de S.Paulo\n<a class=\"moretag\" href=\"https:\/\/pcb.org.br\/portal2\/1941\"> <\/a>","protected":false},"author":1,"featured_media":0,"comment_status":"open","ping_status":"open","sticky":false,"template":"","format":"standard","meta":{"jetpack_post_was_ever_published":false,"_jetpack_newsletter_access":"","_jetpack_dont_email_post_to_subs":false,"_jetpack_newsletter_tier_id":0,"_jetpack_memberships_contains_paywalled_content":false,"_jetpack_memberships_contains_paid_content":false,"footnotes":"","jetpack_publicize_message":"","jetpack_publicize_feature_enabled":true,"jetpack_social_post_already_shared":false,"jetpack_social_options":{"image_generator_settings":{"template":"highway","default_image_id":0,"font":"","enabled":false},"version":2}},"categories":[54],"tags":[],"class_list":["post-1941","post","type-post","status-publish","format-standard","hentry","category-c65-lulismo"],"jetpack_publicize_connections":[],"jetpack_featured_media_url":"","jetpack_shortlink":"https:\/\/wp.me\/p659gw-vj","jetpack-related-posts":[],"jetpack_likes_enabled":true,"jetpack_sharing_enabled":true,"_links":{"self":[{"href":"https:\/\/pcb.org.br\/portal2\/wp-json\/wp\/v2\/posts\/1941","targetHints":{"allow":["GET"]}}],"collection":[{"href":"https:\/\/pcb.org.br\/portal2\/wp-json\/wp\/v2\/posts"}],"about":[{"href":"https:\/\/pcb.org.br\/portal2\/wp-json\/wp\/v2\/types\/post"}],"author":[{"embeddable":true,"href":"https:\/\/pcb.org.br\/portal2\/wp-json\/wp\/v2\/users\/1"}],"replies":[{"embeddable":true,"href":"https:\/\/pcb.org.br\/portal2\/wp-json\/wp\/v2\/comments?post=1941"}],"version-history":[{"count":0,"href":"https:\/\/pcb.org.br\/portal2\/wp-json\/wp\/v2\/posts\/1941\/revisions"}],"wp:attachment":[{"href":"https:\/\/pcb.org.br\/portal2\/wp-json\/wp\/v2\/media?parent=1941"}],"wp:term":[{"taxonomy":"category","embeddable":true,"href":"https:\/\/pcb.org.br\/portal2\/wp-json\/wp\/v2\/categories?post=1941"},{"taxonomy":"post_tag","embeddable":true,"href":"https:\/\/pcb.org.br\/portal2\/wp-json\/wp\/v2\/tags?post=1941"}],"curies":[{"name":"wp","href":"https:\/\/api.w.org\/{rel}","templated":true}]}}