{"id":19413,"date":"2018-04-18T20:48:22","date_gmt":"2018-04-18T23:48:22","guid":{"rendered":"https:\/\/pcb.org.br\/portal2\/?p=19413"},"modified":"2018-04-18T20:48:22","modified_gmt":"2018-04-18T23:48:22","slug":"pcb-participa-de-lancamento-de-manifesto-em-defesa-das-liberdades-democraticas-e-dos-direitos-sociais","status":"publish","type":"post","link":"https:\/\/pcb.org.br\/portal2\/19413","title":{"rendered":"PCB participa de lan\u00e7amento de manifesto em defesa das liberdades democr\u00e1ticas e dos direitos sociais"},"content":{"rendered":"<p><img decoding=\"async\" class=\"imagem\" title=\"imagem\" src=\"https:\/\/lh3.googleusercontent.com\/STAeFqakp8DNtBtXaCDI57IQA3OIY0L5gBiddoNPqqmZaqMQp9iddofMWcA9nkNRe5UN5m1obYgkGK6-gzuBSho_rosp1OP6oEh4dVsWwWLwKo_93VjRC_RfUEzpB0E1CC_aYn54iR0LEBcGkLRmZIksUWW1fmaoodAle3neoBAgIUEtBn335Qlf-BiixMmIXRsz6xZupGxjNKbKWMH9t3I__jXNX1womjiSejkSySOFuFEqmll2sPk9nMeB79WmA-_ZHyslmfORfobJIclOGChEc98hlZ1o7s8MOfGcmReLNIpDlm9pp0ASuP7w7mxTBquvWiNuT791G0ZmeFihxZ-6kesBVNopOvY8q59FRHHoI0V3ALEaFY22B6b5RcnuBci86EEAmmSTs1IQkth51uwaN4DyVGO2M0ZhF7CI5H4ZY1somnweFmkR6pUBozG4LabjRMJdtWhRGtsidr2z_NdCn4hoGA_fp190KGoNOhYV9SRgGNpgq4sv05JLb4-FozQM3-LTxfrggJwZGc_sGBatLSfrumdNk10eCeJpZAeGofmSosvnk5aAVPN9KN-mGzmkFGyHHRHY3OF3rwamg2POWmi9ipxSm46PYkdoZMiclvtDAIwLYDQGkafA9l0bWBi6jJhI7Jm-1XU5WVapQsJR6YmQj_7uQA=w877-h313-no\" alt=\"imagem\" \/><!--more--><b>O PODER POPULAR<br \/>\n<\/b><\/p>\n<p>Na manh\u00e3 desta quarta feira, dia 18\/04, no Congresso Nacional, ocorreu o lan\u00e7amento do manifesto &#8220;Por Democracia, soberania e direitos&#8221;, assinado por sete partidos\u00a0 pol\u00edticos (PCB, PSOL, PT, PC do B, PSB, PDT e PCO) e as frentes Povo Sem Medo e Brasil Popular.<\/p>\n<p>A iniciativa visa a ampliar a unidade de a\u00e7\u00e3o de todos os movimentos e partidos minimamente progressistas, democr\u00e1ticos e revolucion\u00e1rios em torno de tr\u00eas eixos. Em primeiro lugar, a defesa das liberdades democr\u00e1ticas, em especial para a classe trabalhadora e suas organiza\u00e7\u00f5es. O segundo eixo \u00e9 enfrentar e denunciar a onda de viol\u00eancia e atentados pol\u00edticos causados por grupos de extrema direita. Por fim, a defesa dos direitos sociais dos trabalhadores e trabalhadoras e da soberania do pa\u00eds.<\/p>\n<p>O camarada Paulo Oliveira, membro do Comit\u00ea Central do Partido, representou o PCB no evento. Salientou as profundas diverg\u00eancias pol\u00edticas e ideol\u00f3gicas entre os partidos presentes, em especial com a pol\u00edtica de concilia\u00e7\u00e3o de classes dos governos petistas. No entanto, saudou a iniciativa como um passo fundamental para aprofundar a necess\u00e1ria unidade das lutas contra o crescimento da extrema direita, a seletividade do poder judici\u00e1rio e em defesa das liberdades democr\u00e1ticas no pa\u00eds. Refor\u00e7ou tamb\u00e9m a defesa do direito de Lula ser candidato, embora os candidatos do PCB \u00e0 presid\u00eancia da Rep\u00fablica sejam Guilherme Boulos e Sonia Guajajara, representando uma alian\u00e7a de comunistas, socialistas do PSOL, sem teto e povos ind\u00edgenas. Al\u00e9m disso, todos os presentes reafirmaram que esta \u00e9 uma iniciativa para aprofundar a unidade em lutas imediatas; n\u00e3o se trata de uma associa\u00e7\u00e3o eleitoral, menos ainda de uma frente pol\u00edtica estrat\u00e9gica.<\/p>\n<p>Concomitante a essa necess\u00e1ria movimenta\u00e7\u00e3o junto aos setores democr\u00e1ticos e progressistas, os comunistas brasileiros seguir\u00e3o refor\u00e7ando a proposta de constru\u00e7\u00e3o de uma frente permanente anticapitalista e anti-imperialista entre setores pol\u00edticos e sociais. Para o PCB, o crescimento da extrema direita e os ataques aos trabalhadores s\u00e3o produtos da crise sist\u00eamica do capitalismo e o acirramento da luta de classes. Neste sentido, \u00e9 essencial a articula\u00e7\u00e3o popular e revolucion\u00e1ria que aponte para a constru\u00e7\u00e3o do poder popular e do socialismo.<\/p>\n","protected":false},"excerpt":{"rendered":"<a class=\"moretag\" href=\"https:\/\/pcb.org.br\/portal2\/19413\"> <\/a>","protected":false},"author":1,"featured_media":0,"comment_status":"closed","ping_status":"closed","sticky":false,"template":"","format":"standard","meta":{"jetpack_post_was_ever_published":false,"_jetpack_newsletter_access":"","_jetpack_dont_email_post_to_subs":false,"_jetpack_newsletter_tier_id":0,"_jetpack_memberships_contains_paywalled_content":false,"_jetpack_memberships_contains_paid_content":false,"footnotes":"","jetpack_publicize_message":"","jetpack_publicize_feature_enabled":true,"jetpack_social_post_already_shared":true,"jetpack_social_options":{"image_generator_settings":{"template":"highway","default_image_id":0,"font":"","enabled":false},"version":2}},"categories":[5],"tags":[219],"class_list":["post-19413","post","type-post","status-publish","format-standard","hentry","category-s4-pcb","tag-manchete"],"jetpack_publicize_connections":[],"jetpack_featured_media_url":"","jetpack_shortlink":"https:\/\/wp.me\/p659gw-537","jetpack-related-posts":[],"jetpack_likes_enabled":true,"jetpack_sharing_enabled":true,"_links":{"self":[{"href":"https:\/\/pcb.org.br\/portal2\/wp-json\/wp\/v2\/posts\/19413","targetHints":{"allow":["GET"]}}],"collection":[{"href":"https:\/\/pcb.org.br\/portal2\/wp-json\/wp\/v2\/posts"}],"about":[{"href":"https:\/\/pcb.org.br\/portal2\/wp-json\/wp\/v2\/types\/post"}],"author":[{"embeddable":true,"href":"https:\/\/pcb.org.br\/portal2\/wp-json\/wp\/v2\/users\/1"}],"replies":[{"embeddable":true,"href":"https:\/\/pcb.org.br\/portal2\/wp-json\/wp\/v2\/comments?post=19413"}],"version-history":[{"count":0,"href":"https:\/\/pcb.org.br\/portal2\/wp-json\/wp\/v2\/posts\/19413\/revisions"}],"wp:attachment":[{"href":"https:\/\/pcb.org.br\/portal2\/wp-json\/wp\/v2\/media?parent=19413"}],"wp:term":[{"taxonomy":"category","embeddable":true,"href":"https:\/\/pcb.org.br\/portal2\/wp-json\/wp\/v2\/categories?post=19413"},{"taxonomy":"post_tag","embeddable":true,"href":"https:\/\/pcb.org.br\/portal2\/wp-json\/wp\/v2\/tags?post=19413"}],"curies":[{"name":"wp","href":"https:\/\/api.w.org\/{rel}","templated":true}]}}