{"id":19426,"date":"2018-04-20T16:59:14","date_gmt":"2018-04-20T19:59:14","guid":{"rendered":"https:\/\/pcb.org.br\/portal2\/?p=19426"},"modified":"2018-04-20T16:59:14","modified_gmt":"2018-04-20T19:59:14","slug":"cuba-tem-um-novo-presidente-miguel-diaz-canel","status":"publish","type":"post","link":"https:\/\/pcb.org.br\/portal2\/19426","title":{"rendered":"Cuba tem um novo presidente: Miguel D\u00edaz-Canel"},"content":{"rendered":"<p><img data-recalc-dims=\"1\" decoding=\"async\" class=\"imagem\" title=\"imagem\" src=\"https:\/\/i0.wp.com\/farm1.staticflickr.com\/883\/41497248102_8ee13e61e6_z.jpg?w=747&#038;ssl=1\" alt=\"imagem\" \/><!--more--><\/p>\n<p><strong>A Assembleia Nacional de Cuba anunciou nesta quinta-feira (19) a mudan\u00e7a mais importante da pol\u00edtica dos \u00faltimos 60 anos<\/strong><\/p>\n<p>Fania Rodrigues<\/p>\n<p><a href=\"https:\/\/www.brasildefato.com.br\/2018\/04\/19\/cuba-tem-um-novo-presidente-conheca-miguel-diaz-canel\/\" target=\"_blank\" rel=\"noopener\">Brasil de Fato<\/a><\/p>\n<p>&#8220;Companheiro\u00a0deputado Miguel D\u00edaz-Canel, a partir deste instante o senhor \u00e9 o novo presidente do Conselho de Estado e de Ministros da Assembleia Nacional de Cuba. Aproxime-se e assuma a presid\u00eancia&#8221;, assim anunciou o presidente da Assembleia Nacional, Esteban Lazo, na manh\u00e3 desta quinta-feira (19). O sucessor de Ra\u00fal Castro foi eleito por unanimidade pelos parlamentares,\u00a0<a href=\"https:\/\/www.brasildefato.com.br\/2018\/03\/13\/composicao-da-assembleia-nacional-de-cuba-e-uma-das-mais-democraticas-do-continente\/\" target=\"_blank\" rel=\"noopener\">na\u00a0casa legislativa que \u00e9 considerada uma das mais democr\u00e1ticas do mundo<\/a>.<\/p>\n<p>(<a href=\"https:\/\/www.brasildefato.com.br\/2018\/04\/18\/eleicao-do-presidente-cubano-comecou-nessa-quarta-feira-18\/\" target=\"_blank\" rel=\"noopener\">Entenda como funcionam as elei\u00e7\u00f5es cubanas<\/a>\u00a0)<\/p>\n<p>Em seu primeiro discurso, o novo presidente de Cuba disse que assume com &#8220;determina\u00e7\u00e3o o legado da gera\u00e7\u00e3o hist\u00f3rica, que conquistou a Revolu\u00e7\u00e3o Cubana&#8221; e compromete-se em seguir aprofundando o modelo socialista cubano. D\u00edaz-Canel ressaltou ainda que o resultado de sua elei\u00e7\u00e3o \u00e9 o reflexo de uma &#8220;determina\u00e7\u00e3o do povo&#8221;, que\u00a0<a href=\"https:\/\/www.brasildefato.com.br\/2018\/03\/12\/populacao-cubana-foi-as-urnas-nesse-domingo\/\" target=\"_blank\" rel=\"noopener\">participou massivamente das duas primeiras etapas da elei\u00e7\u00e3o<\/a>,\u00a0que escolheram os representantes do Congresso cubano.<\/p>\n<p>&#8220;Nesse mandato n\u00e3o h\u00e1 espa\u00e7o para mudan\u00e7a brusca, apenas para a continuidade do modelo socialista cubano&#8221;, resumiu. O novo presidente disse tamb\u00e9m que a tarefa da nova gera\u00e7\u00e3o pol\u00edtica que assume o poder neste mandato \u00e9 &#8220;dar continuidade \u00e0 Revolu\u00e7\u00e3o Cubana&#8221; e que segue\u00a0o exemplo\u00a0do\u00a0&#8220;l\u00edder da revolu\u00e7\u00e3o, Fidel Castro, e do general do ex\u00e9rcito e primeiro-secret\u00e1rio do partido comunista, Ra\u00fal Castro&#8221;.<\/p>\n<p><strong>Saiba quem \u00e9 novo chefe de Estado cubano<\/strong><\/p>\n<p>Um homem discreto, simples e muito inteligente. Assim \u00e9 descrito pelos cubanos o sucessor de Ra\u00fal Castro, Miguel D\u00edaz-Canel, que assume como novo presidente da ilha neste\u00a019 de abril.<\/p>\n<p>Casado com uma professora universit\u00e1ria e pai de dois filhos, fruto do primeiro matrim\u00f4nio, Miguel D\u00edaz-Canel nasceu no dia 20 de abril de 1960, um ano depois do triunfo da revolu\u00e7\u00e3o. Nesta sexta-feira (20), completa 58 anos e representa uma nova gera\u00e7\u00e3o no comando do pa\u00eds.<\/p>\n<p>Come\u00e7ou sua carreira pol\u00edtica na prov\u00edncia de Villa\u00a0Clara,\u00a0regi\u00e3o central de Cuba, onde foi militante\u00a0e depois dirigente da Federa\u00e7\u00e3o Estudantil Universit\u00e1ria (FEU) e da Uni\u00e3o de Jovens Comunistas (UJC).<\/p>\n<p>Formado em engenharia eletr\u00f4nica\u00a0pela Universidade Central das Villas Marta Abreu, o novo presidente come\u00e7ou sua carreira profissional como oficial das For\u00e7as Armadas Revolucion\u00e1rias (FAR), na qual\u00a0esteve de 1982 a\u00a01985. Mais tarde, chegou a dar aula na universidade em que se graduou. Entre 1987 e 1989, cumpriu miss\u00e3o internacionalista na Nicar\u00e1gua, como comiss\u00e1rio pol\u00edtico da UJC, na brigada militar de Cuba, durante a Revolu\u00e7\u00e3o Popular Sandinista (1979-1990).<\/p>\n<p>Al\u00e9m de ter sido vice-presidente de Cuba,\u00a0\u00e9 membro, desde 2003, do bir\u00f4 pol\u00edtico do Comit\u00ea Central do Partido Comunista de Cuba, a m\u00e1xima autoridade tanto no sentido ideol\u00f3gico\u00a0quanto pol\u00edtico do partido e do\u00a0Estado cubano. Portanto, D\u00edaz-Canel \u00e9 homem de total confian\u00e7a de Ra\u00fal Castro, assim como era do l\u00edder da Revolu\u00e7\u00e3o Cubana, Fidel Castro.<\/p>\n<p><strong>Destaque na pol\u00edtica<\/strong><\/p>\n<p>Apesar de ter passado por alguns cargos de dire\u00e7\u00e3o quando jovem, foi como primeiro-secret\u00e1rio do Partido Comunista de Cuba, do Comit\u00ea Provincial de Villa Clara, que ganhou destaque na pol\u00edtica nacional. Era 1994 e o pa\u00eds estava em pleno \u201cper\u00edodo especial\u201d. Com a queda da Uni\u00e3o Sovi\u00e9tica, em 1991, Cuba perdeu os investimentos que recebia e viveu uma d\u00e9cada de crise econ\u00f4mica profunda. O produto interno bruto encolheu 36%, entre 1991 e 1993. Havia escassez de diversos produtos, mas a falta de comida e combust\u00edvel era o que mais afetava o cotidiano.<\/p>\n<p>O escritor e jornalista Cubano\u00a0Iroel Sanchez, autor do blog\u00a0<em>La pupila insomne<\/em>, tamb\u00e9m de Villa Clara, conviveu com o pol\u00edtico na juventude. \u201cD\u00edaz-Canel teve um papel importante na solu\u00e7\u00e3o dos problemas gerados pela crise, sobretudo em um momento em que havia cortes de energia el\u00e9trica. Nessa \u00e9poca, criou uma rela\u00e7\u00e3o muito pr\u00f3xima com o povo\u201d, conta Sanchez.<\/p>\n<p>J\u00e1 nesse per\u00edodo era conhecido tamb\u00e9m por seu amor \u00e0 arte. Mesmo na etapa dif\u00edcil dos anos de 1990, ele ajudou a impulsionar a produ\u00e7\u00e3o cultural em Santa Clara, capital da prov\u00edncia de Villa Clara. \u201cMe lembro de uma apresenta\u00e7\u00e3o de teatro que fizemos na minha casa, n\u00e3o havia energia el\u00e9trica, a ilumina\u00e7\u00e3o era a vela. E l\u00e1 estava Miguel D\u00edaz-Canel prestigiando a obra com a fam\u00edlia\u201d, relembra o produtor cultural Ram\u00f3n Silberio G\u00f3mez, morador de Villa Clara. Hoje ele dirige o centro cultural El Mejunje, em Santa Clara.<\/p>\n<p>O local \u00e9 conhecido no pa\u00eds por ser vanguarda na inclus\u00e3o de elementos culturais marginalizados em\u00a0Cuba naquela \u00e9poca, como o\u00a0<em>rock&#8217;n roll<\/em>\u00a0e as apresenta\u00e7\u00f5es culturais produzidas por travestis, criado com o apoio de D\u00edaz-Canel. Naquele momento, como m\u00e1xima autoridade provincial, D\u00edaz-Canel ajudou a impulsionar importantes reformas culturais nessa regi\u00e3o do pa\u00eds. At\u00e9 hoje Santa Clara figura como um dos mais importantes centros de produ\u00e7\u00e3o cultural do pa\u00eds, atr\u00e1s apenas de Havana. \u201cEle estabeleceu um estreito v\u00ednculo com o setor cultural e intelectual do pa\u00eds\u201d, afirma o produtor cultural.<\/p>\n<p>O novo chefe de Estado n\u00e3o faz parte da\u00a0classe de pol\u00edticos que frequentam\u00a0festas, comemora\u00e7\u00f5es ou coquet\u00e9is com embaixadores. Por\u00e9m, \u00e9 comum encontr\u00e1-lo em concertos, apresenta\u00e7\u00f5es de teatro e de livros, de acordo com Silberio G\u00f3mez. Sua personalidade, segundo quem o conhece, transita entra a timidez e a discri\u00e7\u00e3o.<\/p>\n<p>Bem afei\u00e7oado e sempre com um sorriso no rosto, o novo chefe do\u00a0Estado\u00a0cubano costumava andar de bicicleta pelas ruas de Santa Clara, mesmo j\u00e1 sendo uma importante autoridade pol\u00edtica. \u201cEra um dirigente do povo, simples, que costumava andar de bicicleta pela cidade e cumprimentava todo mundo\u201d, conta\u00a0Silberio.<\/p>\n<p>Hoje, longe da bicicleta e perto do despacho presidencial, D\u00edaz-Canel dispensa, at\u00e9 pouco tempo,\u00a0certos protocolos. Precisa andar com seguran\u00e7a, devido ao cargo de vice-presidente que ocupava desde 2013. No entanto, usava uma estrutura m\u00ednima que se resumia-se\u00a0a um guarda-costas e um motorista. Isso deve mudar em breve, pois o Estado cubano tem um regime de seguran\u00e7a rigoroso com o presidente do pa\u00eds. \u201cEm Cuba existia\u00a0um problema\u00a0com os l\u00edderes da gera\u00e7\u00e3o hist\u00f3rica, que \u00e9 o fato de os Estados Unidos terem tentado matar Fidel Castro 538 vezes. Foi o l\u00edder de Estado que os EUA mais vezes tentaram\u00a0matar, e n\u00e3o puderam. Isso gerou\u00a0medidas elementares de seguran\u00e7a. N\u00e3o \u00e9 uma prote\u00e7\u00e3o contra os cubanos, mas contra as tentativas de assassinato dos EUA\u201d, explica o escritor Iroel Sanchez.<\/p>\n<p>Antes de ser vice-presidente, D\u00edaz-Canel foi ministro de Educa\u00e7\u00e3o Superior, entre 2009 e 2013. Esse minist\u00e9rio faz a gest\u00e3o de todas as universidades do pa\u00eds. Desse per\u00edodo vem sua rela\u00e7\u00e3o com o setor de educa\u00e7\u00e3o, que se manteve, tanto que foi designado pelo partido para discutir o texto da nova Conceitualiza\u00e7\u00e3o do Novo Modelo Econ\u00f4mico e Social\u00a0Cubano de Desenvolvimento Socialista, debatido e aprovado no \u00faltimo Congresso do Partido Comunista, realizado em novembro de 2017.<\/p>\n<p>Em uma das plen\u00e1rias com educadores realizada\u00a0antes do congresso,\u00a0o\u00a0diretor do Centro Martin Luther King, Joel Su\u00e1rez, conta como foi a rela\u00e7\u00e3o estabelecida com D\u00edaz-Canel:\u00a0\u201c\u00c9 uma pessoa que sabe escutar. As vezes que interviu foi para colocar exemplos de situa\u00e7\u00f5es pr\u00e1ticas que vive o pa\u00eds.\u00a0Ao mesmo tempo, notava-se que ele \u00e9 uma pessoa que estuda e l\u00ea, pois entrava tamb\u00e9m no debate de ideias, intelectual e te\u00f3rico. Contribu\u00eda ao debate&#8221;.<\/p>\n<p>Para a jornalista Irma Shelton, rep\u00f3rter e apresentadora do canal\u00a0<em>Cubavisi\u00f3n<\/em>, D\u00edaz-Canel sempre foi o favorito a ocupar o mais alto cargo do pa\u00eds. \u201cEle \u00e9 um dirigente pol\u00edtico\u00a0que vem das filas da Federa\u00e7\u00e3o Estudantil Universit\u00e1ria e da Juventude Comunista de Cuba. Um dirigente que se destacou por sua intelig\u00eancia e por sua rela\u00e7\u00e3o com as massas, porque sabia dirigir\u201d, relata.<\/p>\n<p>E foi como dirigente do Partido Comunista que protagonizou uma das hist\u00f3rias conhecidas nos bastidores da pol\u00edtica cubana. A jornalista Daisy G\u00f3mez, uma das mais conhecidas de Cuba, contou ao\u00a0<strong>Brasil de Fato<\/strong>\u00a0uma anedota que ilustra um pouco o grau de lideran\u00e7a que tinha junto \u00e0 popula\u00e7\u00e3o de Villa Clara.<\/p>\n<p>Em 1996, D\u00edaz-Canel convidou o presidente Fidel Castro para celebrar uma data patri\u00f3tica junto com a popula\u00e7\u00e3o da capital provincial de Villa Clara, em Santa Clara. Fidel disse: &#8220;\u00c9\u00a0que a data est\u00e1 muito pr\u00f3xima, n\u00e3o ser\u00e1 imposs\u00edvel reunir\u00a0em t\u00e3o pouco tempo\u00a0a quantidade de pessoas necess\u00e1ria\u00a0para encher a pra\u00e7a da cidade. D\u00edaz-Canel ent\u00e3o respondeu: \u201cEu me comprometo que esta noite a pra\u00e7a estar\u00e1 cheia\u201d. \u201cE\u00a0encheu\u201d, conta Daisy G\u00f3mez.<\/p>\n<p><strong>Moderniza\u00e7\u00e3o da comunica\u00e7\u00e3o<\/strong><\/p>\n<p>Agora, frente a novas responsabilidades, Miguel D\u00edaz-Canel ter\u00e1 a tarefa de conduzir Cuba em dire\u00e7\u00e3o \u00e0s mudan\u00e7as econ\u00f4micas que provocar\u00e3o forte impacto na sociedade. Ele faz parte de uma nova gera\u00e7\u00e3o de pol\u00edticos, escolhida\u00a0para enfrentar os desafios da modernidade.<\/p>\n<p>Desde 2013, quando foi eleito para o cargo de vice-presidente do Conselho de Estado da Assembleia Nacional, D\u00edaz-Canel recebeu a miss\u00e3o de ser o executor das pol\u00edticas estabelecidas pelo governo de Ra\u00fal Castro para \u00e1rea da comunica\u00e7\u00e3o, que envolvia telefonia, amplia\u00e7\u00e3o do acesso \u00e0 internet, moderniza\u00e7\u00e3o dos canais de televis\u00e3o, informatiza\u00e7\u00e3o e automatiza\u00e7\u00e3o dos processos produtivos.<\/p>\n<p>\u201cComo vice-presidente teve um papel de destaque. Ele coordenou a execu\u00e7\u00e3o do Plano de Informatiza\u00e7\u00e3o do pa\u00eds. Nos \u00faltimos anos, houve um incremento substancial no acesso \u00e0\u00a0internet em Cuba. O que tem gerado qualidade de vida \u00e0 popula\u00e7\u00e3o\u201d, destaca Iroel S\u00e1nchez, escritor e blogueiro no pa\u00eds.<\/p>\n<p>Como vice-presidente ele tamb\u00e9m foi um dos principais defensores da massifica\u00e7\u00e3o do uso da internet pela popula\u00e7\u00e3o cubana. Durante o lan\u00e7amento do Plano de Informatiza\u00e7\u00e3o, em 2015, fez um discurso enf\u00e1tico\u00a0sobre a necessidade de expans\u00e3o da internet na ilha. \u201cA cria\u00e7\u00e3o de uma infraestrutura de internet, de acordo com nossas possibilidades, servir\u00e1 de de base para o desenvolvimento das atividades econ\u00f4micas em todos os n\u00edveis: estatal, das cooperativa e do setor aut\u00f4nomo\u201d.<\/p>\n<p>Tamb\u00e9m defendeu o uso da internet como ferramenta de gera\u00e7\u00e3o de empregos. \u201cA internet tem\u00a0um potencial gerador de servi\u00e7os e de atividade econ\u00f4mica que contribui como fonte de cria\u00e7\u00e3o de empregos, recursos e crescimento econ\u00f4mico\u201d.<\/p>\n<p>O escritor e blogueiro cubano afirma que D\u00edaz-Canel tamb\u00e9m \u00e9 o respons\u00e1vel por impulsionar a moderniza\u00e7\u00e3o dos meios de comunica\u00e7\u00e3o, especialmente os canais de televis\u00e3o. O principal canal de TV cubano,\u00a0<em>Cubavisi\u00f3n<\/em>, entrou na era digital. Foi totalmente remodelado\u00a0e est\u00e1 fazendo a transi\u00e7\u00e3o para o sinal digital. Em tr\u00eas meses o sinal anal\u00f3gico come\u00e7ar\u00e1 a ser desligado e gradualmente ser\u00e1 substitu\u00eddo pelo novo sinal.<\/p>\n<p>Al\u00e9m disso, j\u00e1 existe um debate sobre a cria\u00e7\u00e3o de uma nova pol\u00edtica de comunica\u00e7\u00e3o, que ser\u00e1 estabelecida pelo novo chefe de Estado, de acordo\u00a0com informa\u00e7\u00f5es de Iroel S\u00e1nchez.\u00a0O escritor enfatiza que Cuba \u00e9 submetida h\u00e1 anos a uma guerra\u00a0midi\u00e1tica gigantesca. \u201cO governo dos Estados Unidos gasta em m\u00e9dia 50 milh\u00f5es de d\u00f3lares, ao ano, em propaganda contra Cuba. Falo do or\u00e7amento do Estado, fora o que se faz por outras vias em conjunto com os meios privados. Esse valor est\u00e1 muito acima do or\u00e7amento de todos os meios cubanos juntos\u201d, informa\u00a0Iroel.<\/p>\n<p>Ainda que n\u00e3o tenha a ambi\u00e7\u00e3o de competir com seu vizinho do norte, Cuba tem a necessidade de criar um novo modelo de produ\u00e7\u00e3o e difus\u00e3o de informa\u00e7\u00e3o, de acordo com o escritor. \u201cCuba tem a necessidade elevar a qualidade de sua comunica\u00e7\u00e3o. Uma maneira de se defender \u00e9 tendo bons meios de comunica\u00e7\u00e3o\u201d, ressalta Iroel.<\/p>\n<p>Agora eleito presidente de Cuba,\u00a0Miguel D\u00edaz-Canel, tem\u00a0a\u00a0miss\u00e3o de implementar todas as mudan\u00e7as aprovadas no \u00faltimo congresso do PCC, que conformar\u00e3o o novo modelo de desenvolvimento do socialismo cubano. Ser\u00e1 a continuidade\u00a0da revolu\u00e7\u00e3o, que em janeiro de 2019 completar\u00e1 60 anos.<\/p>\n<p>No entanto, em Cuba n\u00e3o haver\u00e1 mudan\u00e7a brusca, nem guinada de governo, afirmaram todos os entrevistados para o\u00a0<strong>Brasil de Fato<\/strong>. At\u00e9 porque\u00a0Ra\u00fal Castro sai da presid\u00eancia do Conselho do Estado, mas n\u00e3o vai se retirar da pol\u00edtica. Ele continua \u00e0 frente do Partido Comunista, que participa da tomada de decis\u00f5es\u00a0e implementa\u00e7\u00e3o\u00a0do plano de governo. No ano passado, durante o congresso do partido, Ra\u00fal\u00a0foi eleito primeiro secret\u00e1rio do Partido Comunista Cubano para o mandato que termina em 2021. Al\u00e9m disso,\u00a0\u00e9\u00a0o comandante e chefe das For\u00e7as Armadas Revolucion\u00e1rias de Cuba.<\/p>\n<p><strong>Linha do tempo da vida do presidente\u00a0Miguel D\u00edaz-Canel<\/strong><\/p>\n<ul>\n<li>Entre 1975 e 1982:\u00a0Militante e dirigente da Federa\u00e7\u00e3o Estudantil Universit\u00e1ria (FEU).<\/li>\n<li>1982:\u00a0Formou-se em engenharia eletr\u00f4nica\u00a0pela Universidade Central das Villas Marta Abreu.<\/li>\n<li>Entre 1982 e 1993:\u00a0Dirigente da Uni\u00e3o de Jovens Comunistas (UJC).<\/li>\n<li>Entre 1982 e 1985:\u00a0Oficial das For\u00e7as Armadas Revolucion\u00e1rias (FAR) de Cuba.<\/li>\n<li>1994:\u00a0Foi nomeado primeiro-secret\u00e1rio do comit\u00ea provincial do Partido Comunista de Cuba (PCC), de Villa Clara. Nessa \u00e9poca, o cargo representava a m\u00e1xima autoridade pol\u00edtica da prov\u00edncia.<\/li>\n<li>2003:\u00a0Nomeado primeiro-secret\u00e1rio do PCC da prov\u00edncia de Holgu\u00edn e eleito membro do bir\u00f4 pol\u00edtico do comit\u00ea central do PCC.<\/li>\n<li>Entre 2009 e 2013:\u00a0Ministro de Educa\u00e7\u00e3o Superior.<\/li>\n<li>Desde 2013: Primeiro vice-presidente do Conselho de Estado da Assembleia Nacional e do pa\u00eds. Foi o primeiro pol\u00edtico nascido depois do triunfo da Revolu\u00e7\u00e3o Cubana (1959) a ocupar esse cargo.<\/li>\n<li>2018:\u00a0Eleito novo presidente de Cuba, sucessor\u00a0de Ra\u00fal Castro.<\/li>\n<\/ul>\n<p><a href=\"https:\/\/www.facebook.com\/cubadebate\/videos\/10155314436258515\/\" target=\"_blank\" rel=\"noopener\">V\u00eddeo da visita de Fidel Castro na prov\u00edncia de Villa Clara, em 1996, quando D\u00edaz-Canel era primeiro secret\u00e1rio provincial do PCC.&gt;<\/a><\/p>\n<p>Edi\u00e7\u00e3o: Vivian Neves Fernandes<\/p>\n<p>Ilustra\u00e7\u00e3o: O engenheiro Miguel D\u00edaz-Canel destacou-se como dirigente do Partido Comunista, durante os anos de 1990. Foto: Jornal Granma<\/p>\n<p>https:\/\/www.brasildefato.com.br\/2018\/04\/19\/cuba-tem-um-novo-presidente-conheca-miguel-diaz-canel\/<\/p>\n","protected":false},"excerpt":{"rendered":"<a class=\"moretag\" href=\"https:\/\/pcb.org.br\/portal2\/19426\"> <\/a>","protected":false},"author":1,"featured_media":0,"comment_status":"closed","ping_status":"closed","sticky":false,"template":"","format":"standard","meta":{"jetpack_post_was_ever_published":false,"_jetpack_newsletter_access":"","_jetpack_dont_email_post_to_subs":false,"_jetpack_newsletter_tier_id":0,"_jetpack_memberships_contains_paywalled_content":false,"_jetpack_memberships_contains_paid_content":false,"footnotes":"","jetpack_publicize_message":"","jetpack_publicize_feature_enabled":true,"jetpack_social_post_already_shared":true,"jetpack_social_options":{"image_generator_settings":{"template":"highway","default_image_id":0,"font":"","enabled":false},"version":2}},"categories":[48],"tags":[224],"class_list":["post-19426","post","type-post","status-publish","format-standard","hentry","category-c58-cuba","tag-3b"],"jetpack_publicize_connections":[],"jetpack_featured_media_url":"","jetpack_shortlink":"https:\/\/wp.me\/p659gw-53k","jetpack-related-posts":[],"jetpack_likes_enabled":true,"jetpack_sharing_enabled":true,"_links":{"self":[{"href":"https:\/\/pcb.org.br\/portal2\/wp-json\/wp\/v2\/posts\/19426","targetHints":{"allow":["GET"]}}],"collection":[{"href":"https:\/\/pcb.org.br\/portal2\/wp-json\/wp\/v2\/posts"}],"about":[{"href":"https:\/\/pcb.org.br\/portal2\/wp-json\/wp\/v2\/types\/post"}],"author":[{"embeddable":true,"href":"https:\/\/pcb.org.br\/portal2\/wp-json\/wp\/v2\/users\/1"}],"replies":[{"embeddable":true,"href":"https:\/\/pcb.org.br\/portal2\/wp-json\/wp\/v2\/comments?post=19426"}],"version-history":[{"count":0,"href":"https:\/\/pcb.org.br\/portal2\/wp-json\/wp\/v2\/posts\/19426\/revisions"}],"wp:attachment":[{"href":"https:\/\/pcb.org.br\/portal2\/wp-json\/wp\/v2\/media?parent=19426"}],"wp:term":[{"taxonomy":"category","embeddable":true,"href":"https:\/\/pcb.org.br\/portal2\/wp-json\/wp\/v2\/categories?post=19426"},{"taxonomy":"post_tag","embeddable":true,"href":"https:\/\/pcb.org.br\/portal2\/wp-json\/wp\/v2\/tags?post=19426"}],"curies":[{"name":"wp","href":"https:\/\/api.w.org\/{rel}","templated":true}]}}