{"id":1947,"date":"2011-10-09T16:53:39","date_gmt":"2011-10-09T16:53:39","guid":{"rendered":"http:\/\/pcb.org.br\/portal2\/?p=1947"},"modified":"2011-10-09T16:53:39","modified_gmt":"2011-10-09T16:53:39","slug":"livro-de-memorias-de-gregorio-bezerra-e-lancado-na-paraiba","status":"publish","type":"post","link":"https:\/\/pcb.org.br\/portal2\/1947","title":{"rendered":"Livro de Mem\u00f3rias de Greg\u00f3rio Bezerra \u00e9 lan\u00e7ado na Para\u00edba"},"content":{"rendered":"\n<p>Nesta quinta-feira dia 6 de outubro a SEAMPO (Setor de Estudos e Apoio aos Movimentos Populares), do Centro de Ci\u00eancias Humanas, Letras e Artes &#8211; CCHLA\/UFPB, representado pela figura de Francisco Xavier, promoveu, com o apoio da Pr\u00f3-Reitoria de Extens\u00e3o e ADUFPB (Associa\u00e7\u00e3o Docente da UFPB) e do N\u00facleo de Organiza\u00e7\u00e3o do PCB da Para\u00edba, representado pelos companheiros Wladimir e Pablo, o lan\u00e7amento\/debate do livro de Mem\u00f3rias de Greg\u00f3rio Bezerra, editado pela Editora Boitempo. De Pernambuco tamb\u00e9m participaram o camarada An\u00edbal Valen\u00e7a , secret\u00e1rio pol\u00edtico do PCB no Estado, e o companheiro Dionizio Valois.<\/p>\n<p>O debate foi iniciado pela Professora L\u00facia Guerra que destacou a import\u00e2ncia da participa\u00e7\u00e3o dos movimentos sociais junto \u00e0 Universidade, do fortalecimento do processo de extens\u00e3o para que haja maior integra\u00e7\u00e3o com a realidade social. Deve tamb\u00e9m, segundo a Professora L\u00facia Guerra, a Universidade trabalhar a tem\u00e1tica relacionada com o resgate da \u201cmem\u00f3ria e da verdade\u201d, a partir de depoimentos e livros escritos, como esse de Greg\u00f3rio Bezerra que cont\u00e9m um verdadeiro libelo sobre a tortura, dos quais ele foi uma das maiores v\u00edtimas.<\/p>\n<p>O companheiro Alder J\u00falio, que \u00e9 um dos mais destacados militantes das lutas dos trabalhadores da Para\u00edba e que tamb\u00e9m escreveu uma resumida biografia de Greg\u00f3rio Bezerra e que foi publicado pela editora \u201cExpress\u00e3o Popular\u201d, disse que lamentava o que estava ocorrendo atualmente com a CUT (Central \u00danica dos Trabalhadores), que tinha se afastado das lutas dos trabalhadores por conta de sua rela\u00e7\u00e3o estreita com o Estado, por isso \u201cGreg\u00f3rio era um exemplo de revolucion\u00e1rio, porque seu compromisso maior era com a Classe Oper\u00e1ria e camponesa e n\u00e3o com segmentos isolados\u201d.<\/p>\n<p>A professora Maria de Nazar\u00e9 Zenaide colocou que Greg\u00f3rio \u201cnos ensinou a lutar pelo direito de dignidade, pelo direito das pessoas, porque o direito pol\u00edtico de lutar \u00e9 fundamental para transformar a realidade\u201d.<\/p>\n<p>A fala final coube ao camarada militante comunista e que acompanhou Greg\u00f3rio, desde sua volta do ex\u00edlio at\u00e9 seus \u00faltimos anos de vida em Pernambuco, Roberto Arrais, que fez um breve resumo sobre a vida e a trajet\u00f3ria deste \u201cque foi um dos mais destacados revolucion\u00e1rios do s\u00e9culo XX, que teve uma inf\u00e2ncia dolorosa, come\u00e7ando a trabalhar com 4 anos ro\u00e7ando mato, trabalhou na palha da cana e logo depois enfrentou situa\u00e7\u00e3o de fome durante per\u00edodos de seca, foi jornaleiro, mesmo sem saber ler, que s\u00f3 se alfabetizou aos 25 anos, foi preso com 16 anos quando lutava como ajudante de pedreiro pela jornada de 8 horas de trabalho, entrou no PCB em 1930, enfrentou as for\u00e7as fascistas em 1935, de novo foi preso e ficou 10 anos encarcerado, foi anistiado em 1945 e se elegeu deputado constituinte, sendo um destacado parlamentar na hist\u00f3rica \u2018Bancada Comunista\u2019, liderada pelo Senador Luiz Carlos Prestes, em 1946\u201d.<\/p>\n<p>Roberto Arrais lembrou a cassa\u00e7\u00e3o do registro do PCB em 1948 e de todos os seus parlamentares. No centro do Rio de Janeiro, Greg\u00f3rio foi sequestrado e levado para Jo\u00e3o Pessoa onde foi acusado, preso e processado por ter \u201dincendiado o 15\u00ba. RI\u201d, depois foi comprovado que era tudo uma farsa. Veio a clandestinidade durante mais 10 anos e o golpe de 1964, onde foi alvo de uma das mais brutais cenas proporcionadas pela Ditadura Militar\/civil burguesa, sendo barbaramente torturado em pra\u00e7a p\u00fablica no Recife.<\/p>\n<p>Finalizando, disse Roberto Arrais: \u201cGreg\u00f3rio era um comunista convicto, de uma firmeza extraordin\u00e1ria, corajoso, mesmo nas pris\u00f5es, no ex\u00edlio e na clandestinidade. Estava sempre otimista, animando os camaradas para a luta, sempre levando consigo a ternura e a solidariedade com o outro. A esperan\u00e7a vivia intensamente em sua mente e em seu cora\u00e7\u00e3o, tinha o socialismo como sua palavra mais falada em tudo que fazia. Era esse um dos grandes motivos de sua perseveran\u00e7a e felicidade, porque eram o PCB e a revolu\u00e7\u00e3o as maiores raz\u00f5es de sua vida\u201d.<\/p>\n","protected":false},"excerpt":{"rendered":"\n\n\nCr\u00e9dito: PCB\n\n\n\n\n\n\n\n\nPara\u00edba\n<a class=\"moretag\" href=\"https:\/\/pcb.org.br\/portal2\/1947\"> <\/a>","protected":false},"author":1,"featured_media":0,"comment_status":"open","ping_status":"open","sticky":false,"template":"","format":"standard","meta":{"jetpack_post_was_ever_published":false,"_jetpack_newsletter_access":"","_jetpack_dont_email_post_to_subs":false,"_jetpack_newsletter_tier_id":0,"_jetpack_memberships_contains_paywalled_content":false,"_jetpack_memberships_contains_paid_content":false,"footnotes":"","jetpack_publicize_message":"","jetpack_publicize_feature_enabled":true,"jetpack_social_post_already_shared":false,"jetpack_social_options":{"image_generator_settings":{"template":"highway","default_image_id":0,"font":"","enabled":false},"version":2}},"categories":[46],"tags":[],"class_list":["post-1947","post","type-post","status-publish","format-standard","hentry","category-c56-memoria"],"jetpack_publicize_connections":[],"jetpack_featured_media_url":"","jetpack_shortlink":"https:\/\/wp.me\/p659gw-vp","jetpack-related-posts":[],"jetpack_likes_enabled":true,"jetpack_sharing_enabled":true,"_links":{"self":[{"href":"https:\/\/pcb.org.br\/portal2\/wp-json\/wp\/v2\/posts\/1947","targetHints":{"allow":["GET"]}}],"collection":[{"href":"https:\/\/pcb.org.br\/portal2\/wp-json\/wp\/v2\/posts"}],"about":[{"href":"https:\/\/pcb.org.br\/portal2\/wp-json\/wp\/v2\/types\/post"}],"author":[{"embeddable":true,"href":"https:\/\/pcb.org.br\/portal2\/wp-json\/wp\/v2\/users\/1"}],"replies":[{"embeddable":true,"href":"https:\/\/pcb.org.br\/portal2\/wp-json\/wp\/v2\/comments?post=1947"}],"version-history":[{"count":0,"href":"https:\/\/pcb.org.br\/portal2\/wp-json\/wp\/v2\/posts\/1947\/revisions"}],"wp:attachment":[{"href":"https:\/\/pcb.org.br\/portal2\/wp-json\/wp\/v2\/media?parent=1947"}],"wp:term":[{"taxonomy":"category","embeddable":true,"href":"https:\/\/pcb.org.br\/portal2\/wp-json\/wp\/v2\/categories?post=1947"},{"taxonomy":"post_tag","embeddable":true,"href":"https:\/\/pcb.org.br\/portal2\/wp-json\/wp\/v2\/tags?post=1947"}],"curies":[{"name":"wp","href":"https:\/\/api.w.org\/{rel}","templated":true}]}}